{"id":140614,"date":"2023-12-31T17:41:24","date_gmt":"2023-12-31T20:41:24","guid":{"rendered":"https:\/\/senoticias.com.br\/se\/?p=140614"},"modified":"2023-12-31T18:43:22","modified_gmt":"2023-12-31T21:43:22","slug":"tres-pessoas-morrem-e-pelo-menos-14-ficam-feridas-em-desabamento-provocado-por-explosao-em-aracaju","status":"publish","type":"post","link":"https:\/\/senoticias.com.br\/se\/tres-pessoas-morrem-e-pelo-menos-14-ficam-feridas-em-desabamento-provocado-por-explosao-em-aracaju\/","title":{"rendered":"Tr\u00eas pessoas morrem e pelo menos 14 ficam feridas em desabamento provocado por explos\u00e3o em Aracaju"},"content":{"rendered":"\n<p><\/p>\n\n\n\n<p>Tr\u00eas pessoas morreram e pelo menos 14 ficaram feridas em um desabamento provocado por uma explos\u00e3o em uma edifica\u00e7\u00e3o residencial localizada na Avenida Jo\u00e3o Ribeiro, no Bairro Santo Ant\u00f4nio, em Aracaju, por volta das 9h30 deste domingo (31). A informa\u00e7\u00e3o foi confirmada pelo Corpo de Bombeiros.<\/p>\n\n\n\n<figure class=\"wp-block-image size-large\"><img loading=\"lazy\" decoding=\"async\" width=\"583\" height=\"508\" src=\"https:\/\/senoticias.com.br\/se\/wp-content\/uploads\/2023\/12\/DEsabamento-SE-Noticias.jpg\" alt=\"\" class=\"wp-image-140615\" srcset=\"https:\/\/senoticias.com.br\/se\/wp-content\/uploads\/2023\/12\/DEsabamento-SE-Noticias.jpg 583w, https:\/\/senoticias.com.br\/se\/wp-content\/uploads\/2023\/12\/DEsabamento-SE-Noticias-300x261.jpg 300w\" sizes=\"(max-width: 583px) 100vw, 583px\" \/><figcaption>Parte de residencial desabou ap\u00f3s explos\u00e3o em Aracaju \u2014 Foto: Redes Sociais<\/figcaption><\/figure>\n\n\n\n<p>Segundo os Bombeiros, foi apurado de forma preliminar que a explos\u00e3o teria sido provocada pelo vazamento de g\u00e1s de um botij\u00e3o na edifica\u00e7\u00e3o que possui dezenas de apartamentos de aluguel. O local est\u00e1 isolado para atendimento da ocorr\u00eancia. Ainda de acordo com os Bombeiros, a edifica\u00e7\u00e3o n\u00e3o era regularizada pela institui\u00e7\u00e3o.<\/p>\n\n\n\n<p>Os Bombeiros informaram ainda que a propriet\u00e1ria do im\u00f3vel est\u00e1 no local prestando aux\u00edlio aos feridos. O resgate das v\u00edtimas est\u00e1 em andamento e conta com o apoio de c\u00e3es farejadores e equipamentos espec\u00edficos para esse tipo de ocorr\u00eancia.<\/p>\n\n\n\n<p>\u201cEu estava fazendo caf\u00e9 da manh\u00e3 e senti um cheiro de g\u00e1s, achei que fosse meu, olhei e vi que n\u00e3o era, ent\u00e3o voltei a fazer o caf\u00e9 e escutei a explos\u00e3o. Uma irm\u00e3 estava no quarto e as outras na cozinha comigo. Fomos todas para o banheiro que era o local mais seguro e ficamos aguardando. Foi triste\u201d, disse a t\u00e9cnica de enfermagem L\u00facia Maria, que mora no local onde ocorreu a explos\u00e3o.<\/p>\n\n\n\n<p>Equipes do Servi\u00e7o M\u00f3vel de Urg\u00eancia (Samu) foram acionados para atender \u00e0s v\u00edtimas. A Defesa Civil realiza avalia\u00e7\u00e3o estrutural do im\u00f3vel, al\u00e9m do fornecimento de Equipamentos de Prote\u00e7\u00e3o Individual (EPIs) e montagem do abrigo tempor\u00e1rio para suporte \u00e0s equipes que atuam no local.<\/p>\n\n\n\n<p>A Superintend\u00eancia Municipal de Transporte e Tr\u00e2nsito (SMTT) fez o bloqueio do tr\u00e2nsito, realizando o desvio para a rua Gumercindo Bessa e orientando condutores no local.<\/p>\n\n\n\n<p><strong>Boletim do Corpo de Bombeiros<\/strong><br><br>At\u00e9 as 17h deste domingo, o Corpo de Bombeiros havia divulgado os seguintes dados sobre o atendimento \u00e0 ocorr\u00eancia:<\/p>\n\n\n\n<p><strong>3 v\u00edtimas em \u00f3bito;<\/strong><br>1 v\u00edtima em estado grave encaminhada para o HUSE;<br>1 v\u00edtima sob cuidados m\u00e9dicos transportada pelo Samu;<br>12 v\u00edtimas atendidas pelo Samu e liberadas no local;<br>Totalizando, at\u00e9 o momento, 17 v\u00edtimas resgatadas pelas equipes do CBMSE.<\/p>\n\n\n\n<p><strong><em>Acompanhe tamb\u00e9m o SE Not\u00edcias no\u00a0<a rel=\"noreferrer noopener\" href=\"https:\/\/twitter.com\/Senoticias\" target=\"_blank\">Twitter<\/a>,\u00a0<a rel=\"noreferrer noopener\" href=\"https:\/\/www.facebook.com\/senoticias1\" target=\"_blank\">Facebook<\/a>\u00a0e no\u00a0<a rel=\"noreferrer noopener\" href=\"https:\/\/www.instagram.com\/senoticias\/\" target=\"_blank\">Instagram<\/a><\/em><\/strong><\/p>\n\n\n\n<p>Fonte: G1 SE<\/p>\n","protected":false},"excerpt":{"rendered":"<p>Tr\u00eas pessoas morreram e pelo menos 14 ficaram feridas em um desabamento provocado por uma explos\u00e3o em uma edifica\u00e7\u00e3o residencial localizada na Avenida Jo\u00e3o Ribeiro, no Bairro Santo Ant\u00f4nio, em Aracaju, por volta das 9h30 deste domingo (31). A informa\u00e7\u00e3o foi confirmada pelo Corpo de Bombeiros. Segundo os Bombeiros, foi apurado de forma preliminar que [&hellip;]<\/p>\n","protected":false},"author":6557,"featured_media":0,"comment_status":"closed","ping_status":"closed","sticky":false,"template":"","format":"standard","meta":{"footnotes":""},"categories":[15,7],"tags":[539,6937,40845],"class_list":{"0":"post-140614","1":"post","2":"type-post","3":"status-publish","4":"format-standard","6":"category-destaques","7":"category-policia","8":"tag-corpo-de-bombeiros","9":"tag-desabamento","10":"tag-explosao-de-gas-glp"},"_links":{"self":[{"href":"https:\/\/senoticias.com.br\/se\/wp-json\/wp\/v2\/posts\/140614"}],"collection":[{"href":"https:\/\/senoticias.com.br\/se\/wp-json\/wp\/v2\/posts"}],"about":[{"href":"https:\/\/senoticias.com.br\/se\/wp-json\/wp\/v2\/types\/post"}],"author":[{"embeddable":true,"href":"https:\/\/senoticias.com.br\/se\/wp-json\/wp\/v2\/users\/6557"}],"replies":[{"embeddable":true,"href":"https:\/\/senoticias.com.br\/se\/wp-json\/wp\/v2\/comments?post=140614"}],"version-history":[{"count":0,"href":"https:\/\/senoticias.com.br\/se\/wp-json\/wp\/v2\/posts\/140614\/revisions"}],"wp:attachment":[{"href":"https:\/\/senoticias.com.br\/se\/wp-json\/wp\/v2\/media?parent=140614"}],"wp:term":[{"taxonomy":"category","embeddable":true,"href":"https:\/\/senoticias.com.br\/se\/wp-json\/wp\/v2\/categories?post=140614"},{"taxonomy":"post_tag","embeddable":true,"href":"https:\/\/senoticias.com.br\/se\/wp-json\/wp\/v2\/tags?post=140614"}],"curies":[{"name":"wp","href":"https:\/\/api.w.org\/{rel}","templated":true}]}}