{"id":140602,"date":"2023-12-29T12:06:28","date_gmt":"2023-12-29T15:06:28","guid":{"rendered":"https:\/\/senoticias.com.br\/se\/?p=140602"},"modified":"2023-12-29T12:06:34","modified_gmt":"2023-12-29T15:06:34","slug":"policia-militar-reforca-seguranca-de-sergipanos-e-turistas-durante-as-comemoracoes-do-reveillon-2","status":"publish","type":"post","link":"https:\/\/senoticias.com.br\/se\/policia-militar-reforca-seguranca-de-sergipanos-e-turistas-durante-as-comemoracoes-do-reveillon-2\/","title":{"rendered":"Pol\u00edcia Militar refor\u00e7a seguran\u00e7a de sergipanos e turistas durante as comemora\u00e7\u00f5es do R\u00e9veillon"},"content":{"rendered":"\n<p>O comando da Pol\u00edcia Militar de Sergipe se reuniu na manh\u00e3 desta quinta-feira, 28, no Quartel do Comando Geral (QCG), para discutir o planejamento das a\u00e7\u00f5es que visam refor\u00e7ar a seguran\u00e7a de sergipanos e turistas durante as comemora\u00e7\u00f5es de r\u00e9veillon no estado, que, este ano, acontecem nos dias 30 e 31. O esquema envolve Corpo de Bombeiros Militar, Pol\u00edcia Civil, Guarda Municipal, SMTT, Samu, Emsurb, Conselho Tutelar, Vigil\u00e2ncia Sanit\u00e1ria, Seguran\u00e7a Privada e Bombeiro Civil.<\/p>\n\n\n\n<figure class=\"wp-block-image size-large\"><img loading=\"lazy\" decoding=\"async\" width=\"1024\" height=\"682\" src=\"https:\/\/senoticias.com.br\/se\/wp-content\/uploads\/2023\/12\/policia-militar-senoticias-1024x682.jpeg\" alt=\"\" class=\"wp-image-140603\"\/><figcaption>\nO esquema de seguran\u00e7a envolve Corpo de Bombeiros Militar, Pol\u00edcia Civil, Guarda Municipal, SMTT, Samu, Emsurb, Conselho Tutelar, Vigil\u00e2ncia Sanit\u00e1ria, Seguran\u00e7a Privada e Bombeiro Civil<\/figcaption><\/figure>\n\n\n\n<p>Ser\u00e3o empregados aproximadamente 400 policiais militares, distribu\u00eddos em toda a Orla de Atalaia e ruas pr\u00f3ximas, para melhor atender \u00e0s demandas de seguran\u00e7a da popula\u00e7\u00e3o. Os militares estar\u00e3o distribu\u00eddos em nove bases m\u00f3veis e 21 viaturas, sendo uma UTV; al\u00e9m das equipes do Getam, das patrulhas do RPMon e do GTA.<\/p>\n\n\n\n<p>Os trabalhos come\u00e7am na tarde de s\u00e1bado, 30, com as equipes do Batalh\u00e3o de Policiamento de Tr\u00e2nsito (BPTran) orientando o tr\u00e2nsito da capital, em apoio aos agentes da Superintend\u00eancia Municipal de Transporte e Tr\u00e2nsito (SMTT), nos pontos que d\u00e3o acesso \u00e0s festas de final de ano em Aracaju.<\/p>\n\n\n\n<p>A execu\u00e7\u00e3o do planejamento de seguran\u00e7a no evento estar\u00e1 sob o comando da tenente-coronel Andreia, comandante do Batalh\u00e3o de Policiamento Tur\u00edstico (BPTur), para garantir a presen\u00e7a do policiamento ostensivo, contando com as modalidades de policiamento a p\u00e9 e motorizado, com viaturas e motocicletas, bem como empregar\u00e1 a Cavalaria e o Grupamento T\u00e1tico A\u00e9reo (GTA), para refor\u00e7ar o patrulhamento em toda a extens\u00e3o da Orla da Atalaia, inclusive na areia da praia.<\/p>\n\n\n\n<p>De acordo com o comandante-geral da corpora\u00e7\u00e3o, coronel Alexsandro Ribeiro, os policiais militares estar\u00e3o presentes em regime ordin\u00e1rio e extraordin\u00e1rio atuando tamb\u00e9m na preven\u00e7\u00e3o, para garantir a seguran\u00e7a no momento da festa. \u201c\u00c9 importante ressaltar que antes do in\u00edcio da festa, as a\u00e7\u00f5es preventivas ser\u00e3o intensificadas com rondas no entorno dos locais de festa, fazendo uma varredura pelas vias paralelas, estacionamentos e pontos de \u00f4nibus, no intuito de prevenir ocorr\u00eancias no retorno dos cidad\u00e3os \u00e0s suas casas\u201d, ressaltou o comandante.<\/p>\n\n\n\n<p>De acordo com o tenente-coronel Thiago Costa, subcomandante do CPMC e respons\u00e1vel pelo planejamento do evento, a Pol\u00edcia Militar est\u00e1 se esfor\u00e7ando ao m\u00e1ximo para assegurar o sucesso das festividades e a tranquilidade de todos os cidad\u00e3os. \u201cNo planejamento do esquema de seguran\u00e7a da festividade, existe uma preocupa\u00e7\u00e3o em manter o policiamento ordin\u00e1rio, proteger as resid\u00eancias e os estabelecimentos situados nesse per\u00edmetro, al\u00e9m de garantir que todos possam curtir a festa com tranquilidade\u201d, ressaltou o subcomandante do CPMC.<\/p>\n\n\n\n<p>Presen\u00e7as \u2013 estiveram tamb\u00e9m presentes na reuni\u00e3o o Coronel Rollemberg, subcomandante-geral; o coronel George Melo, comandante do Policiamento Militar da Capital; o coronel Wembley, chefe da 2\u00aa Se\u00e7\u00e3o do Estado Maior Geral; tenente-coronel Santos Junior, chefe do Estado Maior do Comando de Policiamento Militar Especializado.<\/p>\n\n\n\n<p><strong><em>Acompanhe tamb\u00e9m o SE Not\u00edcias no\u00a0<a rel=\"noreferrer noopener\" href=\"https:\/\/twitter.com\/Senoticias\" target=\"_blank\">Twitter<\/a>,\u00a0<a rel=\"noreferrer noopener\" href=\"https:\/\/www.facebook.com\/senoticias1\" target=\"_blank\">Facebook<\/a>\u00a0e no\u00a0<a rel=\"noreferrer noopener\" href=\"https:\/\/www.instagram.com\/senoticias\/\" target=\"_blank\">Instagram<\/a><\/em><\/strong><\/p>\n\n\n\n<p>Fonte: Ascom PM\/SE<\/p>\n","protected":false},"excerpt":{"rendered":"<p>O comando da Pol\u00edcia Militar de Sergipe se reuniu na manh\u00e3 desta quinta-feira, 28, no Quartel do Comando Geral (QCG), para discutir o planejamento das a\u00e7\u00f5es que visam refor\u00e7ar a seguran\u00e7a de sergipanos e turistas durante as comemora\u00e7\u00f5es de r\u00e9veillon no estado, que, este ano, acontecem nos dias 30 e 31. O esquema envolve Corpo [&hellip;]<\/p>\n","protected":false},"author":6557,"featured_media":0,"comment_status":"closed","ping_status":"closed","sticky":false,"template":"","format":"standard","meta":{"footnotes":""},"categories":[15,7],"tags":[86,7462],"class_list":{"0":"post-140602","1":"post","2":"type-post","3":"status-publish","4":"format-standard","6":"category-destaques","7":"category-policia","8":"tag-policia-militar","9":"tag-reveillon"},"_links":{"self":[{"href":"https:\/\/senoticias.com.br\/se\/wp-json\/wp\/v2\/posts\/140602"}],"collection":[{"href":"https:\/\/senoticias.com.br\/se\/wp-json\/wp\/v2\/posts"}],"about":[{"href":"https:\/\/senoticias.com.br\/se\/wp-json\/wp\/v2\/types\/post"}],"author":[{"embeddable":true,"href":"https:\/\/senoticias.com.br\/se\/wp-json\/wp\/v2\/users\/6557"}],"replies":[{"embeddable":true,"href":"https:\/\/senoticias.com.br\/se\/wp-json\/wp\/v2\/comments?post=140602"}],"version-history":[{"count":0,"href":"https:\/\/senoticias.com.br\/se\/wp-json\/wp\/v2\/posts\/140602\/revisions"}],"wp:attachment":[{"href":"https:\/\/senoticias.com.br\/se\/wp-json\/wp\/v2\/media?parent=140602"}],"wp:term":[{"taxonomy":"category","embeddable":true,"href":"https:\/\/senoticias.com.br\/se\/wp-json\/wp\/v2\/categories?post=140602"},{"taxonomy":"post_tag","embeddable":true,"href":"https:\/\/senoticias.com.br\/se\/wp-json\/wp\/v2\/tags?post=140602"}],"curies":[{"name":"wp","href":"https:\/\/api.w.org\/{rel}","templated":true}]}}