{"id":140590,"date":"2023-12-28T20:08:11","date_gmt":"2023-12-28T23:08:11","guid":{"rendered":"https:\/\/senoticias.com.br\/se\/?p=140590"},"modified":"2023-12-28T20:12:13","modified_gmt":"2023-12-28T23:12:13","slug":"140590-2","status":"publish","type":"post","link":"https:\/\/senoticias.com.br\/se\/140590-2\/","title":{"rendered":"&#8216;Choquei&#8217; reconhece fake news, lamenta morte e diz que dono prestou depoimento \u00e0 pol\u00edcia"},"content":{"rendered":"\n<p><\/p>\n\n\n\n<p>O perfil Choquei, p\u00e1gina que compartilhava not\u00edcias sobre famosos nas redes sociais, admitiu\u00a0ter replicado um conte\u00fado falso sobre suposto affair entre Jessica Canedo\u00a0e Whindersson Nunes. <strong><a href=\"https:\/\/senoticias.com.br\/se\/whindersson-pede-criacao-de-lei-jessica-vitoria-apos-morte-de-jovem-vitima-de-fake-news\/\">A jovem morreu no dia 22 deste m\u00eas.\u00a0<\/a><\/strong><\/p>\n\n\n\n<p>&#8220;O perfil lamenta a morte e se solidariza com a fam\u00edlia. Informamos aos seguidores que, em sinal de respeito ao tr\u00e1gico acontecimento, as redes da Choquei estavam paralisadas at\u00e9 esse momento&#8221;, come\u00e7a a nota publicada nesta quinta-feira, 28.<\/p>\n\n\n\n<figure class=\"wp-block-image size-large\"><img loading=\"lazy\" decoding=\"async\" width=\"596\" height=\"335\" src=\"https:\/\/senoticias.com.br\/se\/wp-content\/uploads\/2023\/12\/Choquei-SE-Noticias.jpg\" alt=\"\" class=\"wp-image-140591\" srcset=\"https:\/\/senoticias.com.br\/se\/wp-content\/uploads\/2023\/12\/Choquei-SE-Noticias.jpg 596w, https:\/\/senoticias.com.br\/se\/wp-content\/uploads\/2023\/12\/Choquei-SE-Noticias-300x169.jpg 300w\" sizes=\"(max-width: 596px) 100vw, 596px\" \/><figcaption>O fot\u00f3grafo Raphael Sousa, respons\u00e1vel pela p\u00e1gina, teria prestado depoimento \u00e0 Pol\u00edcia Civil de Minas Gerais &#8211; Foto: Reprodu\u00e7\u00e3o\/ Instagram\/ X<\/figcaption><\/figure>\n\n\n\n<p>A p\u00e1gina reconheceu o compartilhamento de not\u00edcia falsa.&nbsp;&#8220;Foram fornecidas provas sobre o fato gerador da not\u00edcia falsa \u2014 publicada originalmente por outro perfil e republicada posteriormente pela Choquei \u2014 e foram disponibilizadas imagens de di\u00e1logos que mostram procedimentos adotados assim que falsidade foi descoberta&#8221;, continua.<\/p>\n\n\n\n<p>Ainda segundo o comunicado, o fot\u00f3grafo Raphael Sousa, respons\u00e1vel pela p\u00e1gina, prestou depoimento \u00e0 Pol\u00edcia Civil de Minas Gerais.&nbsp;<\/p>\n\n\n\n<p>&#8220;A Choquei est\u00e1 \u00e0 disposi\u00e7\u00e3o para contribuir com \u00f3rg\u00e3os de investiga\u00e7\u00e3o, assim como colaborar para o aprimoramento do setor de not\u00edcias online. Reiteramos nossa solidariedade e total apoio \u00e0 fam\u00edlia de J\u00e9ssica Vit\u00f3ria Canedo&#8221;, encerra a nota.<\/p>\n\n\n\n<p><strong>O que aconteceu?<\/strong><\/p>\n\n\n\n<p>J\u00e9ssica Vit\u00f3ria Canedo teve supostas conversas com Whindersson Nunes divulgadas nas redes sociais e&nbsp;morreu no dia 22, aos 22 anos. A informa\u00e7\u00e3o foi confirmada por amigas e pela pr\u00f3pria m\u00e3e da mo\u00e7a.&nbsp;<\/p>\n\n\n\n<p>No perfil de Ines Oliveira, m\u00e3e de J\u00e9ssica, foi publicada uma nota de falecimento. &#8220;\u00c9 com pesar que informamos que nessa manh\u00e3 do dia 22\/12 a J\u00e9ssica n\u00e3o resistiu a depress\u00e3o e tanto \u00f3dio e veio a \u00f3bito. Ser\u00e1 velada&nbsp;hoje e o enterro ser\u00e1 amanh\u00e3&#8221;.<\/p>\n\n\n\n<p>Na semana anterior \u00e0&nbsp;morte, supostas conversas de J\u00e9ssica com o humorista&nbsp;ca\u00edram nas redes. Na \u00e9poca, a mo\u00e7a afirmou que n\u00e3o se tratava de uma conversa real. Com a repercuss\u00e3o da divulga\u00e7\u00e3o dos prints, a mo\u00e7a come\u00e7ou a receber ataques nas redes.<\/p>\n\n\n\n<p>A m\u00e3e de J\u00e9ssica chegou a publicar um v\u00eddeo pedindo&nbsp;que parassem com os ataques, pois a filha estava passando por problemas&nbsp;e sofria de depress\u00e3o. Segundo ela, J\u00e9ssica havia tentado tirar sua vida algumas vezes.<\/p>\n\n\n\n<p>Em \u00faltimo comunicado,&nbsp;J\u00e9ssica chegou a afirmar que era&nbsp;v\u00edtima. Segundo ela, as montagens foram feitas para prejudic\u00e1-la. &#8220;O problema \u00e9 que voc\u00eas est\u00e3o passando completamente dos limites e por algo que eu n\u00e3o fiz. Toda essa palha\u00e7ada envolvendo meu nome e do Whindersson n\u00e3o passa de uma brincadeira muito sem gra\u00e7a. Ficou bem \u00f3bvio que o intuito \u00e9 me ridicularizar, da mesma forma que j\u00e1 tentaram outras vezes&#8221;, lamentou.<\/p>\n\n\n\n<p>Importante:&nbsp;Se voc\u00ea se sente mal e precisa de ajuda, entre em contato com o Centro de Valoriza\u00e7\u00e3o da Vida (CVV), que promove apoio emocional e preven\u00e7\u00e3o ao suic\u00eddio. O telefone do CVV \u00e9 188. Caso presencie um caso de emerg\u00eancia m\u00e9dica, entre em contato com o Corpo de Bombeiros (193) ou com o Samu (192).<\/p>\n\n\n\n<p>Fonte: Portal Terra<\/p>\n","protected":false},"excerpt":{"rendered":"<p>O perfil Choquei, p\u00e1gina que compartilhava not\u00edcias sobre famosos nas redes sociais, admitiu\u00a0ter replicado um conte\u00fado falso sobre suposto affair entre Jessica Canedo\u00a0e Whindersson Nunes. A jovem morreu no dia 22 deste m\u00eas.\u00a0 &#8220;O perfil lamenta a morte e se solidariza com a fam\u00edlia. Informamos aos seguidores que, em sinal de respeito ao tr\u00e1gico acontecimento, [&hellip;]<\/p>\n","protected":false},"author":6557,"featured_media":0,"comment_status":"closed","ping_status":"closed","sticky":false,"template":"","format":"standard","meta":{"footnotes":""},"categories":[15,1,45],"tags":[40811,8882,40838],"class_list":{"0":"post-140590","1":"post","2":"type-post","3":"status-publish","4":"format-standard","6":"category-destaques","7":"category-sem-categoria","8":"category-tecnologia","9":"tag-choquei","10":"tag-fake-news","11":"tag-raphael-sousa"},"_links":{"self":[{"href":"https:\/\/senoticias.com.br\/se\/wp-json\/wp\/v2\/posts\/140590"}],"collection":[{"href":"https:\/\/senoticias.com.br\/se\/wp-json\/wp\/v2\/posts"}],"about":[{"href":"https:\/\/senoticias.com.br\/se\/wp-json\/wp\/v2\/types\/post"}],"author":[{"embeddable":true,"href":"https:\/\/senoticias.com.br\/se\/wp-json\/wp\/v2\/users\/6557"}],"replies":[{"embeddable":true,"href":"https:\/\/senoticias.com.br\/se\/wp-json\/wp\/v2\/comments?post=140590"}],"version-history":[{"count":0,"href":"https:\/\/senoticias.com.br\/se\/wp-json\/wp\/v2\/posts\/140590\/revisions"}],"wp:attachment":[{"href":"https:\/\/senoticias.com.br\/se\/wp-json\/wp\/v2\/media?parent=140590"}],"wp:term":[{"taxonomy":"category","embeddable":true,"href":"https:\/\/senoticias.com.br\/se\/wp-json\/wp\/v2\/categories?post=140590"},{"taxonomy":"post_tag","embeddable":true,"href":"https:\/\/senoticias.com.br\/se\/wp-json\/wp\/v2\/tags?post=140590"}],"curies":[{"name":"wp","href":"https:\/\/api.w.org\/{rel}","templated":true}]}}