{"id":140492,"date":"2023-12-21T07:50:36","date_gmt":"2023-12-21T10:50:36","guid":{"rendered":"https:\/\/senoticias.com.br\/se\/?p=140492"},"modified":"2023-12-21T12:09:57","modified_gmt":"2023-12-21T15:09:57","slug":"joao-ventura-e-a-roda-de-samba-do-clube-se-apresentam-nesta-sexta-feira-22-no-ttb","status":"publish","type":"post","link":"https:\/\/senoticias.com.br\/se\/joao-ventura-e-a-roda-de-samba-do-clube-se-apresentam-nesta-sexta-feira-22-no-ttb\/","title":{"rendered":"Jo\u00e3o Ventura e a Roda de Samba do Clube se apresentam nesta sexta-feira, 22, no TTB"},"content":{"rendered":"\n<p>Os amantes do samba e de uma grande experi\u00eancia musical t\u00eam destino certo nesta sexta-feira, 22. \u00c9 o Samba In Concert \u2013 2\u00ba Ato, uma collab entre o cantor e pianista Jo\u00e3o Ventura e a Roda de Samba do Clube, cujo espet\u00e1culo narra a hist\u00f3ria do ritmo mais popular do Brasil. O evento acontece a partir das 20h, no Teatro Tobias Barreto, e os \u00faltimos ingressos est\u00e3o \u00e0 venda.<\/p>\n\n\n\n<figure class=\"wp-block-image size-large\"><img loading=\"lazy\" decoding=\"async\" width=\"1024\" height=\"683\" src=\"https:\/\/senoticias.com.br\/se\/wp-content\/uploads\/2023\/12\/FGM-6650-2-1024x683.jpg\" alt=\"\" class=\"wp-image-140493\"\/><figcaption> Samba In Concert \u2013 2\u00ba Ato faz uma releitura de cl\u00e1ssicos de diversas gera\u00e7\u00f5es para contar a hist\u00f3ria do ritmo mais popular do Brasil  &#8211; Foto: ascom\/divulga\u00e7\u00e3o<\/figcaption><\/figure>\n\n\n\n<p>Com dire\u00e7\u00e3o musical de Jo\u00e3o Ventura, o espet\u00e1culo traz no repert\u00f3rio a releitura de obras de grandes sambistas, dos cl\u00e1ssicos aos modernos, como Cartola, Adoniran Barbosa, Thiaguinho e P\u00e9ricles. A apresenta\u00e7\u00e3o fica ainda mais especial com a participa\u00e7\u00e3o de outros artistas sergipanos. Nesta edi\u00e7\u00e3o, os convidados s\u00e3o Mayra F\u00e9lix, Jo\u00e3o Falc\u00e3o e China Vieira.<\/p>\n\n\n\n<p>\u201cMayra \u00e9 uma leg\u00edtima representante do samba raiz, China \u00e9 quem tem segurado a bandeira do samba raiz junto ao grupo Quioco Cabriolar e Jo\u00e3o Falc\u00e3o foi revelado nos bares alternativos da cidade\u201d, detalhou Jo\u00e3o Ventura.<\/p>\n\n\n\n<p><strong>O Samba In Concert \u2013<\/strong> 2\u00ba Ato \u00e9 um evento emocionante e genuinamente sambista criado para quem \u00e9 apaixonado pelo ritmo. O espet\u00e1culo mistura samba e m\u00fasica cl\u00e1ssica, levando o p\u00fablico a uma experi\u00eancia inesquec\u00edvel. A realiza\u00e7\u00e3o leva a assinatura do Clube do Samba.<\/p>\n\n\n\n<p><strong>Ingressos<\/strong><\/p>\n\n\n\n<p>Os ingressos s\u00e3o limitados e est\u00e3o \u00e0 venda no site Bilheteria Digital, na bilheteria do Teatro Tobias Barreto e na Houze da B\u00e1zico. Os valores do lote atual s\u00e3o R$ 160 (inteira), R$ 90 (meia solid\u00e1ria com entrega obrigat\u00f3ria de 1kg de alimento n\u00e3o perec\u00edvel) e R$ 80 (meia entrada). Os alimentos arrecadados ser\u00e3o doados para a Creche de Almir do Picol\u00e9. <strong>Mais informa\u00e7\u00f5es est\u00e3o dispon\u00edveis por meio do telefone (79) 99975 1218 (WhatsApp).<\/strong><\/p>\n\n\n\n<p><strong><em>Acompanhe tamb\u00e9m o SE Not\u00edcias no&nbsp;<a rel=\"noreferrer noopener\" href=\"https:\/\/twitter.com\/Senoticias\" target=\"_blank\">Twitter<\/a>,&nbsp;<a rel=\"noreferrer noopener\" href=\"https:\/\/www.facebook.com\/senoticias1\" target=\"_blank\">Facebook<\/a>&nbsp;e no&nbsp;<a rel=\"noreferrer noopener\" href=\"https:\/\/www.instagram.com\/senoticias\/\" target=\"_blank\">Instagram<\/a><\/em><\/strong><\/p>\n\n\n\n<p>Da assessoria de imprensa<\/p>\n","protected":false},"excerpt":{"rendered":"<p>Os amantes do samba e de uma grande experi\u00eancia musical t\u00eam destino certo nesta sexta-feira, 22. \u00c9 o Samba In Concert \u2013 2\u00ba Ato, uma collab entre o cantor e pianista Jo\u00e3o Ventura e a Roda de Samba do Clube, cujo espet\u00e1culo narra a hist\u00f3ria do ritmo mais popular do Brasil. O evento acontece a [&hellip;]<\/p>\n","protected":false},"author":6557,"featured_media":0,"comment_status":"closed","ping_status":"closed","sticky":false,"template":"","format":"standard","meta":{"footnotes":""},"categories":[15,21],"tags":[40617,40799],"class_list":{"0":"post-140492","1":"post","2":"type-post","3":"status-publish","4":"format-standard","6":"category-destaques","7":"category-entretenimento","8":"tag-joao-ventura","9":"tag-roda-de-samba-do-clube"},"_links":{"self":[{"href":"https:\/\/senoticias.com.br\/se\/wp-json\/wp\/v2\/posts\/140492"}],"collection":[{"href":"https:\/\/senoticias.com.br\/se\/wp-json\/wp\/v2\/posts"}],"about":[{"href":"https:\/\/senoticias.com.br\/se\/wp-json\/wp\/v2\/types\/post"}],"author":[{"embeddable":true,"href":"https:\/\/senoticias.com.br\/se\/wp-json\/wp\/v2\/users\/6557"}],"replies":[{"embeddable":true,"href":"https:\/\/senoticias.com.br\/se\/wp-json\/wp\/v2\/comments?post=140492"}],"version-history":[{"count":0,"href":"https:\/\/senoticias.com.br\/se\/wp-json\/wp\/v2\/posts\/140492\/revisions"}],"wp:attachment":[{"href":"https:\/\/senoticias.com.br\/se\/wp-json\/wp\/v2\/media?parent=140492"}],"wp:term":[{"taxonomy":"category","embeddable":true,"href":"https:\/\/senoticias.com.br\/se\/wp-json\/wp\/v2\/categories?post=140492"},{"taxonomy":"post_tag","embeddable":true,"href":"https:\/\/senoticias.com.br\/se\/wp-json\/wp\/v2\/tags?post=140492"}],"curies":[{"name":"wp","href":"https:\/\/api.w.org\/{rel}","templated":true}]}}