{"id":140489,"date":"2023-12-21T06:42:30","date_gmt":"2023-12-21T09:42:30","guid":{"rendered":"https:\/\/senoticias.com.br\/se\/?p=140489"},"modified":"2023-12-21T06:42:33","modified_gmt":"2023-12-21T09:42:33","slug":"o-que-se-sabe-sobre-nova-variante-da-covid-19-monitorada-pela-organizacao-mundial-da-saude","status":"publish","type":"post","link":"https:\/\/senoticias.com.br\/se\/o-que-se-sabe-sobre-nova-variante-da-covid-19-monitorada-pela-organizacao-mundial-da-saude\/","title":{"rendered":"O que se sabe sobre nova variante da covid-19 monitorada pela Organiza\u00e7\u00e3o Mundial da Sa\u00fade"},"content":{"rendered":"\n<p>Uma subvariante da muta\u00e7\u00e3o \u00f4micron do v\u00edrus da covid-19 foi classificada como uma &#8220;variante de interesse&#8221; pela Organiza\u00e7\u00e3o Mundial da Sa\u00fade (OMS), devido \u00e0 &#8220;sua propaga\u00e7\u00e3o rapidamente crescente&#8221;.<\/p>\n\n\n\n<p>A subvariante JN.1 foi encontrada em muitos pa\u00edses ao redor do mundo, incluindo \u00cdndia, China e Estados Unidos.<\/p>\n\n\n\n<figure class=\"wp-block-image size-large\"><img loading=\"lazy\" decoding=\"async\" width=\"581\" height=\"348\" src=\"https:\/\/senoticias.com.br\/se\/wp-content\/uploads\/2023\/12\/Nova-variante-da-Covid-19-SE-Noticias.jpg\" alt=\"\" class=\"wp-image-140491\" srcset=\"https:\/\/senoticias.com.br\/se\/wp-content\/uploads\/2023\/12\/Nova-variante-da-Covid-19-SE-Noticias.jpg 581w, https:\/\/senoticias.com.br\/se\/wp-content\/uploads\/2023\/12\/Nova-variante-da-Covid-19-SE-Noticias-300x180.jpg 300w\" sizes=\"(max-width: 581px) 100vw, 581px\" \/><figcaption>Para prevenir infec\u00e7\u00f5es e doen\u00e7as graves, a OMS aconselha usar m\u00e1scaras em \u00e1reas fechadas e lotadas<br>Foto: Getty Images \/ BBC News Brasil<\/figcaption><\/figure>\n\n\n\n<p>O risco para o p\u00fablico \u00e9 baixo e as vacinas atuais continuam a oferecer prote\u00e7\u00e3o, segundo a OMS.<\/p>\n\n\n\n<p>Mas a not\u00edcia acendeu um alerta de que a covid-19 e outras infec\u00e7\u00f5es possam aumentar no inverno (do hemisf\u00e9rio norte).<\/p>\n\n\n\n<p>V\u00edrus que impactam o sistema respirat\u00f3rio como o da gripe, da pneumonia infantil e o v\u00edrus sincicial respirat\u00f3rio (VSR) tamb\u00e9m est\u00e3o aumentando no hemisf\u00e9rio norte.<\/p>\n\n\n\n<p>O v\u00edrus que causa a covid est\u00e1 em constante mudan\u00e7a ao longo do tempo e, por vezes, isto leva ao desenvolvimento de novas variantes.<\/p>\n\n\n\n<p>A \u00f4micron tem sido a variante dominante no mundo h\u00e1 algum tempo.<\/p>\n\n\n\n<p>A OMS afirma que est\u00e1 monitorando continuamente a propaga\u00e7\u00e3o da subvariante JN.1 da \u00f4micron e vai emitir atualiza\u00e7\u00f5es conforme necess\u00e1rio.<\/p>\n\n\n\n<p>Atualmente, a organiza\u00e7\u00e3o est\u00e1 rastreando uma s\u00e9rie de &#8220;variantes de interesse&#8221; da covid, mas nenhuma \u00e9 considerada preocupante.<\/p>\n\n\n\n<p>Onda de inverno<br>A subvariante JN.1 est\u00e1 se espalhando rapidamente em todas as regi\u00f5es, provavelmente porque ela possui uma muta\u00e7\u00e3o adicional na prote\u00edna spike quando comparada \u00e0 variante BA.2.86 da qual descende.<\/p>\n\n\n\n<p>&#8220;Prev\u00ea-se que esta variante possa causar um aumento nos casos de Sars-Cov-2 [coronav\u00edrus] no meio de um aumento de outras infec\u00e7\u00f5es virais e bacterianas, especialmente em pa\u00edses que entram na \u00e9poca de inverno&#8221;, diz a avalia\u00e7\u00e3o de risco da OMS.<\/p>\n\n\n\n<p>As evid\u00eancias sobre a capacidade da JN.1 de derrotar a imunidade oferecida pelas vacinas s\u00e3o limitadas, afirma a OMS.<\/p>\n\n\n\n<p>N\u00e3o h\u00e1 relatos de pessoas que tenham ficado mais doentes com esta variante do que as anteriores.<\/p>\n\n\n\n<p>Mas s\u00e3o necess\u00e1rios mais estudos, afirma a OMS, uma vez que o n\u00famero de pa\u00edses que comunicam dados sobre pessoas internadas em hospitais com covid-19 diminuiu drasticamente.<\/p>\n\n\n\n<p><strong>Para prevenir infec\u00e7\u00f5es e doen\u00e7as graves, a OMS aconselha:<\/strong><\/p>\n\n\n\n<p>Use m\u00e1scaras em \u00e1reas fechadas e lotadas;<br>cubra a boca quando tossir e espirrar;<br>limpe suas m\u00e3os regularmente;<br>mantenha-se atualizado com as vacinas contra covid e gripe, especialmente se for vulner\u00e1vel;<br>fique em casa se estiver doente;<br>fa\u00e7a o teste se tiver sintomas.<\/p>\n\n\n\n<p><strong><em>Acompanhe tamb\u00e9m o SE Not\u00edcias no\u00a0<a rel=\"noreferrer noopener\" href=\"https:\/\/twitter.com\/Senoticias\" target=\"_blank\">Twitter<\/a>,\u00a0<a rel=\"noreferrer noopener\" href=\"https:\/\/www.facebook.com\/senoticias1\" target=\"_blank\">Facebook<\/a>\u00a0e no\u00a0<a rel=\"noreferrer noopener\" href=\"https:\/\/www.instagram.com\/senoticias\/\" target=\"_blank\">Instagram<\/a><\/em><\/strong><\/p>\n\n\n\n<p>Fonte: Terra<\/p>\n","protected":false},"excerpt":{"rendered":"<p>Uma subvariante da muta\u00e7\u00e3o \u00f4micron do v\u00edrus da covid-19 foi classificada como uma &#8220;variante de interesse&#8221; pela Organiza\u00e7\u00e3o Mundial da Sa\u00fade (OMS), devido \u00e0 &#8220;sua propaga\u00e7\u00e3o rapidamente crescente&#8221;. A subvariante JN.1 foi encontrada em muitos pa\u00edses ao redor do mundo, incluindo \u00cdndia, China e Estados Unidos. O risco para o p\u00fablico \u00e9 baixo e as [&hellip;]<\/p>\n","protected":false},"author":6557,"featured_media":0,"comment_status":"closed","ping_status":"closed","sticky":false,"template":"","format":"standard","meta":{"footnotes":""},"categories":[15,2961],"tags":[40797,2498,40798],"class_list":{"0":"post-140489","1":"post","2":"type-post","3":"status-publish","4":"format-standard","6":"category-destaques","7":"category-nacional","8":"tag-nova-variante-da-covid-19","9":"tag-oms","10":"tag-rganizacao-mundial-da-saude"},"_links":{"self":[{"href":"https:\/\/senoticias.com.br\/se\/wp-json\/wp\/v2\/posts\/140489"}],"collection":[{"href":"https:\/\/senoticias.com.br\/se\/wp-json\/wp\/v2\/posts"}],"about":[{"href":"https:\/\/senoticias.com.br\/se\/wp-json\/wp\/v2\/types\/post"}],"author":[{"embeddable":true,"href":"https:\/\/senoticias.com.br\/se\/wp-json\/wp\/v2\/users\/6557"}],"replies":[{"embeddable":true,"href":"https:\/\/senoticias.com.br\/se\/wp-json\/wp\/v2\/comments?post=140489"}],"version-history":[{"count":0,"href":"https:\/\/senoticias.com.br\/se\/wp-json\/wp\/v2\/posts\/140489\/revisions"}],"wp:attachment":[{"href":"https:\/\/senoticias.com.br\/se\/wp-json\/wp\/v2\/media?parent=140489"}],"wp:term":[{"taxonomy":"category","embeddable":true,"href":"https:\/\/senoticias.com.br\/se\/wp-json\/wp\/v2\/categories?post=140489"},{"taxonomy":"post_tag","embeddable":true,"href":"https:\/\/senoticias.com.br\/se\/wp-json\/wp\/v2\/tags?post=140489"}],"curies":[{"name":"wp","href":"https:\/\/api.w.org\/{rel}","templated":true}]}}