{"id":140460,"date":"2023-12-19T17:39:50","date_gmt":"2023-12-19T20:39:50","guid":{"rendered":"https:\/\/senoticias.com.br\/se\/?p=140460"},"modified":"2023-12-19T17:54:49","modified_gmt":"2023-12-19T20:54:49","slug":"briga-de-transito-termina-com-idoso-morto-em-sao-cristovao","status":"publish","type":"post","link":"https:\/\/senoticias.com.br\/se\/briga-de-transito-termina-com-idoso-morto-em-sao-cristovao\/","title":{"rendered":"Briga de tr\u00e2nsito termina com idoso morto em S\u00e3o Crist\u00f3v\u00e3o"},"content":{"rendered":"\n<p><\/p>\n\n\n\n<p>Um idoso identificado por Jos\u00e9 Afonso dos Santos, de 63 anos, foi morto por volta das 21h da noite de segunda-feira, 18, durante uma briga de tr\u00e2nsito na <strong>Avenida Irineu Neri, no Bairro Apicum, em S\u00e3o Crist\u00f3v\u00e3o, na Grande Aracaju.<\/strong><\/p>\n\n\n\n<p>O <strong>portal SE Not\u00edcias<\/strong> apurou que Jos\u00e9 Afonso dirigia um corsa no sentido Apicum \/ Rita Cacete e um condutor n\u00e3o identificado de uma saveiro tiveram uma leve discuss\u00e3o de tr\u00e2nsito. Na sequ\u00eancia, segundo informa\u00e7\u00f5es colhidas no local, o condutor da <strong>VW saveiro<\/strong>, de cor branca sacou uma arma de fogo, efetuou um disparo e fugiu do local.<\/p>\n\n\n\n<figure class=\"wp-block-image size-large\"><img loading=\"lazy\" decoding=\"async\" width=\"528\" height=\"1023\" src=\"https:\/\/senoticias.com.br\/se\/wp-content\/uploads\/2023\/12\/Afonso-se-noticias.jpg\" alt=\"\" class=\"wp-image-140461\" srcset=\"https:\/\/senoticias.com.br\/se\/wp-content\/uploads\/2023\/12\/Afonso-se-noticias.jpg 528w, https:\/\/senoticias.com.br\/se\/wp-content\/uploads\/2023\/12\/Afonso-se-noticias-155x300.jpg 155w\" sizes=\"(max-width: 528px) 100vw, 528px\" \/><figcaption>Jos\u00e9 Afonso era morador do conjunto Arnaldo Ramos de Moura &#8211; Foto: arquivo pessoal<\/figcaption><\/figure>\n\n\n\n<p>O Servi\u00e7o de Atendimento M\u00f3vel de Urg\u00eancia foi acionado para prestar socorro, mas constatou o \u00f3bito da v\u00edtima. <strong>O corpo foi sepultado no final da tarde desta ter\u00e7a-feira, 19, no povoado Nova Descoberta em Itaporanga D&#8217;Ajuda.<\/strong><\/p>\n\n\n\n<p>O caso ser\u00e1 investigado pelo Departamento de Homic\u00eddios e Prote\u00e7\u00e3o \u00e0 Pessoa (DHPP) da Pol\u00edcia Civil de Sergipe.<\/p>\n\n\n\n<p><strong><em>Acompanhe tamb\u00e9m o SE Not\u00edcias no\u00a0<a rel=\"noreferrer noopener\" href=\"https:\/\/twitter.com\/Senoticias\" target=\"_blank\">Twitter<\/a>,\u00a0<a rel=\"noreferrer noopener\" href=\"https:\/\/www.facebook.com\/senoticias1\" target=\"_blank\">Facebook<\/a>\u00a0e no\u00a0<a rel=\"noreferrer noopener\" href=\"https:\/\/www.instagram.com\/senoticias\/\" target=\"_blank\">Instagram<\/a><\/em><\/strong><\/p>\n\n\n\n<p>Reda\u00e7\u00e3o SE Not\u00edcias<\/p>\n\n\n\n<p><\/p>\n\n\n\n<p><\/p>\n","protected":false},"excerpt":{"rendered":"<p>Um idoso identificado por Jos\u00e9 Afonso dos Santos, de 63 anos, foi morto por volta das 21h da noite de segunda-feira, 18, durante uma briga de tr\u00e2nsito na Avenida Irineu Neri, no Bairro Apicum, em S\u00e3o Crist\u00f3v\u00e3o, na Grande Aracaju. O portal SE Not\u00edcias apurou que Jos\u00e9 Afonso dirigia um corsa no sentido Apicum \/ [&hellip;]<\/p>\n","protected":false},"author":6557,"featured_media":0,"comment_status":"closed","ping_status":"closed","sticky":false,"template":"","format":"standard","meta":{"footnotes":""},"categories":[15,7],"tags":[40786,5318,11226],"class_list":{"0":"post-140460","1":"post","2":"type-post","3":"status-publish","4":"format-standard","6":"category-destaques","7":"category-policia","8":"tag-briga-de-transito","9":"tag-violencia-em-sao-cristovao","10":"tag-violencia-no-transito"},"_links":{"self":[{"href":"https:\/\/senoticias.com.br\/se\/wp-json\/wp\/v2\/posts\/140460"}],"collection":[{"href":"https:\/\/senoticias.com.br\/se\/wp-json\/wp\/v2\/posts"}],"about":[{"href":"https:\/\/senoticias.com.br\/se\/wp-json\/wp\/v2\/types\/post"}],"author":[{"embeddable":true,"href":"https:\/\/senoticias.com.br\/se\/wp-json\/wp\/v2\/users\/6557"}],"replies":[{"embeddable":true,"href":"https:\/\/senoticias.com.br\/se\/wp-json\/wp\/v2\/comments?post=140460"}],"version-history":[{"count":0,"href":"https:\/\/senoticias.com.br\/se\/wp-json\/wp\/v2\/posts\/140460\/revisions"}],"wp:attachment":[{"href":"https:\/\/senoticias.com.br\/se\/wp-json\/wp\/v2\/media?parent=140460"}],"wp:term":[{"taxonomy":"category","embeddable":true,"href":"https:\/\/senoticias.com.br\/se\/wp-json\/wp\/v2\/categories?post=140460"},{"taxonomy":"post_tag","embeddable":true,"href":"https:\/\/senoticias.com.br\/se\/wp-json\/wp\/v2\/tags?post=140460"}],"curies":[{"name":"wp","href":"https:\/\/api.w.org\/{rel}","templated":true}]}}