{"id":140455,"date":"2023-12-19T16:29:19","date_gmt":"2023-12-19T19:29:19","guid":{"rendered":"https:\/\/senoticias.com.br\/se\/?p=140455"},"modified":"2023-12-19T18:06:08","modified_gmt":"2023-12-19T21:06:08","slug":"140455-2","status":"publish","type":"post","link":"https:\/\/senoticias.com.br\/se\/140455-2\/","title":{"rendered":"Frente Sergipana em Defesa da DESO P\u00fablica \u00e9 lan\u00e7ada com Manifesto contra a privatiza\u00e7\u00e3o"},"content":{"rendered":"\n<p><\/p>\n\n\n\n<p>Com o objetivo de agregar as for\u00e7as pol\u00edticas, os movimentos social, sindical e popular e todos aqueles que apoiam a luta contra o projeto de privatiza\u00e7\u00e3o da \u00e1gua e do saneamento b\u00e1sico em Sergipe, foi lan\u00e7ada, na manh\u00e3 desta ter\u00e7a-feira, 19, na sede do SINDISAN, a Frente Sergipana em Defesa da DESO P\u00fablica.<\/p>\n\n\n\n<p>No evento, constru\u00eddo de forma coletiva com o apoio do deputado federal Jo\u00e3o Daniel (PT), tamb\u00e9m foi lan\u00e7ado o Manifesto em Defesa da DESO P\u00fablica e Contra a Privatiza\u00e7\u00e3o, bem como foram apresentados dados que comprovam que o modelo de privatiza\u00e7\u00e3o defendido pelo Governo do Estado, de concess\u00e3o parcial \u00e0 iniciativa privada dos servi\u00e7os de abastecimento de \u00e1gua e de coleta e tratamento dos esgotos, \u00e9 economicamente invi\u00e1vel e levar\u00e1 a DESO de empresa superavit\u00e1ria a deficit\u00e1ria em pouco tempo.<\/p>\n\n\n\n<p>Al\u00e9m do parlamentar petista, o evento contou com <strong>as presen\u00e7as e os apoios dos deputados estaduais Georgeo Passos (Cidadania), Marcos Oliveira (PL), Paulo J\u00fanior (PV), Linda Brasil (Psol) e Chico do Correio (PT); dos vereadores de Aracaju Ricardo Vasconcelos (Rede) e Camilo Daniel (PT), al\u00e9m dos vereadores Marcus L\u00e1zaro (PT), de S\u00e3o Crist\u00f3v\u00e3o, e Jailson Pereira (Solidariedade), da Barra dos Coqueiros<\/strong>; al\u00e9m de v\u00e1rias lideran\u00e7as sindicais, socais e populares.<\/p>\n\n\n\n<figure class=\"wp-block-image size-large\"><img loading=\"lazy\" decoding=\"async\" width=\"589\" height=\"442\" src=\"https:\/\/senoticias.com.br\/se\/wp-content\/uploads\/2023\/12\/Deso-ato-se-noticias.jpeg\" alt=\"\" class=\"wp-image-140458\" srcset=\"https:\/\/senoticias.com.br\/se\/wp-content\/uploads\/2023\/12\/Deso-ato-se-noticias.jpeg 589w, https:\/\/senoticias.com.br\/se\/wp-content\/uploads\/2023\/12\/Deso-ato-se-noticias-300x225.jpeg 300w, https:\/\/senoticias.com.br\/se\/wp-content\/uploads\/2023\/12\/Deso-ato-se-noticias-45x35.jpeg 45w\" sizes=\"(max-width: 589px) 100vw, 589px\" \/><figcaption>Deputado Paulo J\u00fanior participou da Frente Sergipana em Defesa da DESO P\u00fablica &#8211; Foto: ascom\/divulga\u00e7\u00e3o<\/figcaption><\/figure>\n\n\n\n<p>Para o presidente do SINDISAN, Silvio S\u00e1, o objetivo de fortalecer a luta em defesa da DESO p\u00fablica e contra o projeto do governo Mitidieri de privatiza\u00e7\u00e3o da \u00e1gua e do saneamento de Sergipe foi alcan\u00e7ado.<\/p>\n\n\n\n<p>\u201cDa mesma maneira que o governo vem dando celeridade ao processo de privatiza\u00e7\u00e3o da DESO, o SINDISAN vem fazendo um enfrentamento constante, em conjunto com v\u00e1rios parlamentares federais, estaduais e municipais que t\u00eam apoiado a nossa luta. Hoje lan\u00e7amos essa importante Frente, assim como o Manifesto, que ser\u00e1 subscritos por diversas lideran\u00e7as e pela popula\u00e7\u00e3o que \u00e9 contra a privatiza\u00e7\u00e3o da DESO, e tamb\u00e9m apresentamos dados para desconstruir as fal\u00e1cias que o governador vem jogando na imprensa sobre a empresa\u201d, afirmou Silvio S\u00e1.<\/p>\n\n\n\n<p>\u201cAgradecemos a todos e todas, aos pol\u00edticos, trabalhadores, lideran\u00e7as sindicais e populares que vieram manifestar o seu apoio \u00e0 DESO p\u00fablica e fortalecer a nossa luta contra a privatiza\u00e7\u00e3o da \u00e1gua dos sergipanos. Estamos muito felizes com o sucesso desse evento. A miss\u00e3o foi cumprida\u201d, destacou.<\/p>\n\n\n\n<p><strong>Fortalecimento da luta<\/strong><\/p>\n\n\n\n<p>O deputado Jo\u00e3o Daniel, presidente do PT de Sergipe e da Federa\u00e7\u00e3o formada por PT, PV e PCdoB, expressou sua satisfa\u00e7\u00e3o pelas presen\u00e7as importantes n\u00e3o s\u00f3 de parlamentares, mas de v\u00e1rias representa\u00e7\u00f5es dos movimentos social, sindical, popular e do campo, que fortalecem a luta em defesa da DESO e contra a privatiza\u00e7\u00e3o da \u00e1gua dos sergipanos.<\/p>\n\n\n\n<p>\u201cDiante da pressa do governador de entregar o maior patrim\u00f4nio do estado de Sergipe e do povo sergipano, a DESO, e junto com ela o direito \u00e0 \u00e1gua e ao saneamento, hoje foi um dia importante, onde formamos essa grande frente do movimento social, popular, sindical e parlamentar em defesa da \u00e1gua, do saneamento e da vida. O SINDISAN e os trabalhadores da DESO est\u00e3o enfrentando uma grande luta contra a privatiza\u00e7\u00e3o e \u00e9 importante que essa luta seja incorporada por toda a popula\u00e7\u00e3o e pelos setores democr\u00e1ticos do estado de Sergipe\u201d, enfatizou o parlamentar petista.<\/p>\n\n\n\n<p><strong>Equ\u00edvocos da privatiza\u00e7\u00e3o<\/strong><\/p>\n\n\n\n<p>O secret\u00e1rio-geral do SINDISAN, A\u00e9cio Ferreira, foi respons\u00e1vel pela apresenta\u00e7\u00e3o dos dados que apontam os equ\u00edvocos do processo de concess\u00e3o da DESO \u00e0 iniciativa privada, como pretende o governador F\u00e1bio Mitidieiri, na qual a empresa estatal fica respons\u00e1vel pela capta\u00e7\u00e3o e tratamento da \u00e1gua e o setor privado pelo abastecimento de \u00e1gua, esgotamento sanit\u00e1rio e a comercializa\u00e7\u00e3o.<\/p>\n\n\n\n<p>O dirigente sindical apresentou dados do estudo cr\u00edtico encomendado pelo governo e realizados pela Funda\u00e7\u00e3o Instituto de Administra\u00e7\u00e3o (FIA), ligada \u00e0 Universidade de S\u00e3o Paulo (USP), onde se apresenta o Pre\u00e7o Unit\u00e1rio (PU) de R$ 2,05 para a cobran\u00e7a do metro c\u00fabico da \u00e1gua tratada, a fimd e atender os interesses do mercado, mas que este valor \u00e9 totalmente invi\u00e1vel economicamente.<\/p>\n\n\n\n<p>\u201cO estudo do BNDES para a privatiza\u00e7\u00e3o mostra que a produ\u00e7\u00e3o anual de \u00e1gua tratada pela DESO s\u00e3o de 150 milh\u00f5es de metros c\u00fabicos por ano. Sendo assim, o PU de R$ 2,05 representar\u00e1 para a receita da DESO algo em torno de R$ 25,6 milh\u00f5es mensal. Mas de acordo com o Resultado do Exerc\u00edcio do ano de 2022, as despesas da DESO s\u00f3 com pessoal, energia e produtos qu\u00edmicos, sem contabilizar outros custos existentes, somam cerca de R$ 29,1 milh\u00f5es por m\u00eas. Ou seja, a conta n\u00e3o fecha e a DESO passaria de empresa com super\u00e1vit de R$ 40 milh\u00f5es para uma empresa com d\u00e9ficit de cerca de R$ 4,5 milh\u00f5es\u201d, alertou o sindicalista.<\/p>\n\n\n\n<p>E para piorar o quadro, o Relat\u00f3rio do Conselho de Administra\u00e7\u00e3o da DESO do ano de 2022 aponta que, na verdade, a produ\u00e7\u00e3o efetiva de \u00e1gua tratada foi de 79,2 milh\u00f5es de metros c\u00fabicos ao ano. Considerando sobre esse volume o PU de R$ 2,05, a DESO teria uma receita efetiva mensal de R$ 13,5 milh\u00f5es.<\/p>\n\n\n\n<p>\u201cComo demonstra o estudo da FIA, o governo, com a concess\u00e3o parcial da DESO, quer passar para o setor privado uma empresa superavit\u00e1ria, que teve lucro no ano de 2022 de R$ 40 milh\u00f5es, e ficar com a parte de capta\u00e7\u00e3o e tratamento de \u00e1gua deficit\u00e1rios, que far\u00e1 com que o Estado precise injetar R$ 200 milh\u00f5es por ano na DESO para poder atingir o equil\u00edbrio econ\u00f4mico-financeiro. Ou seja, n\u00e3o precisa ser nenhum g\u00eanio da matem\u00e1tica para saber que esse modelo de concess\u00e3o \u00e9 invi\u00e1vel para o futuro da Companhia e para o Estado de Sergipe\u201d, afirmou, apontando, ainda, que a DESO tem quase R$ 1,1 bilh\u00e3o em pagar, de empr\u00e9stimos tomados junto a bancos, Plano de Demiss\u00e3o Volunt\u00e1ria, investimentos na expans\u00e3o do sistema e passivos de a\u00e7\u00f5es judiciais, a serem pagos a curto e m\u00e9dio prazos, o que s\u00f3 agravaria a situa\u00e7\u00e3o.<\/p>\n\n\n\n<p><strong><em>Acompanhe tamb\u00e9m o SE Not\u00edcias no&nbsp;<a rel=\"noreferrer noopener\" href=\"https:\/\/twitter.com\/Senoticias\" target=\"_blank\">Twitter<\/a>,&nbsp;<a rel=\"noreferrer noopener\" href=\"https:\/\/www.facebook.com\/senoticias1\" target=\"_blank\">Facebook<\/a>&nbsp;e no&nbsp;<a rel=\"noreferrer noopener\" href=\"https:\/\/www.instagram.com\/senoticias\/\" target=\"_blank\">Instagram<\/a><\/em><\/strong><\/p>\n\n\n\n<p>Fonte: Sindisan<\/p>\n","protected":false},"excerpt":{"rendered":"<p>Com o objetivo de agregar as for\u00e7as pol\u00edticas, os movimentos social, sindical e popular e todos aqueles que apoiam a luta contra o projeto de privatiza\u00e7\u00e3o da \u00e1gua e do saneamento b\u00e1sico em Sergipe, foi lan\u00e7ada, na manh\u00e3 desta ter\u00e7a-feira, 19, na sede do SINDISAN, a Frente Sergipana em Defesa da DESO P\u00fablica. No evento, [&hellip;]<\/p>\n","protected":false},"author":6557,"featured_media":0,"comment_status":"closed","ping_status":"closed","sticky":false,"template":"","format":"standard","meta":{"footnotes":""},"categories":[15,6],"tags":[208,40784,40785],"class_list":{"0":"post-140455","1":"post","2":"type-post","3":"status-publish","4":"format-standard","6":"category-destaques","7":"category-politica","8":"tag-deso","9":"tag-frente-sergipana","10":"tag-frente-sergipana-em-defesa-da-deso-publica"},"_links":{"self":[{"href":"https:\/\/senoticias.com.br\/se\/wp-json\/wp\/v2\/posts\/140455"}],"collection":[{"href":"https:\/\/senoticias.com.br\/se\/wp-json\/wp\/v2\/posts"}],"about":[{"href":"https:\/\/senoticias.com.br\/se\/wp-json\/wp\/v2\/types\/post"}],"author":[{"embeddable":true,"href":"https:\/\/senoticias.com.br\/se\/wp-json\/wp\/v2\/users\/6557"}],"replies":[{"embeddable":true,"href":"https:\/\/senoticias.com.br\/se\/wp-json\/wp\/v2\/comments?post=140455"}],"version-history":[{"count":0,"href":"https:\/\/senoticias.com.br\/se\/wp-json\/wp\/v2\/posts\/140455\/revisions"}],"wp:attachment":[{"href":"https:\/\/senoticias.com.br\/se\/wp-json\/wp\/v2\/media?parent=140455"}],"wp:term":[{"taxonomy":"category","embeddable":true,"href":"https:\/\/senoticias.com.br\/se\/wp-json\/wp\/v2\/categories?post=140455"},{"taxonomy":"post_tag","embeddable":true,"href":"https:\/\/senoticias.com.br\/se\/wp-json\/wp\/v2\/tags?post=140455"}],"curies":[{"name":"wp","href":"https:\/\/api.w.org\/{rel}","templated":true}]}}