{"id":140453,"date":"2023-12-19T12:48:10","date_gmt":"2023-12-19T15:48:10","guid":{"rendered":"https:\/\/senoticias.com.br\/se\/?p=140453"},"modified":"2023-12-19T12:54:37","modified_gmt":"2023-12-19T15:54:37","slug":"linda-brasil-e-anunciada-proxima-lider-da-oposicao-da-alese-a-partir-de-fevereiro","status":"publish","type":"post","link":"https:\/\/senoticias.com.br\/se\/linda-brasil-e-anunciada-proxima-lider-da-oposicao-da-alese-a-partir-de-fevereiro\/","title":{"rendered":"Linda Brasil \u00e9 anunciada pr\u00f3xima l\u00edder da oposi\u00e7\u00e3o da Alese a partir de fevereiro"},"content":{"rendered":"\n<p><\/p>\n\n\n\n<p>Em clima de encerramento das atividades parlamentares em 2023, a sess\u00e3o plen\u00e1ria da Assembleia Legislativa de Sergipe (Alese) foi marcada por discursos de balan\u00e7os e perspectivas para o pr\u00f3ximo ano, que se aproxima. Na ocasi\u00e3o, a deputada estadual Linda Brasil (Psol), \u00fanica mulher e parlamentar de esquerda na oposi\u00e7\u00e3o, foi anunciada como nova l\u00edder da oposi\u00e7\u00e3o, a partir do m\u00eas de fevereiro, quando retornam os trabalhos no parlamento sergipano.<\/p>\n\n\n\n<figure class=\"wp-block-image size-large\"><img loading=\"lazy\" decoding=\"async\" width=\"552\" height=\"493\" src=\"https:\/\/senoticias.com.br\/se\/wp-content\/uploads\/2023\/12\/Linda-Brasil-SE-Noticias.jpg\" alt=\"\" class=\"wp-image-140454\" srcset=\"https:\/\/senoticias.com.br\/se\/wp-content\/uploads\/2023\/12\/Linda-Brasil-SE-Noticias.jpg 552w, https:\/\/senoticias.com.br\/se\/wp-content\/uploads\/2023\/12\/Linda-Brasil-SE-Noticias-300x268.jpg 300w\" sizes=\"(max-width: 552px) 100vw, 552px\" \/><figcaption>Linda Brasil ser\u00e1 a lider da oposi\u00e7\u00e3o da Alese a partir de fevereiro &#8211; Foto: ascom\/divulga\u00e7\u00e3o<\/figcaption><\/figure>\n\n\n\n<p>O an\u00fancio foi feito pelo deputado Georgeo Passos (Cidadania), atual l\u00edder da oposi\u00e7\u00e3o. \u201cCumprindo um acordo feito entre todos os membros da oposi\u00e7\u00e3o, a deputada Linda assume essa miss\u00e3o a partir de fevereiro do ano que vem. Acho muito importante que todos tenham a oportunidade de encarar esse desafio. Desejo muito sucesso e tenho certeza que a deputada far\u00e1 um belo trabalho\u201d, disse Georgeo.<\/p>\n\n\n\n<p>Em aparte, a deputada Linda Brasil falou sobre o desafio e refor\u00e7ou que a uni\u00e3o da oposi\u00e7\u00e3o, apesar do n\u00famero reduzido, fez a diferen\u00e7a nas lutas travadas na Casa Legislativa. \u201cEstou muito feliz em poder assumir essa miss\u00e3o a partir do ano que vem. Esse \u00e9 um verdadeiro gesto de compromisso com aquilo que acordamos, defendemos e uma verdadeira demonstra\u00e7\u00e3o de respeito ao trabalho de cada uma e um aqui. Espero que estejamos sempre em uni\u00e3o, como foi este ano, para continuarmos denunciando as perversidades desse Governo que vem maltratando o povo, desrespeitando a classe trabalhadora, entregando os servi\u00e7os p\u00fablicos \u00e0 iniciativa privada, ceifando o processo democr\u00e1tico do di\u00e1logo e impondo o seu projeto perigoso de Governo\u201d, agradeceu Linda.<\/p>\n\n\n\n<p><strong>Comiss\u00e3o de Direitos Humanos<\/strong><\/p>\n\n\n\n<p>A perspectiva, tamb\u00e9m, \u00e9 que a deputada Linda Brasil assuma a presid\u00eancia da Comiss\u00e3o de Direitos Humanos no pr\u00f3ximo ano. \u201cAtualmente, sou vice-presidenta da Comiss\u00e3o. Mas a partir de di\u00e1logo, estamos refor\u00e7ando o meu desejo de presidir a Comiss\u00e3o. Precisamos que essa Comiss\u00e3o seja mais efetiva, tenha mais di\u00e1logo sobre as diversas viola\u00e7\u00f5es de direitos humanos que as sergipanas e sergipanos enfrentam. \u00c9 urgente que sejam convocadas audi\u00eancias p\u00fablicas, reuni\u00f5es mais frequentes e que esse instrumento importante cumpra com seu verdadeiro objetivo. Estamos dialogando e construindo a possibilidade de assumir a presid\u00eancia dessa Comiss\u00e3o da Alese\u201d, destacou Linda.<\/p>\n\n\n\n<p><strong><em>Acompanhe tamb\u00e9m o SE Not\u00edcias no\u00a0<a rel=\"noreferrer noopener\" href=\"https:\/\/twitter.com\/Senoticias\" target=\"_blank\">Twitter<\/a>,\u00a0<a rel=\"noreferrer noopener\" href=\"https:\/\/www.facebook.com\/senoticias1\" target=\"_blank\">Facebook<\/a>\u00a0e no\u00a0<a rel=\"noreferrer noopener\" href=\"https:\/\/www.instagram.com\/senoticias\/\" target=\"_blank\">Instagram<\/a><\/em><\/strong><\/p>\n\n\n\n<p>Fonte:<strong>  assessoria de imprensa<\/strong><\/p>\n","protected":false},"excerpt":{"rendered":"<p>Em clima de encerramento das atividades parlamentares em 2023, a sess\u00e3o plen\u00e1ria da Assembleia Legislativa de Sergipe (Alese) foi marcada por discursos de balan\u00e7os e perspectivas para o pr\u00f3ximo ano, que se aproxima. Na ocasi\u00e3o, a deputada estadual Linda Brasil (Psol), \u00fanica mulher e parlamentar de esquerda na oposi\u00e7\u00e3o, foi anunciada como nova l\u00edder da [&hellip;]<\/p>\n","protected":false},"author":6557,"featured_media":0,"comment_status":"closed","ping_status":"closed","sticky":false,"template":"","format":"standard","meta":{"footnotes":""},"categories":[15,6],"tags":[17066,40783,37366],"class_list":{"0":"post-140453","1":"post","2":"type-post","3":"status-publish","4":"format-standard","6":"category-destaques","7":"category-politica","8":"tag-deputado-georgeo-passos","9":"tag-lider-da-oposicao","10":"tag-linda-brasil"},"_links":{"self":[{"href":"https:\/\/senoticias.com.br\/se\/wp-json\/wp\/v2\/posts\/140453"}],"collection":[{"href":"https:\/\/senoticias.com.br\/se\/wp-json\/wp\/v2\/posts"}],"about":[{"href":"https:\/\/senoticias.com.br\/se\/wp-json\/wp\/v2\/types\/post"}],"author":[{"embeddable":true,"href":"https:\/\/senoticias.com.br\/se\/wp-json\/wp\/v2\/users\/6557"}],"replies":[{"embeddable":true,"href":"https:\/\/senoticias.com.br\/se\/wp-json\/wp\/v2\/comments?post=140453"}],"version-history":[{"count":0,"href":"https:\/\/senoticias.com.br\/se\/wp-json\/wp\/v2\/posts\/140453\/revisions"}],"wp:attachment":[{"href":"https:\/\/senoticias.com.br\/se\/wp-json\/wp\/v2\/media?parent=140453"}],"wp:term":[{"taxonomy":"category","embeddable":true,"href":"https:\/\/senoticias.com.br\/se\/wp-json\/wp\/v2\/categories?post=140453"},{"taxonomy":"post_tag","embeddable":true,"href":"https:\/\/senoticias.com.br\/se\/wp-json\/wp\/v2\/tags?post=140453"}],"curies":[{"name":"wp","href":"https:\/\/api.w.org\/{rel}","templated":true}]}}