{"id":140447,"date":"2023-12-19T09:44:33","date_gmt":"2023-12-19T12:44:33","guid":{"rendered":"https:\/\/senoticias.com.br\/se\/?p=140447"},"modified":"2023-12-19T09:45:19","modified_gmt":"2023-12-19T12:45:19","slug":"governador-anuncia-chamamento-para-concurso-durante-entrevista","status":"publish","type":"post","link":"https:\/\/senoticias.com.br\/se\/governador-anuncia-chamamento-para-concurso-durante-entrevista\/","title":{"rendered":"Governador anuncia chamamento para concurso durante entrevista"},"content":{"rendered":"\n<p>Em entrevista concedida na noite desta segunda-feira, 18, ao Portal Itnet, na cidade de Itabaiana, agreste sergipano, o governador F\u00e1bio Mitidieri fez um balan\u00e7o das a\u00e7\u00f5es de seu primeiro ano de mandato. O chefe do Executivo estadual relembrou os esfor\u00e7os que t\u00eam sido feitos na gera\u00e7\u00e3o de emprego, no combate \u00e0 fome por meio de programas como Cart\u00e3o Mais Inclus\u00e3o (CMais) e Prato do Povo, e anunciou chamamento de aprovados no concurso do Banese e refor\u00e7ou a convoca\u00e7\u00e3o para o da Emdagro, como divulgado em novembro.<\/p>\n\n\n\n<figure class=\"wp-block-image size-large\"><img loading=\"lazy\" decoding=\"async\" width=\"1024\" height=\"568\" src=\"https:\/\/senoticias.com.br\/se\/wp-content\/uploads\/2023\/12\/fabio-mitidieri-senoticias-1024x568.jpeg\" alt=\"\" class=\"wp-image-140448\"\/><figcaption>\nEntre os destaques evidenciados est\u00e3o o projeto de governo itinerante \u2018Sergipe \u00e9 aqui\u2019, as pol\u00edticas p\u00fablicas de gera\u00e7\u00e3o de emprego e renda e o investimento no turismo como forma de aquecer a economia do estado<\/figcaption><\/figure>\n\n\n\n<p>Na \u00e1rea de turismo, Mitidieri pontuou investimentos em feiras e trades pelo pa\u00eds, a fim de divulgar Sergipe, e a execu\u00e7\u00e3o de projetos como o \u2018Sergipe \u00e9 o pa\u00eds do forr\u00f3\u2019, que contou com 60 dias de festejos juninos, com atra\u00e7\u00f5es locais e nacionais em palcos montados por todo o estado, al\u00e9m da realiza\u00e7\u00e3o do \u2018Ver\u00e3o Sergipe\u2019, previsto para janeiro pr\u00f3ximo, que objetiva lan\u00e7ar luz em munic\u00edpios como Pacatuba, de grande potencial tur\u00edstico, e movimentar o interior do estado.<\/p>\n\n\n\n<p>Quanto \u00e0s pol\u00edticas p\u00fablicas de maior engajamento, o governador mencionou, entre outras, o \u2018Ser Crian\u00e7a\u2019, que contempla a primeira inf\u00e2ncia, de zero a seis anos de idade, al\u00e9m da assist\u00eancia \u00e0s m\u00e3es em situa\u00e7\u00e3o de vulnerabilidade, como tamb\u00e9m, o programa \u2018Primeiro Emprego\u2019, cuja proposta \u00e9 preparar para o mercado de trabalho jovens sem experi\u00eancia confirmada na carteira de trabalho, por meio de parceria com empresas privadas.<\/p>\n\n\n\n<p>O pagamento em dia da folha do funcionalismo p\u00fablico tamb\u00e9m foi um ponto levantado pelo governador, como demonstrativo de compromisso e da boa gest\u00e3o do estado. J\u00e1 entre as obras estruturantes, Mitidieri destacou os R$ 180 milh\u00f5es captados em Bras\u00edlia para a Cultura e o Turismo do estado.<\/p>\n\n\n\n<p><strong>Concurso<\/strong><\/p>\n\n\n\n<p>Um dos maiores questionamentos do p\u00fablico que acompanhou ao vivo a entrevista foi quanto a realiza\u00e7\u00e3o de concursos p\u00fablicos e cobran\u00e7a de datas para a convoca\u00e7\u00e3o dos certamente j\u00e1 realizados em 2023.<\/p>\n\n\n\n<p>O governador Mitidieri adiantou que h\u00e1 previs\u00e3o de abertura de novos editais para quem sonha em seguir carreira p\u00fablica e, tamb\u00e9m, da convoca\u00e7\u00e3o de aprovados da Pol\u00edcia Civil, Banese, Emdagro, Contador e Procuradoria do Estado, assim como da abertura de novas vagas para a Pol\u00edcia Militar, Educa\u00e7\u00e3o, Corpo de Bombeiros e Adema. \u201cPr\u00f3ximo ano, teremos concurso para PM e Educa\u00e7\u00e3o. Neste ano, vamos chamar os aprovados da Emdagro. J\u00e1 chamamos duas turmas da Pol\u00edcia Civil e, antes do Natal, faremos mais an\u00fancios\u201d, destacou.<\/p>\n\n\n\n<p><strong>Deso<\/strong><\/p>\n\n\n\n<p>Nesta segunda-feira, 18, o Governo do Estado agendou uma Audi\u00eancia P\u00fablica na Biblioteca Epiphanio D\u00f3ria, em Aracaju, para a elabora\u00e7\u00e3o do anteprojeto de Lei que visa reorganizar as Microrregi\u00f5es de Saneamento B\u00e1sico, com o objetivo diminuir os casos de desabastecimentos nos munic\u00edpios. O governador Mitidieri ressaltou que a Companhia de Abastecimento de Sergipe (Deso) permanece no Estado.<\/p>\n\n\n\n<p>\u201cA concess\u00e3o vai trazer o que n\u00e3o temos, que \u00e9 a capacidade de investimento. Precisamos de R$ 6 bilh\u00f5es para universalizar o esgotamento e distribuir \u00e1gua. Esperamos iniciar o processo no final do primeiro semestre de 2024, porque precisamos olhar para a popula\u00e7\u00e3o que est\u00e1 sem \u00e1gua, como por exemplo Carira, Itabaiana, entre outros munic\u00edpios que enfrentam dificuldades\u201d.<\/p>\n\n\n\n<p><strong>Transfer\u00eancia<\/strong><\/p>\n\n\n\n<p>Por meio do Cart\u00e3o CMais, mais de 20 mil pessoas recebem um aux\u00edlio em um momento de vulnerabilidade. Trata-se de um programa de transfer\u00eancia de renda que busca mitigar as dificuldades socioecon\u00f4micas dos sergipanos.<\/p>\n\n\n\n<p>Em 2023, o Governo de Sergipe entregou mais de 321 mil quilos de alimentos \u00e0 popula\u00e7\u00e3o vulner\u00e1vel atendida pelo Programa de Aquisi\u00e7\u00e3o de Alimentos (PAA). Na \u00faltima quinta-feira, 14, os benefici\u00e1rios do munic\u00edpio de Gararu, no alto sert\u00e3o, receberam a \u00faltima entrega do ano, executada pela Secretaria de Estado da Assist\u00eancia Social (Seasc).<\/p>\n\n\n\n<p>Ainda no \u00e2mbito de pol\u00edticas de combate \u00e0 fome, ele citou o Prato do Povo, programa que ir\u00e1 entregar mais de 4 mil refei\u00e7\u00f5es por dia. &#8220;J\u00e1 est\u00e1 totalmente licitado, as empresas est\u00e3o se instalando para iniciarmos o programa, que vai distribuir mais de 4.800 refei\u00e7\u00f5es di\u00e1rias. O primeiro munic\u00edpio ser\u00e1 Macambira e, em janeiro, os demais munic\u00edpios estar\u00e3o aptos&#8221;.<\/p>\n\n\n\n<p><strong>Vila do Natal<\/strong><\/p>\n\n\n\n<p>Ainda com o foco em fortalecer o turismo no estado e, consequentemente, aquecer a gera\u00e7\u00e3o de emprego e renda, o Governo do Estado lan\u00e7ou no \u00faltimo dia 2 de dezembro, a Vila do Natal Iluminado, na Pra\u00e7a de Eventos da Orla da Atalaia, que segue com programa\u00e7\u00e3o at\u00e9 2 de janeiro.<\/p>\n\n\n\n<p>A Vila \u00e9 uma parceria entre Governo de Sergipe e Federa\u00e7\u00e3o do Com\u00e9rcio de Bens, Servi\u00e7os e Turismo do Estado de Sergipe (Fecom\u00e9rcio) e com o apoio da Energisa.<\/p>\n\n\n\n<p><strong>Sergipe \u00e9 aqui<\/strong><\/p>\n\n\n\n<p>Na sexta-feira, 15, o munic\u00edpio de Laranjeiras recepcionou a \u00faltima edi\u00e7\u00e3o de 2023 do programa de governo itinerante \u2018Sergipe \u00e9 aqui\u2019, que leva mais de 150 servi\u00e7os de mais de 15 secretarias e \u00f3rg\u00e3os p\u00fablicos estaduais, para atender no munic\u00edpio que se torna por um dia a capital do estado.<\/p>\n\n\n\n<p>O governador Mitidieri destacou entre os v\u00e1rios servi\u00e7os disponibilizados, a grande procura pela emiss\u00e3o de carteira de identidade por meio do programa. \u201cS\u00e3o 300 carteiras por edi\u00e7\u00e3o. Tivemos que realizar mutir\u00f5es para atender \u00e0 demanda. Este ano foram 18 edi\u00e7\u00f5es do \u2018Sergipe \u00e9 aqui\u2019 e, ano que vem, ser\u00e3o mais 24. Come\u00e7ando em 11 de janeiro, em Gararu. E vamos assinar ordem de servi\u00e7o da Rota do Leite, entre Gararu e Gl\u00f3ria, um investimento de R$ 19 milh\u00f5es\u201d.<\/p>\n\n\n\n<p><strong><em>Acompanhe tamb\u00e9m o SE Not\u00edcias no\u00a0<a rel=\"noreferrer noopener\" href=\"https:\/\/twitter.com\/Senoticias\" target=\"_blank\">Twitter<\/a>,\u00a0<a rel=\"noreferrer noopener\" href=\"https:\/\/www.facebook.com\/senoticias1\" target=\"_blank\">Facebook<\/a>\u00a0e no\u00a0<a rel=\"noreferrer noopener\" href=\"https:\/\/www.instagram.com\/senoticias\/\" target=\"_blank\">Instagram<\/a><\/em><\/strong><\/p>\n\n\n\n<p>Fonte: Governo de Sergipe<\/p>\n","protected":false},"excerpt":{"rendered":"<p>Em entrevista concedida na noite desta segunda-feira, 18, ao Portal Itnet, na cidade de Itabaiana, agreste sergipano, o governador F\u00e1bio Mitidieri fez um balan\u00e7o das a\u00e7\u00f5es de seu primeiro ano de mandato. O chefe do Executivo estadual relembrou os esfor\u00e7os que t\u00eam sido feitos na gera\u00e7\u00e3o de emprego, no combate \u00e0 fome por meio de [&hellip;]<\/p>\n","protected":false},"author":6557,"featured_media":0,"comment_status":"closed","ping_status":"closed","sticky":false,"template":"","format":"standard","meta":{"footnotes":""},"categories":[15,6],"tags":[38020,37303],"class_list":{"0":"post-140447","1":"post","2":"type-post","3":"status-publish","4":"format-standard","6":"category-destaques","7":"category-politica","8":"tag-cmais","9":"tag-fabio-mitidieri-2"},"_links":{"self":[{"href":"https:\/\/senoticias.com.br\/se\/wp-json\/wp\/v2\/posts\/140447"}],"collection":[{"href":"https:\/\/senoticias.com.br\/se\/wp-json\/wp\/v2\/posts"}],"about":[{"href":"https:\/\/senoticias.com.br\/se\/wp-json\/wp\/v2\/types\/post"}],"author":[{"embeddable":true,"href":"https:\/\/senoticias.com.br\/se\/wp-json\/wp\/v2\/users\/6557"}],"replies":[{"embeddable":true,"href":"https:\/\/senoticias.com.br\/se\/wp-json\/wp\/v2\/comments?post=140447"}],"version-history":[{"count":0,"href":"https:\/\/senoticias.com.br\/se\/wp-json\/wp\/v2\/posts\/140447\/revisions"}],"wp:attachment":[{"href":"https:\/\/senoticias.com.br\/se\/wp-json\/wp\/v2\/media?parent=140447"}],"wp:term":[{"taxonomy":"category","embeddable":true,"href":"https:\/\/senoticias.com.br\/se\/wp-json\/wp\/v2\/categories?post=140447"},{"taxonomy":"post_tag","embeddable":true,"href":"https:\/\/senoticias.com.br\/se\/wp-json\/wp\/v2\/tags?post=140447"}],"curies":[{"name":"wp","href":"https:\/\/api.w.org\/{rel}","templated":true}]}}