{"id":140416,"date":"2023-12-15T08:31:20","date_gmt":"2023-12-15T11:31:20","guid":{"rendered":"https:\/\/senoticias.com.br\/se\/?p=140416"},"modified":"2023-12-18T08:42:17","modified_gmt":"2023-12-18T11:42:17","slug":"unidade-movel-da-deso-agiliza-atendimento-no-sergipe-e-aqui-em-nossa-senhora-da-gloria","status":"publish","type":"post","link":"https:\/\/senoticias.com.br\/se\/unidade-movel-da-deso-agiliza-atendimento-no-sergipe-e-aqui-em-nossa-senhora-da-gloria\/","title":{"rendered":"Unidade m\u00f3vel da Deso agiliza atendimento no \u2018Sergipe \u00e9 aqui\u2019 em Nossa Senhora da Gl\u00f3ria"},"content":{"rendered":"\n<p><strong><em>Publieditorial<\/em><\/strong><\/p>\n\n\n\n<p><\/p>\n\n\n\n<p>Atenta \u00e0s necessidades da popula\u00e7\u00e3o interiorana, a Companhia de Saneamento de Sergipe (Deso) esteve presente na 17\u00aa edi\u00e7\u00e3o do \u2018Sergipe \u00e9 aqui\u2019, realizada na <strong>\u00faltima quinta-feira, 5\/12, em Nossa Senhora da Gl\u00f3ria<\/strong>. O programa do Governo Itinerante tem como objetivo levar os servi\u00e7os p\u00fablicos \u00e0 popula\u00e7\u00e3o, impactando positivamente a vida dos sergipanos.<\/p>\n\n\n\n<figure class=\"wp-block-image size-large\"><img loading=\"lazy\" decoding=\"async\" width=\"583\" height=\"388\" src=\"https:\/\/senoticias.com.br\/se\/wp-content\/uploads\/2023\/12\/Unidade-movel-da-Deso-agiliza-atendimento-no-Sergipe-e-aqui-em-Nossa-Senhora-da-Gloria-Se-Noticias.jpg\" alt=\"\" class=\"wp-image-140417\" srcset=\"https:\/\/senoticias.com.br\/se\/wp-content\/uploads\/2023\/12\/Unidade-movel-da-Deso-agiliza-atendimento-no-Sergipe-e-aqui-em-Nossa-Senhora-da-Gloria-Se-Noticias.jpg 583w, https:\/\/senoticias.com.br\/se\/wp-content\/uploads\/2023\/12\/Unidade-movel-da-Deso-agiliza-atendimento-no-Sergipe-e-aqui-em-Nossa-Senhora-da-Gloria-Se-Noticias-300x200.jpg 300w, https:\/\/senoticias.com.br\/se\/wp-content\/uploads\/2023\/12\/Unidade-movel-da-Deso-agiliza-atendimento-no-Sergipe-e-aqui-em-Nossa-Senhora-da-Gloria-Se-Noticias-90x60.jpg 90w, https:\/\/senoticias.com.br\/se\/wp-content\/uploads\/2023\/12\/Unidade-movel-da-Deso-agiliza-atendimento-no-Sergipe-e-aqui-em-Nossa-Senhora-da-Gloria-Se-Noticias-180x120.jpg 180w, https:\/\/senoticias.com.br\/se\/wp-content\/uploads\/2023\/12\/Unidade-movel-da-Deso-agiliza-atendimento-no-Sergipe-e-aqui-em-Nossa-Senhora-da-Gloria-Se-Noticias-95x64.jpg 95w\" sizes=\"(max-width: 583px) 100vw, 583px\" \/><figcaption>Servi\u00e7os como cadastro da tarifa social e religa\u00e7\u00e3o de \u00e1gua foram disponibilizados aos glorienses &#8211; Foto: ascom\/Deso<\/figcaption><\/figure>\n\n\n\n<p>O destaque da participa\u00e7\u00e3o da Companhia foi a celeridade no atendimento aos moradores. Dentre outros servi\u00e7os, os participantes tiveram a oportunidade de se cadastrar na tarifa social da Deso, que oferece desconto de at\u00e9 50% na conta de \u00e1gua para pessoas de baixa renda.<\/p>\n\n\n\n<figure class=\"wp-block-image size-large\"><img loading=\"lazy\" decoding=\"async\" width=\"600\" height=\"400\" src=\"https:\/\/senoticias.com.br\/se\/wp-content\/uploads\/2023\/12\/Unidade-movel-Deso-SE-Noticiaas.jpg\" alt=\"\" class=\"wp-image-140418\" srcset=\"https:\/\/senoticias.com.br\/se\/wp-content\/uploads\/2023\/12\/Unidade-movel-Deso-SE-Noticiaas.jpg 600w, https:\/\/senoticias.com.br\/se\/wp-content\/uploads\/2023\/12\/Unidade-movel-Deso-SE-Noticiaas-300x200.jpg 300w, https:\/\/senoticias.com.br\/se\/wp-content\/uploads\/2023\/12\/Unidade-movel-Deso-SE-Noticiaas-90x60.jpg 90w, https:\/\/senoticias.com.br\/se\/wp-content\/uploads\/2023\/12\/Unidade-movel-Deso-SE-Noticiaas-180x120.jpg 180w, https:\/\/senoticias.com.br\/se\/wp-content\/uploads\/2023\/12\/Unidade-movel-Deso-SE-Noticiaas-95x64.jpg 95w\" sizes=\"(max-width: 600px) 100vw, 600px\" \/><figcaption>Servi\u00e7os como cadastro da tarifa social e religa\u00e7\u00e3o de \u00e1gua foram disponibilizados aos glorienses &#8211; Foto: ascom\/Deso<\/figcaption><\/figure>\n\n\n\n<p>\u201cTem gente com dificuldade financeira para se locomover at\u00e9 a capital, ent\u00e3o o \u2018Sergipe \u00e9 Aqui\u2019 facilita muito a nossa vida. Atualmente eu estou desempregada e hoje consegui me cadastrar na tarifa social da Deso, o que foi maravilhoso\u201d, comentou a dona de casa Maria Aparecida.<\/p>\n\n\n\n<figure class=\"wp-block-image size-large\"><img loading=\"lazy\" decoding=\"async\" width=\"600\" height=\"400\" src=\"https:\/\/senoticias.com.br\/se\/wp-content\/uploads\/2023\/12\/Unidade-movel-Deso-SE-Noticias.jpg\" alt=\"\" class=\"wp-image-140419\" srcset=\"https:\/\/senoticias.com.br\/se\/wp-content\/uploads\/2023\/12\/Unidade-movel-Deso-SE-Noticias.jpg 600w, https:\/\/senoticias.com.br\/se\/wp-content\/uploads\/2023\/12\/Unidade-movel-Deso-SE-Noticias-300x200.jpg 300w, https:\/\/senoticias.com.br\/se\/wp-content\/uploads\/2023\/12\/Unidade-movel-Deso-SE-Noticias-90x60.jpg 90w, https:\/\/senoticias.com.br\/se\/wp-content\/uploads\/2023\/12\/Unidade-movel-Deso-SE-Noticias-180x120.jpg 180w, https:\/\/senoticias.com.br\/se\/wp-content\/uploads\/2023\/12\/Unidade-movel-Deso-SE-Noticias-95x64.jpg 95w\" sizes=\"(max-width: 600px) 100vw, 600px\" \/><figcaption>Servi\u00e7os como cadastro da tarifa social e religa\u00e7\u00e3o de \u00e1gua foram disponibilizados aos glorienses &#8211; Foto: ascom\/Deso<\/figcaption><\/figure>\n\n\n\n<p>Al\u00e9m disso, os glorienses tamb\u00e9m puderam solicitar a religa\u00e7\u00e3o de \u00e1gua residencial, garantindo o abastecimento na regi\u00e3o. \u201cN\u00f3s passamos um tempo sem \u00e1gua, mas a Deso resolveu rapidamente a situa\u00e7\u00e3o e hoje pude tirar todas as minhas d\u00favidas. Vivemos da agricultura e a \u00e1gua \u00e9 essencial para n\u00f3s\u201d, celebrou a agricultora Jussara Morais.<\/p>\n\n\n\n<p>Atenta \u00e0s necessidades da popula\u00e7\u00e3o interiorana, a Companhia de Saneamento de Sergipe (Deso) esteve presente na 17\u00aa edi\u00e7\u00e3o do \u2018Sergipe \u00e9 aqui\u2019, realizada na \u00faltima quinta-feira, 5, em Nossa Senhora da Gl\u00f3ria. O programa do Governo Itinerante tem como objetivo levar os servi\u00e7os p\u00fablicos \u00e0 popula\u00e7\u00e3o, impactando positivamente a vida dos sergipanos.<\/p>\n\n\n\n<p>O destaque da participa\u00e7\u00e3o da Companhia foi a celeridade no atendimento aos moradores. Dentre outros servi\u00e7os, os participantes tiveram a oportunidade de se cadastrar na tarifa social da Deso, que oferece desconto de at\u00e9 50% na conta de \u00e1gua para pessoas de baixa renda.<\/p>\n\n\n\n<p>\u201cTem gente com dificuldade financeira para se locomover at\u00e9 a capital, ent\u00e3o o \u2018Sergipe \u00e9 Aqui\u2019 facilita muito a nossa vida. Atualmente eu estou desempregada e hoje consegui me cadastrar na tarifa social da Deso, o que foi maravilhoso\u201d, comentou a dona de casa Maria Aparecida.<\/p>\n\n\n\n<p>Al\u00e9m disso, os glorienses tamb\u00e9m puderam solicitar a religa\u00e7\u00e3o de \u00e1gua residencial, garantindo o abastecimento na regi\u00e3o. \u201cN\u00f3s passamos um tempo sem \u00e1gua, mas a Deso resolveu rapidamente a situa\u00e7\u00e3o e hoje pude tirar todas as minhas d\u00favidas. Vivemos da agricultura e a \u00e1gua \u00e9 essencial para n\u00f3s\u201d, celebrou a agricultora Jussara Morais.<\/p>\n\n\n\n<p><strong><em>Acompanhe tamb\u00e9m o SE Not\u00edcias no\u00a0<a rel=\"noreferrer noopener\" href=\"https:\/\/twitter.com\/Senoticias\" target=\"_blank\">Twitter<\/a>,\u00a0<a rel=\"noreferrer noopener\" href=\"https:\/\/www.facebook.com\/senoticias1\" target=\"_blank\">Facebook<\/a>\u00a0e no\u00a0<a rel=\"noreferrer noopener\" href=\"https:\/\/www.instagram.com\/senoticias\/\" target=\"_blank\">Instagram<\/a><\/em><\/strong><\/p>\n\n\n\n<p>Fonte: ascom\/Deso<\/p>\n","protected":false},"excerpt":{"rendered":"<p>Publieditorial Atenta \u00e0s necessidades da popula\u00e7\u00e3o interiorana, a Companhia de Saneamento de Sergipe (Deso) esteve presente na 17\u00aa edi\u00e7\u00e3o do \u2018Sergipe \u00e9 aqui\u2019, realizada na \u00faltima quinta-feira, 5\/12, em Nossa Senhora da Gl\u00f3ria. O programa do Governo Itinerante tem como objetivo levar os servi\u00e7os p\u00fablicos \u00e0 popula\u00e7\u00e3o, impactando positivamente a vida dos sergipanos. O destaque [&hellip;]<\/p>\n","protected":false},"author":6557,"featured_media":0,"comment_status":"closed","ping_status":"closed","sticky":false,"template":"","format":"standard","meta":{"footnotes":""},"categories":[15,38],"tags":[40768,3692,38688,40767],"class_list":{"0":"post-140416","1":"post","2":"type-post","3":"status-publish","4":"format-standard","6":"category-destaques","7":"category-municipios","8":"tag-17a-edicao-do-sergipe-e-aqui","9":"tag-nossa-senhora-da-gloria","10":"tag-sergipe-e-aqui","11":"tag-unidade-movel-da-deso"},"_links":{"self":[{"href":"https:\/\/senoticias.com.br\/se\/wp-json\/wp\/v2\/posts\/140416"}],"collection":[{"href":"https:\/\/senoticias.com.br\/se\/wp-json\/wp\/v2\/posts"}],"about":[{"href":"https:\/\/senoticias.com.br\/se\/wp-json\/wp\/v2\/types\/post"}],"author":[{"embeddable":true,"href":"https:\/\/senoticias.com.br\/se\/wp-json\/wp\/v2\/users\/6557"}],"replies":[{"embeddable":true,"href":"https:\/\/senoticias.com.br\/se\/wp-json\/wp\/v2\/comments?post=140416"}],"version-history":[{"count":0,"href":"https:\/\/senoticias.com.br\/se\/wp-json\/wp\/v2\/posts\/140416\/revisions"}],"wp:attachment":[{"href":"https:\/\/senoticias.com.br\/se\/wp-json\/wp\/v2\/media?parent=140416"}],"wp:term":[{"taxonomy":"category","embeddable":true,"href":"https:\/\/senoticias.com.br\/se\/wp-json\/wp\/v2\/categories?post=140416"},{"taxonomy":"post_tag","embeddable":true,"href":"https:\/\/senoticias.com.br\/se\/wp-json\/wp\/v2\/tags?post=140416"}],"curies":[{"name":"wp","href":"https:\/\/api.w.org\/{rel}","templated":true}]}}