{"id":140414,"date":"2023-12-18T06:10:25","date_gmt":"2023-12-18T09:10:25","guid":{"rendered":"https:\/\/senoticias.com.br\/se\/?p=140414"},"modified":"2023-12-18T06:15:57","modified_gmt":"2023-12-18T09:15:57","slug":"preta-gil-posta-video-emocionada-apos-ser-curada-do-cancer-lagrimas-de-gratidao","status":"publish","type":"post","link":"https:\/\/senoticias.com.br\/se\/preta-gil-posta-video-emocionada-apos-ser-curada-do-cancer-lagrimas-de-gratidao\/","title":{"rendered":"Preta Gil posta v\u00eddeo emocionada ap\u00f3s ser curada do c\u00e2ncer: &#8216;L\u00e1grimas de gratid\u00e3o&#8217;"},"content":{"rendered":"\n<p><\/p>\n\n\n\n<p>Preta Gil, de 49 anos, apareceu bastante emocionada em um v\u00eddeo publicado em seu Instagram, neste domingo (17). Na semana passada, a cantora anunciou que o tratamento contra o c\u00e2ncer no intestino chegou ao fim ap\u00f3s uma cirurgia bem sucedida.<\/p>\n\n\n\n<figure class=\"wp-block-image size-large\"><img loading=\"lazy\" decoding=\"async\" width=\"584\" height=\"365\" src=\"https:\/\/senoticias.com.br\/se\/wp-content\/uploads\/2023\/12\/Preta-Gil-SE-Noticias.jpg\" alt=\"\" class=\"wp-image-140415\" srcset=\"https:\/\/senoticias.com.br\/se\/wp-content\/uploads\/2023\/12\/Preta-Gil-SE-Noticias.jpg 584w, https:\/\/senoticias.com.br\/se\/wp-content\/uploads\/2023\/12\/Preta-Gil-SE-Noticias-300x188.jpg 300w, https:\/\/senoticias.com.br\/se\/wp-content\/uploads\/2023\/12\/Preta-Gil-SE-Noticias-120x76.jpg 120w, https:\/\/senoticias.com.br\/se\/wp-content\/uploads\/2023\/12\/Preta-Gil-SE-Noticias-308x192.jpg 308w\" sizes=\"(max-width: 584px) 100vw, 584px\" \/><figcaption>Tratamento contra doen\u00e7a no intestino chegou ao fim ap\u00f3s uma cirurgia bem sucedida &#8211; Foto: Reprodu\u00e7\u00e3o \/ Instagram<\/figcaption><\/figure>\n\n\n\n<p>&#8220;Reza pra agradecer, l\u00e1grimas de gratid\u00e3o&#8221;, escreveu Preta Gil ao som de &#8220;Reza pra agradecer&#8221;, de Pretinho da Serra, que recebeu muito carinho dos f\u00e3s e famosos. &#8220;Gigante&#8221;, disse Ivete Sangalo. &#8220;Linda preta . Vc \u00e9 uma vencedora&#8221;, elogiou Ingrid Guimar\u00e3es. &#8220;S\u00f3 Deus sabe o quanto foi dif\u00edcil pra ti, mas voc\u00ea venceu&#8221;, declarou uma f\u00e3. &#8220;Voc\u00ea se curou e curou muitas mulheres&#8221;, disse outra.<\/p>\n\n\n\n<p><strong>Volta aos palcos<\/strong><br><br>A artista aproveitou para anunciar o primeiro show da sua agenda do carnaval de 2024: &#8220;Foi um ano muito dif\u00edcil, sofrido, mas de muitas vit\u00f3rias, de uma onda de amor gigantesca e que foi essencial para esse meu processo de cura! Com isso, quero anunciar que dia 04 de fevereiro, no Jeunesse Arena (RJ), vamos poder celebrar em grande estilo e com a comemora\u00e7\u00e3o dos 15 anos do Bloco da Preta! Vai ser um show muito especial, lindo e quero reunir todo mundo para essa festa de amor e gratid\u00e3o! Obrigada, obrigada, obrigada! At\u00e9 l\u00e1!&#8221;.<\/p>\n\n\n\n<p><strong><em>Acompanhe tamb\u00e9m o SE Not\u00edcias no\u00a0<a rel=\"noreferrer noopener\" href=\"https:\/\/twitter.com\/Senoticias\" target=\"_blank\">Twitter<\/a>,\u00a0<a rel=\"noreferrer noopener\" href=\"https:\/\/www.facebook.com\/senoticias1\" target=\"_blank\">Facebook<\/a>\u00a0e no\u00a0<a rel=\"noreferrer noopener\" href=\"https:\/\/www.instagram.com\/senoticias\/\" target=\"_blank\">Instagram<\/a><\/em><\/strong><\/p>\n\n\n\n<p>Reda\u00e7\u00e3o O DIA.<\/p>\n","protected":false},"excerpt":{"rendered":"<p>Preta Gil, de 49 anos, apareceu bastante emocionada em um v\u00eddeo publicado em seu Instagram, neste domingo (17). Na semana passada, a cantora anunciou que o tratamento contra o c\u00e2ncer no intestino chegou ao fim ap\u00f3s uma cirurgia bem sucedida. &#8220;Reza pra agradecer, l\u00e1grimas de gratid\u00e3o&#8221;, escreveu Preta Gil ao som de &#8220;Reza pra agradecer&#8221;, [&hellip;]<\/p>\n","protected":false},"author":6557,"featured_media":0,"comment_status":"closed","ping_status":"closed","sticky":false,"template":"","format":"standard","meta":{"footnotes":""},"categories":[15,1,8],"tags":[40766,40765],"class_list":{"0":"post-140414","1":"post","2":"type-post","3":"status-publish","4":"format-standard","6":"category-destaques","7":"category-sem-categoria","8":"category-esporte-e-cultura","9":"tag-lagrimas-de-gratidao","10":"tag-preta-gil"},"_links":{"self":[{"href":"https:\/\/senoticias.com.br\/se\/wp-json\/wp\/v2\/posts\/140414"}],"collection":[{"href":"https:\/\/senoticias.com.br\/se\/wp-json\/wp\/v2\/posts"}],"about":[{"href":"https:\/\/senoticias.com.br\/se\/wp-json\/wp\/v2\/types\/post"}],"author":[{"embeddable":true,"href":"https:\/\/senoticias.com.br\/se\/wp-json\/wp\/v2\/users\/6557"}],"replies":[{"embeddable":true,"href":"https:\/\/senoticias.com.br\/se\/wp-json\/wp\/v2\/comments?post=140414"}],"version-history":[{"count":0,"href":"https:\/\/senoticias.com.br\/se\/wp-json\/wp\/v2\/posts\/140414\/revisions"}],"wp:attachment":[{"href":"https:\/\/senoticias.com.br\/se\/wp-json\/wp\/v2\/media?parent=140414"}],"wp:term":[{"taxonomy":"category","embeddable":true,"href":"https:\/\/senoticias.com.br\/se\/wp-json\/wp\/v2\/categories?post=140414"},{"taxonomy":"post_tag","embeddable":true,"href":"https:\/\/senoticias.com.br\/se\/wp-json\/wp\/v2\/tags?post=140414"}],"curies":[{"name":"wp","href":"https:\/\/api.w.org\/{rel}","templated":true}]}}