{"id":140411,"date":"2023-12-17T14:16:31","date_gmt":"2023-12-17T17:16:31","guid":{"rendered":"https:\/\/senoticias.com.br\/se\/?p=140411"},"modified":"2023-12-17T15:29:44","modified_gmt":"2023-12-17T18:29:44","slug":"radialista-ricardo-barbosa-morre-atropelado-em-aracaju","status":"publish","type":"post","link":"https:\/\/senoticias.com.br\/se\/radialista-ricardo-barbosa-morre-atropelado-em-aracaju\/","title":{"rendered":"Radialista Ricardo Barbosa morre atropelado em Aracaju"},"content":{"rendered":"\n<p><\/p>\n\n\n\n<p>O radialista e mestre de cerim\u00f4nias Ricardo Barbosa , 56 anos, morreu neste domingo (17), ap\u00f3s ser atropelado no Bairro Jos\u00e9 Conrado de Ara\u00fajo, em Aracaju.<\/p>\n\n\n\n<figure class=\"wp-block-image size-large\"><img loading=\"lazy\" decoding=\"async\" width=\"720\" height=\"540\" src=\"https:\/\/senoticias.com.br\/se\/wp-content\/uploads\/2023\/12\/Ricardo-Barbosa-SE-Noticias.jpeg\" alt=\"\" class=\"wp-image-140412\" srcset=\"https:\/\/senoticias.com.br\/se\/wp-content\/uploads\/2023\/12\/Ricardo-Barbosa-SE-Noticias.jpeg 720w, https:\/\/senoticias.com.br\/se\/wp-content\/uploads\/2023\/12\/Ricardo-Barbosa-SE-Noticias-300x225.jpeg 300w, https:\/\/senoticias.com.br\/se\/wp-content\/uploads\/2023\/12\/Ricardo-Barbosa-SE-Noticias-45x35.jpeg 45w\" sizes=\"(max-width: 720px) 100vw, 720px\" \/><figcaption>Ricardo era locutor, radialista e mestre de cerim\u00f4nia da Prefeitura de Aracaju &#8211; Foto: SMTT\/AJu<\/figcaption><\/figure>\n\n\n\n<p>A v\u00edtima, que acabou n\u00e3o resistindo aos ferimentos, \u00e9 o radialista Ricardo Barbosa da Concei\u00e7\u00e3o, 56 anos, que fazia parte da equipe de cerimonial da Prefeitura de Aracaju. <\/p>\n\n\n\n<p>De acordo com a SMTT, ele orientava o condutor a manobrar o ve\u00edculo, quando o motorista teria perdido o controle e o atropelado.<\/p>\n\n\n\n<p>Ricardo era servidor da Prefeitura de Aracaju, desde o primeiro semestre deste ano. A Prefeitura de Aracaju emitiu nota de pesar pelo falecimento. Ele tamb\u00e9m fazia parte do Sindicato de Radialistas de Sergipe.<\/p>\n\n\n\n<p><strong><em>Acompanhe tamb\u00e9m o SE Not\u00edcias no\u00a0<a rel=\"noreferrer noopener\" href=\"https:\/\/twitter.com\/Senoticias\" target=\"_blank\">Twitter<\/a>,\u00a0<a rel=\"noreferrer noopener\" href=\"https:\/\/www.facebook.com\/senoticias1\" target=\"_blank\">Facebook<\/a>\u00a0e no\u00a0<a rel=\"noreferrer noopener\" href=\"https:\/\/www.instagram.com\/senoticias\/\" target=\"_blank\">Instagram<\/a><\/em><\/strong><\/p>\n\n\n\n<p>Com informa\u00e7\u00f5es do G1SE<\/p>\n","protected":false},"excerpt":{"rendered":"<p>O radialista e mestre de cerim\u00f4nias Ricardo Barbosa , 56 anos, morreu neste domingo (17), ap\u00f3s ser atropelado no Bairro Jos\u00e9 Conrado de Ara\u00fajo, em Aracaju. A v\u00edtima, que acabou n\u00e3o resistindo aos ferimentos, \u00e9 o radialista Ricardo Barbosa da Concei\u00e7\u00e3o, 56 anos, que fazia parte da equipe de cerimonial da Prefeitura de Aracaju. De [&hellip;]<\/p>\n","protected":false},"author":6557,"featured_media":0,"comment_status":"closed","ping_status":"closed","sticky":false,"template":"","format":"standard","meta":{"footnotes":""},"categories":[15,6],"tags":[40764,40763],"class_list":{"0":"post-140411","1":"post","2":"type-post","3":"status-publish","4":"format-standard","6":"category-destaques","7":"category-politica","8":"tag-ricardo-barbosa","9":"tag-ricardo-era-locutor"},"_links":{"self":[{"href":"https:\/\/senoticias.com.br\/se\/wp-json\/wp\/v2\/posts\/140411"}],"collection":[{"href":"https:\/\/senoticias.com.br\/se\/wp-json\/wp\/v2\/posts"}],"about":[{"href":"https:\/\/senoticias.com.br\/se\/wp-json\/wp\/v2\/types\/post"}],"author":[{"embeddable":true,"href":"https:\/\/senoticias.com.br\/se\/wp-json\/wp\/v2\/users\/6557"}],"replies":[{"embeddable":true,"href":"https:\/\/senoticias.com.br\/se\/wp-json\/wp\/v2\/comments?post=140411"}],"version-history":[{"count":0,"href":"https:\/\/senoticias.com.br\/se\/wp-json\/wp\/v2\/posts\/140411\/revisions"}],"wp:attachment":[{"href":"https:\/\/senoticias.com.br\/se\/wp-json\/wp\/v2\/media?parent=140411"}],"wp:term":[{"taxonomy":"category","embeddable":true,"href":"https:\/\/senoticias.com.br\/se\/wp-json\/wp\/v2\/categories?post=140411"},{"taxonomy":"post_tag","embeddable":true,"href":"https:\/\/senoticias.com.br\/se\/wp-json\/wp\/v2\/tags?post=140411"}],"curies":[{"name":"wp","href":"https:\/\/api.w.org\/{rel}","templated":true}]}}