{"id":140407,"date":"2023-12-16T17:52:25","date_gmt":"2023-12-16T20:52:25","guid":{"rendered":"https:\/\/senoticias.com.br\/se\/?p=140407"},"modified":"2023-12-16T17:52:35","modified_gmt":"2023-12-16T20:52:35","slug":"corpo-de-jovem-e-exumado-apos-familia-contestar-causa-da-morte-em-itabaiana","status":"publish","type":"post","link":"https:\/\/senoticias.com.br\/se\/corpo-de-jovem-e-exumado-apos-familia-contestar-causa-da-morte-em-itabaiana\/","title":{"rendered":"Corpo de jovem \u00e9 exumado ap\u00f3s fam\u00edlia contestar causa da morte em Itabaiana"},"content":{"rendered":"\n<p><\/p>\n\n\n\n<p>O corpo de Br\u00e1ulio J\u00fanior, de 22 anos, foi exumado no Cemit\u00e9rio Santo Ant\u00f4nio e Almas, em Itabaiana, na tarde dessa sexta-feira (15). O procedimento foi feito por t\u00e9cnicos da Pol\u00edcia Civil e Instituto M\u00e9dico Legal (IML) ap\u00f3s solicita\u00e7\u00e3o dos familiares, que contestaram aus\u00eancia de diagn\u00f3stico da causa da morte.<\/p>\n\n\n\n<figure class=\"wp-block-image size-large\"><img loading=\"lazy\" decoding=\"async\" width=\"484\" height=\"500\" src=\"https:\/\/senoticias.com.br\/se\/wp-content\/uploads\/2023\/12\/Corpo-exumado-se-noticias.jpg\" alt=\"\" class=\"wp-image-140408\" srcset=\"https:\/\/senoticias.com.br\/se\/wp-content\/uploads\/2023\/12\/Corpo-exumado-se-noticias.jpg 484w, https:\/\/senoticias.com.br\/se\/wp-content\/uploads\/2023\/12\/Corpo-exumado-se-noticias-290x300.jpg 290w\" sizes=\"(max-width: 484px) 100vw, 484px\" \/><figcaption>A suspeita era de apendicite, mas os exames foram feitos de forma inadequada &#8211; Foto: arquivo\/fam\u00edlia<\/figcaption><\/figure>\n\n\n\n<p>Segundo o delegado F\u00e1bio Alan, eles alegaram neglig\u00eancia m\u00e9dica durante interna\u00e7\u00e3o do jovem no Hospital Regional do munic\u00edpio e solicitaram a exuma\u00e7\u00e3o. O rapaz deu entrada na unidade com dores no abd\u00f4men, febre e frio, mas n\u00e3o teria recebido assist\u00eancia necess\u00e1ria. A suspeita era de apendicite, mas os exames foram feitos de forma inadequada.<\/p>\n\n\n\n<p>A partir do material coletado na exuma\u00e7\u00e3o, o resultado do laudo deve ser conclu\u00eddo na pr\u00f3xima segunda-feira (18).<\/p>\n\n\n\n<p><strong>Posicionamento da Secretaria de Estado da Sa\u00fade<\/strong><\/p>\n\n\n\n<p>Por meio de nota, a Secretaria de Estado da Sa\u00fade (SES) informou que prestou toda assist\u00eancia ao paciente, com atendimento m\u00e9dico e realiza\u00e7\u00e3o de exames f\u00edsicos, laboratoriais e de imagem durante per\u00edodo em que esteve na unidade.<\/p>\n\n\n\n<p>&#8220;O aparelho de raio-X m\u00f3vel estava funcionando. No entanto, quando h\u00e1 necessidade de imagens do abd\u00f4men, os m\u00e9dicos solicitam a realiza\u00e7\u00e3o de ultrassonografia (USG) ou tomografia. No caso de Br\u00e1ulio, foi realizado a USG, que n\u00e3o detectou altera\u00e7\u00f5es pelo m\u00e9todo utilizado. Tamb\u00e9m n\u00e3o havia desfalque na escala de maqueiros&#8221;, disse.<\/p>\n\n\n\n<p>Ainda de acordo com a SES, o jovem faleceu ap\u00f3s duas paradas cardiorrespirat\u00f3rias. Como a causa da morte n\u00e3o foi identificada no hospital, o corpo foi encaminhado para o Servi\u00e7o de Verifica\u00e7\u00e3o de \u00d3bito (SVO) na \u00faltima segunda-feira (11), onde foram realizados todos os procedimentos necess\u00e1rios.<\/p>\n\n\n\n<p>O material coletado foi enviado para laborat\u00f3rios especializados, sendo um deles de fora do estado. Os resultados devem ficar prontos em at\u00e9 10 dias, conforme prazo estipulado pelos prestadores.<\/p>\n\n\n\n<p><strong><em>Acompanhe tamb\u00e9m o SE Not\u00edcias no\u00a0<a rel=\"noreferrer noopener\" href=\"https:\/\/twitter.com\/Senoticias\" target=\"_blank\">Twitter<\/a>,\u00a0<a rel=\"noreferrer noopener\" href=\"https:\/\/www.facebook.com\/senoticias1\" target=\"_blank\">Facebook<\/a>\u00a0e no\u00a0<a rel=\"noreferrer noopener\" href=\"https:\/\/www.instagram.com\/senoticias\/\" target=\"_blank\">Instagram<\/a><\/em><\/strong><\/p>\n\n\n\n<p>Por Carolina de Morais, Portal A8SE<\/p>\n","protected":false},"excerpt":{"rendered":"<p>O corpo de Br\u00e1ulio J\u00fanior, de 22 anos, foi exumado no Cemit\u00e9rio Santo Ant\u00f4nio e Almas, em Itabaiana, na tarde dessa sexta-feira (15). O procedimento foi feito por t\u00e9cnicos da Pol\u00edcia Civil e Instituto M\u00e9dico Legal (IML) ap\u00f3s solicita\u00e7\u00e3o dos familiares, que contestaram aus\u00eancia de diagn\u00f3stico da causa da morte. Segundo o delegado F\u00e1bio Alan, [&hellip;]<\/p>\n","protected":false},"author":6557,"featured_media":0,"comment_status":"closed","ping_status":"closed","sticky":false,"template":"","format":"standard","meta":{"footnotes":""},"categories":[15,7],"tags":[40761,40762,78],"class_list":{"0":"post-140407","1":"post","2":"type-post","3":"status-publish","4":"format-standard","6":"category-destaques","7":"category-policia","8":"tag-corpo-de-jovem-e-exumado","9":"tag-corpo-exumado","10":"tag-policia-civil"},"_links":{"self":[{"href":"https:\/\/senoticias.com.br\/se\/wp-json\/wp\/v2\/posts\/140407"}],"collection":[{"href":"https:\/\/senoticias.com.br\/se\/wp-json\/wp\/v2\/posts"}],"about":[{"href":"https:\/\/senoticias.com.br\/se\/wp-json\/wp\/v2\/types\/post"}],"author":[{"embeddable":true,"href":"https:\/\/senoticias.com.br\/se\/wp-json\/wp\/v2\/users\/6557"}],"replies":[{"embeddable":true,"href":"https:\/\/senoticias.com.br\/se\/wp-json\/wp\/v2\/comments?post=140407"}],"version-history":[{"count":0,"href":"https:\/\/senoticias.com.br\/se\/wp-json\/wp\/v2\/posts\/140407\/revisions"}],"wp:attachment":[{"href":"https:\/\/senoticias.com.br\/se\/wp-json\/wp\/v2\/media?parent=140407"}],"wp:term":[{"taxonomy":"category","embeddable":true,"href":"https:\/\/senoticias.com.br\/se\/wp-json\/wp\/v2\/categories?post=140407"},{"taxonomy":"post_tag","embeddable":true,"href":"https:\/\/senoticias.com.br\/se\/wp-json\/wp\/v2\/tags?post=140407"}],"curies":[{"name":"wp","href":"https:\/\/api.w.org\/{rel}","templated":true}]}}