{"id":140389,"date":"2023-12-15T09:33:28","date_gmt":"2023-12-15T12:33:28","guid":{"rendered":"https:\/\/senoticias.com.br\/se\/?p=140389"},"modified":"2023-12-15T10:22:37","modified_gmt":"2023-12-15T13:22:37","slug":"ministerio-publico-federal-pede-a-cassacao-do-mandato-de-sergio-moro-como-senador","status":"publish","type":"post","link":"https:\/\/senoticias.com.br\/se\/ministerio-publico-federal-pede-a-cassacao-do-mandato-de-sergio-moro-como-senador\/","title":{"rendered":"Minist\u00e9rio P\u00fablico Federal pede a cassa\u00e7\u00e3o do mandato de Sergio Moro como senador"},"content":{"rendered":"\n<p><\/p>\n\n\n\n<p>O Minist\u00e9rio P\u00fablico Federal pediu a cassa\u00e7\u00e3o do mandato do senador S\u00e9rgio Moro (Uni\u00e3o Brasil-PR), sob a alega\u00e7\u00e3o de abuso do poder econ\u00f4mico durante a campanha eleitoral do ano passado. As a\u00e7\u00f5es foram propostas pelo PL do ex-presidente Jair Bolsonaro e tamb\u00e9m pela federa\u00e7\u00e3o de partidos composta por PT, PV e PCdoB.<\/p>\n\n\n\n<p>Em parecer protocolado na noite desta quinta-feira, 14, a Procuradoria Regional Eleitoral do Paran\u00e1 se manifestou pela proced\u00eancia parcial dos pedidos formulados nas a\u00e7\u00f5es, &#8220;a fim de que se reconhe\u00e7a a pr\u00e1tica de abuso do poder econ\u00f4mico, com a consequente cassa\u00e7\u00e3o da chapa eleita para o cargo majorit\u00e1rio de Senador da Rep\u00fablica e decreta\u00e7\u00e3o da inelegibilidade dos Srs. Sergio Fernando Moro e Lu\u00eds Felipe Cunha&#8221;.<\/p>\n\n\n\n<figure class=\"wp-block-image size-large\"><img loading=\"lazy\" decoding=\"async\" width=\"541\" height=\"361\" src=\"https:\/\/senoticias.com.br\/se\/wp-content\/uploads\/2023\/12\/Sergio-Moro-SE-Noticias.jpg\" alt=\"\" class=\"wp-image-140390\" srcset=\"https:\/\/senoticias.com.br\/se\/wp-content\/uploads\/2023\/12\/Sergio-Moro-SE-Noticias.jpg 541w, https:\/\/senoticias.com.br\/se\/wp-content\/uploads\/2023\/12\/Sergio-Moro-SE-Noticias-300x200.jpg 300w, https:\/\/senoticias.com.br\/se\/wp-content\/uploads\/2023\/12\/Sergio-Moro-SE-Noticias-90x60.jpg 90w, https:\/\/senoticias.com.br\/se\/wp-content\/uploads\/2023\/12\/Sergio-Moro-SE-Noticias-180x120.jpg 180w, https:\/\/senoticias.com.br\/se\/wp-content\/uploads\/2023\/12\/Sergio-Moro-SE-Noticias-95x64.jpg 95w\" sizes=\"(max-width: 541px) 100vw, 541px\" \/><figcaption>Cassa\u00e7\u00e3o do senador Moro pode ser julgada no plen\u00e1rio do Tribunal Regional Eleitoral no in\u00edcio de 2024 &#8211; Foto: Rovena Rosa\/Ag\u00eancia Brasil \/ Estad\u00e3o<\/figcaption><\/figure>\n\n\n\n<p>Assinado pelos procuradores da Rep\u00fablica Marcelo Godoy e Eloisa Helena Machado, o parecer de 79 p\u00e1ginas sustenta que a responsabilidade pessoal de Moro e de seu suplente, Lu\u00eds Felipe Cunha, est\u00e1 &#8220;solidamente comprovada atrav\u00e9s da participa\u00e7\u00e3o direta de ambos nas viagens, eventos e demais atos de pr\u00e9-campanha&#8221;. O relator do processo \u00e9 o juiz eleitoral Luciano Carrasco Falavinha Souza, que ainda n\u00e3o divulgou o seu voto.<\/p>\n\n\n\n<p>De acordo com a acusa\u00e7\u00e3o, endossada pelo Minist\u00e9rio P\u00fablico, Moro teria gasto R$ 7 milh\u00f5es, quando o teto permitido pela lei seria de R$ 4,4 milh\u00f5es. A defesa do senador v\u00ea &#8220;conota\u00e7\u00e3o pol\u00edtica&#8221; no processo, que pode ser julgado no in\u00edcio de 2024 pelo Tribunal Regional Eleitoral (TRE) do Paran\u00e1.<\/p>\n\n\n\n<p>Na pr\u00e1tica, a manifesta\u00e7\u00e3o do Minist\u00e9rio P\u00fablico provoca um rebuli\u00e7o no cen\u00e1rio pol\u00edtico porque, se Moro for cassado, ser\u00e1 preciso uma nova elei\u00e7\u00e3o para a vaga de senador. Nas fileiras do PT j\u00e1 h\u00e1 dois pr\u00e9-candidatos \u00e0 cadeira do ex-juiz da Lava Jato, caso ele seja mesmo defenestrado: a presidente do PT, deputada Gleisi Hoffmann, e o l\u00edder da bancada do partido na C\u00e2mara, Zeca Dirceu.<\/p>\n\n\n\n<p>O acolhimento da a\u00e7\u00e3o foi parcial porque os procuradores entenderem que n\u00e3o ficou comprovado o uso indevido dos meios de comunica\u00e7\u00e3o e nem a exposi\u00e7\u00e3o desproporcional de Moro nos ve\u00edculos, como alegavam os partidos.<\/p>\n\n\n\n<p>O ex-juiz e ex-ministro da Justi\u00e7a de Bolsonaro se filiou ao Podemos, em novembro de 2021, com o intuito de ser candidato a presidente da Rep\u00fablica. Em mar\u00e7o de 2022, por\u00e9m, ele mudou de partido e passou a integrar o Uni\u00e3o Brasil. Logo depois, anunciou que concorreria ao Senado, e n\u00e3o mais ao Pal\u00e1cio do Planalto.<\/p>\n\n\n\n<p>Os partidos que ingressaram com as a\u00e7\u00f5es argumentaram que, com essa mudan\u00e7a, os gastos da pr\u00e9-campanha de Moro &#8211; antes destinados \u00e0 corrida presidencial &#8211; &#8220;suprimiram as chances dos demais concorrentes&#8221; ao Senado pelo Paran\u00e1. O Minist\u00e9rio P\u00fablico concordou com essa reclama\u00e7\u00e3o.<\/p>\n\n\n\n<p>&#8220;A lisura e a legitimidade do pleito foram inegavelmente comprometidas pelo emprego excessivo de recursos financeiros no per\u00edodo que antecedeu o de campanha eleitoral, porquanto aplicou-se monta que, por todos os par\u00e2metros objetivos que se possam adotar, excedem em muito os limites do razo\u00e1vel&#8221;, destacou o parecer da Procuradoria.<\/p>\n\n\n\n<p><strong><em>Acompanhe tamb\u00e9m o SE Not\u00edcias no\u00a0<a rel=\"noreferrer noopener\" href=\"https:\/\/twitter.com\/Senoticias\" target=\"_blank\">Twitter<\/a>,\u00a0<a rel=\"noreferrer noopener\" href=\"https:\/\/www.facebook.com\/senoticias1\" target=\"_blank\">Facebook<\/a>\u00a0e no\u00a0<a rel=\"noreferrer noopener\" href=\"https:\/\/www.instagram.com\/senoticias\/\" target=\"_blank\">Instagram<\/a><\/em><\/strong><br><br><strong><em>Fonte: Estad\u00e3o Conte\u00fado <\/em><\/strong><\/p>\n","protected":false},"excerpt":{"rendered":"<p>O Minist\u00e9rio P\u00fablico Federal pediu a cassa\u00e7\u00e3o do mandato do senador S\u00e9rgio Moro (Uni\u00e3o Brasil-PR), sob a alega\u00e7\u00e3o de abuso do poder econ\u00f4mico durante a campanha eleitoral do ano passado. As a\u00e7\u00f5es foram propostas pelo PL do ex-presidente Jair Bolsonaro e tamb\u00e9m pela federa\u00e7\u00e3o de partidos composta por PT, PV e PCdoB. Em parecer protocolado [&hellip;]<\/p>\n","protected":false},"author":6557,"featured_media":0,"comment_status":"closed","ping_status":"closed","sticky":false,"template":"","format":"standard","meta":{"footnotes":""},"categories":[15,6,1],"tags":[2726,4608,40754,16655],"class_list":{"0":"post-140389","1":"post","2":"type-post","3":"status-publish","4":"format-standard","6":"category-destaques","7":"category-politica","8":"category-sem-categoria","9":"tag-ministerio-publico","10":"tag-ministerio-publico-federal","11":"tag-moro-senador","12":"tag-sergio-moro-2"},"_links":{"self":[{"href":"https:\/\/senoticias.com.br\/se\/wp-json\/wp\/v2\/posts\/140389"}],"collection":[{"href":"https:\/\/senoticias.com.br\/se\/wp-json\/wp\/v2\/posts"}],"about":[{"href":"https:\/\/senoticias.com.br\/se\/wp-json\/wp\/v2\/types\/post"}],"author":[{"embeddable":true,"href":"https:\/\/senoticias.com.br\/se\/wp-json\/wp\/v2\/users\/6557"}],"replies":[{"embeddable":true,"href":"https:\/\/senoticias.com.br\/se\/wp-json\/wp\/v2\/comments?post=140389"}],"version-history":[{"count":0,"href":"https:\/\/senoticias.com.br\/se\/wp-json\/wp\/v2\/posts\/140389\/revisions"}],"wp:attachment":[{"href":"https:\/\/senoticias.com.br\/se\/wp-json\/wp\/v2\/media?parent=140389"}],"wp:term":[{"taxonomy":"category","embeddable":true,"href":"https:\/\/senoticias.com.br\/se\/wp-json\/wp\/v2\/categories?post=140389"},{"taxonomy":"post_tag","embeddable":true,"href":"https:\/\/senoticias.com.br\/se\/wp-json\/wp\/v2\/tags?post=140389"}],"curies":[{"name":"wp","href":"https:\/\/api.w.org\/{rel}","templated":true}]}}