{"id":140385,"date":"2023-12-15T07:45:51","date_gmt":"2023-12-15T10:45:51","guid":{"rendered":"https:\/\/senoticias.com.br\/se\/?p=140385"},"modified":"2023-12-15T08:39:25","modified_gmt":"2023-12-15T11:39:25","slug":"tres-suspeitos-morrem-em-confronto-com-policiais-civis-durante-operacao-em-aracaju","status":"publish","type":"post","link":"https:\/\/senoticias.com.br\/se\/tres-suspeitos-morrem-em-confronto-com-policiais-civis-durante-operacao-em-aracaju\/","title":{"rendered":"Tr\u00eas suspeitos morrem em confronto com policiais civis durante opera\u00e7\u00e3o em Aracaju"},"content":{"rendered":"\n<p><\/p>\n\n\n\n<p>Na manh\u00e3 desta sexta-feira, 15, uma opera\u00e7\u00e3o do Departamento de Narc\u00f3ticos (Denarc), da Pol\u00edcia Civil de Sergipe desarticulou uma associa\u00e7\u00e3o criminosa voltada para o tr\u00e1fico de drogas que atuava na regi\u00e3o do <strong>bairro Am\u00e9rica, na Zona Oeste de Aracaju<\/strong>. Tr\u00eas homens foram localizados durante cumprimento de mandados de busca na localidade. Eles entraram em confronto e n\u00e3o resistiram e morreram. Armas, drogas e celulares foram apreendido.<\/p>\n\n\n\n<figure class=\"wp-block-image size-large\"><img loading=\"lazy\" decoding=\"async\" width=\"576\" height=\"324\" src=\"https:\/\/senoticias.com.br\/se\/wp-content\/uploads\/2023\/12\/Denarc-SE-Noticias.jpeg\" alt=\"\" class=\"wp-image-140386\" srcset=\"https:\/\/senoticias.com.br\/se\/wp-content\/uploads\/2023\/12\/Denarc-SE-Noticias.jpeg 576w, https:\/\/senoticias.com.br\/se\/wp-content\/uploads\/2023\/12\/Denarc-SE-Noticias-300x169.jpeg 300w\" sizes=\"(max-width: 576px) 100vw, 576px\" \/><figcaption>Armas, drogas e celulares foram apreendidos durante a a\u00e7\u00e3o policial que ocorreu no bairro Am\u00e9rica nesta sexta-feira, 15 &#8211; Foto: SSP\/SE<\/figcaption><\/figure>\n\n\n\n<p>De acordo com a delegada Andrezza Cavalcanti, do Denarc, o grupo criminoso utilizava alguns pontos comerciais para a venda da droga. \u201cE tamb\u00e9m com o uso de armas de fogo, causaram terror na popula\u00e7\u00e3o local. A partir de den\u00fancias an\u00f4nimas, come\u00e7amos os levantamentos da investiga\u00e7\u00e3o h\u00e1 uns quatro meses\u201d, revelou.<\/p>\n\n\n\n<p>No decorrer da apura\u00e7\u00e3o policial, os suspeitos foram identificados. \u201cIdentificamos que dois tratavam-se de irm\u00e3os do traficante que dominava a \u00e1rea, al\u00e9m do bra\u00e7o direito deles, que era m\u00e3o armada do grupo. O grupo utilizava de amea\u00e7as, amedrontando para que ningu\u00e9m denunciasse, vendendo drogas a c\u00e9u aberto\u201d, revelou a delegada.<\/p>\n\n\n\n<p>Durante a opera\u00e7\u00e3o desta sexta-feira, tr\u00eas investigados entraram em confronto com as equipes policiais, foram atingidos, socorridos, mas n\u00e3o resistiram e morreram. \u201cOs tr\u00eas eram os principais envolvidos, que eram os chefes do grupo. Dentre eles, dois irm\u00e3os de um homem que est\u00e1 preso em pres\u00eddio federal\u201d, explicou Andrezza Cavalcanti.<\/p>\n\n\n\n<p>Na a\u00e7\u00e3o policial, foram apreendidas drogas, armas e celulares. \u201cVamos dar continuidade \u00e0s investiga\u00e7\u00f5es, e os celulares v\u00e3o ser submetidos a per\u00edcia para conseguirmos mais informa\u00e7\u00f5es e materialidade da comprova\u00e7\u00e3o do tr\u00e1fico dessa associa\u00e7\u00e3o criminosa\u201d, finalizou a delegada integrante do Denarc.<\/p>\n\n\n\n<p><strong><em>Acompanhe tamb\u00e9m o SE Not\u00edcias no&nbsp;<a rel=\"noreferrer noopener\" href=\"https:\/\/twitter.com\/Senoticias\" target=\"_blank\">Twitter<\/a>,&nbsp;<a rel=\"noreferrer noopener\" href=\"https:\/\/www.facebook.com\/senoticias1\" target=\"_blank\">Facebook<\/a>&nbsp;e no&nbsp;<a rel=\"noreferrer noopener\" href=\"https:\/\/www.instagram.com\/senoticias\/\" target=\"_blank\">Instagram<\/a><\/em><\/strong><br><br>Fonte: SSP\/SE<\/p>\n","protected":false},"excerpt":{"rendered":"<p>Na manh\u00e3 desta sexta-feira, 15, uma opera\u00e7\u00e3o do Departamento de Narc\u00f3ticos (Denarc), da Pol\u00edcia Civil de Sergipe desarticulou uma associa\u00e7\u00e3o criminosa voltada para o tr\u00e1fico de drogas que atuava na regi\u00e3o do bairro Am\u00e9rica, na Zona Oeste de Aracaju. Tr\u00eas homens foram localizados durante cumprimento de mandados de busca na localidade. Eles entraram em confronto [&hellip;]<\/p>\n","protected":false},"author":6557,"featured_media":0,"comment_status":"closed","ping_status":"closed","sticky":false,"template":"","format":"standard","meta":{"footnotes":""},"categories":[15,7],"tags":[8146,76,78,35576],"class_list":{"0":"post-140385","1":"post","2":"type-post","3":"status-publish","4":"format-standard","6":"category-destaques","7":"category-policia","8":"tag-bairro-america","9":"tag-denarc","10":"tag-policia-civil","11":"tag-tres-mortos-2"},"_links":{"self":[{"href":"https:\/\/senoticias.com.br\/se\/wp-json\/wp\/v2\/posts\/140385"}],"collection":[{"href":"https:\/\/senoticias.com.br\/se\/wp-json\/wp\/v2\/posts"}],"about":[{"href":"https:\/\/senoticias.com.br\/se\/wp-json\/wp\/v2\/types\/post"}],"author":[{"embeddable":true,"href":"https:\/\/senoticias.com.br\/se\/wp-json\/wp\/v2\/users\/6557"}],"replies":[{"embeddable":true,"href":"https:\/\/senoticias.com.br\/se\/wp-json\/wp\/v2\/comments?post=140385"}],"version-history":[{"count":0,"href":"https:\/\/senoticias.com.br\/se\/wp-json\/wp\/v2\/posts\/140385\/revisions"}],"wp:attachment":[{"href":"https:\/\/senoticias.com.br\/se\/wp-json\/wp\/v2\/media?parent=140385"}],"wp:term":[{"taxonomy":"category","embeddable":true,"href":"https:\/\/senoticias.com.br\/se\/wp-json\/wp\/v2\/categories?post=140385"},{"taxonomy":"post_tag","embeddable":true,"href":"https:\/\/senoticias.com.br\/se\/wp-json\/wp\/v2\/tags?post=140385"}],"curies":[{"name":"wp","href":"https:\/\/api.w.org\/{rel}","templated":true}]}}