{"id":140350,"date":"2023-12-13T13:22:30","date_gmt":"2023-12-13T16:22:30","guid":{"rendered":"https:\/\/senoticias.com.br\/se\/?p=140350"},"modified":"2023-12-13T13:22:38","modified_gmt":"2023-12-13T16:22:38","slug":"pm-prende-mulher-por-suspeita-de-maus-tratos-contra-o-proprio-filho-em-lagarto","status":"publish","type":"post","link":"https:\/\/senoticias.com.br\/se\/pm-prende-mulher-por-suspeita-de-maus-tratos-contra-o-proprio-filho-em-lagarto\/","title":{"rendered":"PM prende mulher por suspeita de maus-tratos contra o pr\u00f3prio filho em Lagarto"},"content":{"rendered":"\n<p>Policiais do 7\u00ba Batalh\u00e3o de Pol\u00edcia Militar (7\u00ba BPM) prenderam uma mulher suspeita de cometer crime de maus-tratos contra o pr\u00f3prio filho, uma crian\u00e7a de apenas dois anos de idade. O fato foi registrado nessa ter\u00e7a-feira, 12, no munic\u00edpio de Lagarto, na regi\u00e3o Centro-Sul do estado.<\/p>\n\n\n\n<figure class=\"wp-block-image size-large\"><img loading=\"lazy\" decoding=\"async\" width=\"600\" height=\"400\" src=\"https:\/\/senoticias.com.br\/se\/wp-content\/uploads\/2023\/12\/pm-senoticias-1.jpeg\" alt=\"\" class=\"wp-image-140351\" srcset=\"https:\/\/senoticias.com.br\/se\/wp-content\/uploads\/2023\/12\/pm-senoticias-1.jpeg 600w, https:\/\/senoticias.com.br\/se\/wp-content\/uploads\/2023\/12\/pm-senoticias-1-300x200.jpeg 300w, https:\/\/senoticias.com.br\/se\/wp-content\/uploads\/2023\/12\/pm-senoticias-1-90x60.jpeg 90w, https:\/\/senoticias.com.br\/se\/wp-content\/uploads\/2023\/12\/pm-senoticias-1-180x120.jpeg 180w, https:\/\/senoticias.com.br\/se\/wp-content\/uploads\/2023\/12\/pm-senoticias-1-95x64.jpeg 95w\" sizes=\"(max-width: 600px) 100vw, 600px\" \/><figcaption>\nCaso aconteceu no povoado Col\u00f4nia Treze<\/figcaption><\/figure>\n\n\n\n<p>Ap\u00f3s uma den\u00fancia de maus-tratos no Povoado Col\u00f4nia Treze, a equipe policial se deslocou para o local do fato. Assim que chegaram \u00e0 resid\u00eancia informada, os militares encontraram uma crian\u00e7a nos bra\u00e7os do padrasto e com ferimentos.<\/p>\n\n\n\n<p>Os policiais procuraram pessoas da vizinhan\u00e7a para entender o que estava acontecendo, e foram informados de que a m\u00e3e da crian\u00e7a passou todo o dia fora de casa e ingerindo bebida alc\u00f3olica. Ainda de acordo com os populares, \u00e0 noite, a mulher retornou para a sua resid\u00eancia em estado de embriaguez e agrediu o pr\u00f3prio filho.<\/p>\n\n\n\n<p>Diante das evid\u00eancias do fato, os policiais acionaram o Conselho Tutelar local, que encaminhou a v\u00edtima para o atendimento m\u00e9dico.<\/p>\n\n\n\n<p>A suposta agressora foi presa em flagrante e encaminhada \u00e0 delegacia para que fossem tomadas as medidas cab\u00edveis.<\/p>\n\n\n\n<p><strong><em>Acompanhe tamb\u00e9m o SE Not\u00edcias no\u00a0<a rel=\"noreferrer noopener\" href=\"https:\/\/twitter.com\/Senoticias\" target=\"_blank\">Twitter<\/a>,\u00a0<a rel=\"noreferrer noopener\" href=\"https:\/\/www.facebook.com\/senoticias1\" target=\"_blank\">Facebook<\/a>\u00a0e no\u00a0<a rel=\"noreferrer noopener\" href=\"https:\/\/www.instagram.com\/senoticias\/\" target=\"_blank\">Instagram<\/a><\/em><\/strong><\/p>\n\n\n\n<p>Fonte: Ascom PM\/SE<\/p>\n","protected":false},"excerpt":{"rendered":"<p>Policiais do 7\u00ba Batalh\u00e3o de Pol\u00edcia Militar (7\u00ba BPM) prenderam uma mulher suspeita de cometer crime de maus-tratos contra o pr\u00f3prio filho, uma crian\u00e7a de apenas dois anos de idade. O fato foi registrado nessa ter\u00e7a-feira, 12, no munic\u00edpio de Lagarto, na regi\u00e3o Centro-Sul do estado. Ap\u00f3s uma den\u00fancia de maus-tratos no Povoado Col\u00f4nia Treze, [&hellip;]<\/p>\n","protected":false},"author":6557,"featured_media":0,"comment_status":"closed","ping_status":"closed","sticky":false,"template":"","format":"standard","meta":{"footnotes":""},"categories":[15,7],"tags":[806,34736,86],"class_list":{"0":"post-140350","1":"post","2":"type-post","3":"status-publish","4":"format-standard","6":"category-destaques","7":"category-policia","8":"tag-lagarto","9":"tag-maus-tratos","10":"tag-policia-militar"},"_links":{"self":[{"href":"https:\/\/senoticias.com.br\/se\/wp-json\/wp\/v2\/posts\/140350"}],"collection":[{"href":"https:\/\/senoticias.com.br\/se\/wp-json\/wp\/v2\/posts"}],"about":[{"href":"https:\/\/senoticias.com.br\/se\/wp-json\/wp\/v2\/types\/post"}],"author":[{"embeddable":true,"href":"https:\/\/senoticias.com.br\/se\/wp-json\/wp\/v2\/users\/6557"}],"replies":[{"embeddable":true,"href":"https:\/\/senoticias.com.br\/se\/wp-json\/wp\/v2\/comments?post=140350"}],"version-history":[{"count":0,"href":"https:\/\/senoticias.com.br\/se\/wp-json\/wp\/v2\/posts\/140350\/revisions"}],"wp:attachment":[{"href":"https:\/\/senoticias.com.br\/se\/wp-json\/wp\/v2\/media?parent=140350"}],"wp:term":[{"taxonomy":"category","embeddable":true,"href":"https:\/\/senoticias.com.br\/se\/wp-json\/wp\/v2\/categories?post=140350"},{"taxonomy":"post_tag","embeddable":true,"href":"https:\/\/senoticias.com.br\/se\/wp-json\/wp\/v2\/tags?post=140350"}],"curies":[{"name":"wp","href":"https:\/\/api.w.org\/{rel}","templated":true}]}}