{"id":140343,"date":"2023-12-13T11:08:33","date_gmt":"2023-12-13T14:08:33","guid":{"rendered":"https:\/\/senoticias.com.br\/se\/?p=140343"},"modified":"2023-12-13T11:14:31","modified_gmt":"2023-12-13T14:14:31","slug":"programa-desenrola-e-prorrogado-por-tres-meses","status":"publish","type":"post","link":"https:\/\/senoticias.com.br\/se\/programa-desenrola-e-prorrogado-por-tres-meses\/","title":{"rendered":"Programa Desenrola Brasil \u00e9 prorrogado por tr\u00eas meses"},"content":{"rendered":"\n<figure class=\"wp-block-image size-large\"><img loading=\"lazy\" decoding=\"async\" width=\"1024\" height=\"768\" src=\"https:\/\/senoticias.com.br\/se\/wp-content\/uploads\/2019\/07\/20190721_194938-1024x768.jpg\" alt=\"\" class=\"wp-image-119379\"\/><figcaption> \n\n\nRenegocia\u00e7\u00e3o de d\u00edvidas vai at\u00e9 mar\u00e7o de 2024\n &#8211; Foto: arquivo\/SE Not\u00edcias\n<\/figcaption><\/figure>\n\n\n\n<p>O programa Desenrola foi prorrogado at\u00e9 31 de mar\u00e7o de 2024, tr\u00eas meses al\u00e9m do prazo inicial, que seria o fim deste ano. Medida provis\u00f3ria foi publicada nesta ter\u00e7a-feira (12) no Di\u00e1rio Oficial da Uni\u00e3o., que altera a Lei n\u00ba 14.690, de 3 de outubro de 2023, para prorrogar a dura\u00e7\u00e3o do programa.<\/p>\n\n\n\n<p>Uma portaria do Minist\u00e9rio da Fazenda, tamb\u00e9m publicada hoje, autoriza que contas n\u00edvel Bronze do portal Gov.br possam acessar a plataforma do Desenrola. Antes, somente as contas n\u00edvel prata ou ouro tinham essa autoriza\u00e7\u00e3o.<\/p>\n\n\n\n<p>O Desenrola come\u00e7ou em outubro deste ano para ajudar os brasileiros a limpar o nome. Ele abrange d\u00edvidas feitas entre janeiro de 2019 e dezembro de 2022.<\/p>\n\n\n\n<p>Segundo dados do Minist\u00e9rio da Fazenda, o Desenrola renegociou at\u00e9 agora R$ 29 bilh\u00f5es em d\u00edvidas. Quase 11 milh\u00f5es de pessoas foram beneficiadas.<\/p>\n\n\n\n<p>Em m\u00e9dia, o valor renegociado foi de R$ 250 para pagamento \u00e0 vista e de R$ 790 para pagamento parcelado.<\/p>\n\n\n\n<p>Os setores com o maior n\u00famero de renegocia\u00e7\u00f5es foram o financeiro, de securitizadoras, empresas que compram as d\u00edvidas de consumidores com outras empresas, e contas de luz.<\/p>\n\n\n\n<p><strong><em>Acompanhe tamb\u00e9m o SE Not\u00edcias no\u00a0<a rel=\"noreferrer noopener\" href=\"https:\/\/twitter.com\/Senoticias\" target=\"_blank\">Twitter<\/a>,\u00a0<a rel=\"noreferrer noopener\" href=\"https:\/\/www.facebook.com\/senoticias1\" target=\"_blank\">Facebook<\/a>\u00a0e no\u00a0<a rel=\"noreferrer noopener\" href=\"https:\/\/www.instagram.com\/senoticias\/\" target=\"_blank\">Instagram<\/a><\/em><\/strong><\/p>\n\n\n\n<p>Fonte: Ag\u00eancia Brasil<\/p>\n","protected":false},"excerpt":{"rendered":"<p>O programa Desenrola foi prorrogado at\u00e9 31 de mar\u00e7o de 2024, tr\u00eas meses al\u00e9m do prazo inicial, que seria o fim deste ano. Medida provis\u00f3ria foi publicada nesta ter\u00e7a-feira (12) no Di\u00e1rio Oficial da Uni\u00e3o., que altera a Lei n\u00ba 14.690, de 3 de outubro de 2023, para prorrogar a dura\u00e7\u00e3o do programa. Uma portaria [&hellip;]<\/p>\n","protected":false},"author":6557,"featured_media":0,"comment_status":"closed","ping_status":"closed","sticky":false,"template":"","format":"standard","meta":{"footnotes":""},"categories":[15,6],"tags":[39453,40731,57,39099],"class_list":{"0":"post-140343","1":"post","2":"type-post","3":"status-publish","4":"format-standard","6":"category-destaques","7":"category-politica","8":"tag-desenrola-brasil","9":"tag-desenrola-e-prorrogado","10":"tag-governo-federal","11":"tag-programa-desenrola"},"_links":{"self":[{"href":"https:\/\/senoticias.com.br\/se\/wp-json\/wp\/v2\/posts\/140343"}],"collection":[{"href":"https:\/\/senoticias.com.br\/se\/wp-json\/wp\/v2\/posts"}],"about":[{"href":"https:\/\/senoticias.com.br\/se\/wp-json\/wp\/v2\/types\/post"}],"author":[{"embeddable":true,"href":"https:\/\/senoticias.com.br\/se\/wp-json\/wp\/v2\/users\/6557"}],"replies":[{"embeddable":true,"href":"https:\/\/senoticias.com.br\/se\/wp-json\/wp\/v2\/comments?post=140343"}],"version-history":[{"count":0,"href":"https:\/\/senoticias.com.br\/se\/wp-json\/wp\/v2\/posts\/140343\/revisions"}],"wp:attachment":[{"href":"https:\/\/senoticias.com.br\/se\/wp-json\/wp\/v2\/media?parent=140343"}],"wp:term":[{"taxonomy":"category","embeddable":true,"href":"https:\/\/senoticias.com.br\/se\/wp-json\/wp\/v2\/categories?post=140343"},{"taxonomy":"post_tag","embeddable":true,"href":"https:\/\/senoticias.com.br\/se\/wp-json\/wp\/v2\/tags?post=140343"}],"curies":[{"name":"wp","href":"https:\/\/api.w.org\/{rel}","templated":true}]}}