{"id":140329,"date":"2023-12-12T10:32:43","date_gmt":"2023-12-12T13:32:43","guid":{"rendered":"https:\/\/senoticias.com.br\/se\/?p=140329"},"modified":"2023-12-12T10:32:55","modified_gmt":"2023-12-12T13:32:55","slug":"policia-civil-cumpre-mandado-de-prisao-contra-investigado-por-descumprimento-de-protetiva-em-tobias-barreto","status":"publish","type":"post","link":"https:\/\/senoticias.com.br\/se\/policia-civil-cumpre-mandado-de-prisao-contra-investigado-por-descumprimento-de-protetiva-em-tobias-barreto\/","title":{"rendered":"Pol\u00edcia Civil cumpre mandado de pris\u00e3o contra investigado por descumprimento de protetiva em Tobias Barreto"},"content":{"rendered":"\n<p>Policiais civis da Delegacia de Atendimento a Grupos Vulner\u00e1veis (DAGV) de Tobias Barreto cumpriram o mandado de pris\u00e3o preventiva contra um homem investigado por crimes previstos na Lei Maria da Penha. A a\u00e7\u00e3o policial ocorreu nessa segunda-feira, 11.<\/p>\n\n\n\n<figure class=\"wp-block-image size-large\"><img loading=\"lazy\" decoding=\"async\" width=\"599\" height=\"418\" src=\"https:\/\/senoticias.com.br\/se\/wp-content\/uploads\/2023\/12\/policia-senoticias-e1702387924738.jpeg\" alt=\"\" class=\"wp-image-140330\"\/><figcaption>Investigado j\u00e1 respondia por amea\u00e7a, vias de fato e inj\u00faria\n<\/figcaption><\/figure>\n\n\n\n<p>De acordo com as informa\u00e7\u00f5es, a decis\u00e3o judicial de pris\u00e3o \u00e9 decorrente de descumprimento de medida protetiva e amea\u00e7a.<\/p>\n\n\n\n<p>Ainda segundo o apurado pela DAGV de Tobias Barreto, o investigado j\u00e1 responde por amea\u00e7a, vias de fato e inj\u00faria.<\/p>\n\n\n\n<p>A Pol\u00edcia Civil refor\u00e7a que a popula\u00e7\u00e3o tamb\u00e9m pode contribuir com a localiza\u00e7\u00e3o e pris\u00e3o de suspeitos de a\u00e7\u00f5es criminosas e foragidos da Justi\u00e7a. Informa\u00e7\u00f5es e den\u00fancias podem ser repassadas ao Disque-Den\u00fancia (181).<\/p>\n\n\n\n<p><strong><em>Acompanhe tamb\u00e9m o SE Not\u00edcias no&nbsp;<a rel=\"noreferrer noopener\" href=\"https:\/\/twitter.com\/Senoticias\" target=\"_blank\">Twitter<\/a>,&nbsp;<a rel=\"noreferrer noopener\" href=\"https:\/\/www.facebook.com\/senoticias1\" target=\"_blank\">Facebook<\/a>&nbsp;e no&nbsp;<a rel=\"noreferrer noopener\" href=\"https:\/\/www.instagram.com\/senoticias\/\" target=\"_blank\">Instagram<\/a><\/em><\/strong><\/p>\n\n\n\n<p>Fonte: Policia civil SE<\/p>\n","protected":false},"excerpt":{"rendered":"<p>Policiais civis da Delegacia de Atendimento a Grupos Vulner\u00e1veis (DAGV) de Tobias Barreto cumpriram o mandado de pris\u00e3o preventiva contra um homem investigado por crimes previstos na Lei Maria da Penha. A a\u00e7\u00e3o policial ocorreu nessa segunda-feira, 11. De acordo com as informa\u00e7\u00f5es, a decis\u00e3o judicial de pris\u00e3o \u00e9 decorrente de descumprimento de medida protetiva [&hellip;]<\/p>\n","protected":false},"author":6557,"featured_media":0,"comment_status":"closed","ping_status":"closed","sticky":false,"template":"","format":"standard","meta":{"footnotes":""},"categories":[15,7],"tags":[10809,78,468],"class_list":{"0":"post-140329","1":"post","2":"type-post","3":"status-publish","4":"format-standard","6":"category-destaques","7":"category-policia","8":"tag-dagv","9":"tag-policia-civil","10":"tag-tobias-barreto"},"_links":{"self":[{"href":"https:\/\/senoticias.com.br\/se\/wp-json\/wp\/v2\/posts\/140329"}],"collection":[{"href":"https:\/\/senoticias.com.br\/se\/wp-json\/wp\/v2\/posts"}],"about":[{"href":"https:\/\/senoticias.com.br\/se\/wp-json\/wp\/v2\/types\/post"}],"author":[{"embeddable":true,"href":"https:\/\/senoticias.com.br\/se\/wp-json\/wp\/v2\/users\/6557"}],"replies":[{"embeddable":true,"href":"https:\/\/senoticias.com.br\/se\/wp-json\/wp\/v2\/comments?post=140329"}],"version-history":[{"count":0,"href":"https:\/\/senoticias.com.br\/se\/wp-json\/wp\/v2\/posts\/140329\/revisions"}],"wp:attachment":[{"href":"https:\/\/senoticias.com.br\/se\/wp-json\/wp\/v2\/media?parent=140329"}],"wp:term":[{"taxonomy":"category","embeddable":true,"href":"https:\/\/senoticias.com.br\/se\/wp-json\/wp\/v2\/categories?post=140329"},{"taxonomy":"post_tag","embeddable":true,"href":"https:\/\/senoticias.com.br\/se\/wp-json\/wp\/v2\/tags?post=140329"}],"curies":[{"name":"wp","href":"https:\/\/api.w.org\/{rel}","templated":true}]}}