{"id":140302,"date":"2023-12-11T11:32:45","date_gmt":"2023-12-11T14:32:45","guid":{"rendered":"https:\/\/senoticias.com.br\/se\/?p=140302"},"modified":"2023-12-11T11:32:50","modified_gmt":"2023-12-11T14:32:50","slug":"decimo-terceiro-salario-ja-esta-disponivel-na-conta-dos-servidores-de-sao-cristovao","status":"publish","type":"post","link":"https:\/\/senoticias.com.br\/se\/decimo-terceiro-salario-ja-esta-disponivel-na-conta-dos-servidores-de-sao-cristovao\/","title":{"rendered":"D\u00e9cimo terceiro sal\u00e1rio j\u00e1 est\u00e1 dispon\u00edvel na conta dos servidores de S\u00e3o Crist\u00f3v\u00e3o"},"content":{"rendered":"\n<p><\/p>\n\n\n\n<p>Nesta segunda-feira, 11, os servidores p\u00fablicos municipais j\u00e1 podem sacar o 13\u00ba sal\u00e1rio. Com o montante, mais de R$ 4 milh\u00e3o ser\u00e3o injetados na economia local.<\/p>\n\n\n\n<p>Na contram\u00e3o da crise e em total respeito aos servidores, o prefeito de S\u00e3o Crist\u00f3v\u00e3o, Marcos Santana, confirmou para esta segunda-feira, 11, o pagamento do d\u00e9cimo terceiro sal\u00e1rio de todos os servidores (concursados e comissionados). Para quem \u00e9 efetivo a primeira parcela foi paga no m\u00eas de anivers\u00e1rio do servidor.<\/p>\n\n\n\n<p>&#8220;Pudemos proporcionar o pagamento do 13\u00ba sal\u00e1rio, atrav\u00e9s de uma gest\u00e3o equilibrada unida \u00e0 esfor\u00e7os de todas as secretarias, visando sempre fomentar a economia local e valorizar o servidor p\u00fablico municipal&#8221;, destacou o prefeito Marcos Santana.<\/p>\n\n\n\n<p>De acordo com o secret\u00e1rio da Fazenda, Eldro Fran\u00e7a a medida cumpre com o direito do trabalhador e ainda dever\u00e1 incrementar a economia do munic\u00edpio. \u201cGra\u00e7as \u00e0s medidas de economia adotadas pela administra\u00e7\u00e3o, como redu\u00e7\u00e3o do n\u00famero de carros locados, uso consciente de telefone, energia el\u00e9trica e combust\u00edvel, o gestor municipal pode reservar o dinheiro para honrar o pagamento do d\u00e9cimo terceiro sal\u00e1rio de todos os servidores. Sabemos da expectativa das fam\u00edlias quanto a esse dinheiro, afinal, muitas o utilizam para pagar contas, comprar presentes, planejar as festividades de fim de ano ou at\u00e9 uma viagem. A crise \u00e9 grande, atingiu a maioria das prefeituras, muitas est\u00e3o parcelando o pagamento ou at\u00e9 deixando para o ano que vem o d\u00e9cimo terceiro, mas aqui o dinheiro j\u00e1 est\u00e1 na conta do servidor j\u00e1 neste dia 11\u201d, disse Eldro, que completou que o montante para o pagamento do d\u00e9cimo terceiro chega a mais de R$ 4 milh\u00f5es.<\/p>\n\n\n\n<p><strong><em>Acompanhe tamb\u00e9m o SE Not\u00edcias no\u00a0<a rel=\"noreferrer noopener\" href=\"https:\/\/twitter.com\/Senoticias\" target=\"_blank\">Twitter<\/a>,\u00a0<a rel=\"noreferrer noopener\" href=\"https:\/\/www.facebook.com\/senoticias1\" target=\"_blank\">Facebook<\/a>\u00a0e no\u00a0<a rel=\"noreferrer noopener\" href=\"https:\/\/www.instagram.com\/senoticias\/\" target=\"_blank\">Instagram<\/a><\/em><\/strong><\/p>\n\n\n\n<p><strong><em>Reda\u00e7\u00e3o SE Not\u00edcias<\/em><\/strong><\/p>\n","protected":false},"excerpt":{"rendered":"<p>Nesta segunda-feira, 11, os servidores p\u00fablicos municipais j\u00e1 podem sacar o 13\u00ba sal\u00e1rio. Com o montante, mais de R$ 4 milh\u00e3o ser\u00e3o injetados na economia local. Na contram\u00e3o da crise e em total respeito aos servidores, o prefeito de S\u00e3o Crist\u00f3v\u00e3o, Marcos Santana, confirmou para esta segunda-feira, 11, o pagamento do d\u00e9cimo terceiro sal\u00e1rio de [&hellip;]<\/p>\n","protected":false},"author":6557,"featured_media":0,"comment_status":"closed","ping_status":"closed","sticky":false,"template":"","format":"standard","meta":{"footnotes":""},"categories":[1],"tags":[],"class_list":{"0":"post-140302","1":"post","2":"type-post","3":"status-publish","4":"format-standard","6":"category-sem-categoria"},"_links":{"self":[{"href":"https:\/\/senoticias.com.br\/se\/wp-json\/wp\/v2\/posts\/140302"}],"collection":[{"href":"https:\/\/senoticias.com.br\/se\/wp-json\/wp\/v2\/posts"}],"about":[{"href":"https:\/\/senoticias.com.br\/se\/wp-json\/wp\/v2\/types\/post"}],"author":[{"embeddable":true,"href":"https:\/\/senoticias.com.br\/se\/wp-json\/wp\/v2\/users\/6557"}],"replies":[{"embeddable":true,"href":"https:\/\/senoticias.com.br\/se\/wp-json\/wp\/v2\/comments?post=140302"}],"version-history":[{"count":0,"href":"https:\/\/senoticias.com.br\/se\/wp-json\/wp\/v2\/posts\/140302\/revisions"}],"wp:attachment":[{"href":"https:\/\/senoticias.com.br\/se\/wp-json\/wp\/v2\/media?parent=140302"}],"wp:term":[{"taxonomy":"category","embeddable":true,"href":"https:\/\/senoticias.com.br\/se\/wp-json\/wp\/v2\/categories?post=140302"},{"taxonomy":"post_tag","embeddable":true,"href":"https:\/\/senoticias.com.br\/se\/wp-json\/wp\/v2\/tags?post=140302"}],"curies":[{"name":"wp","href":"https:\/\/api.w.org\/{rel}","templated":true}]}}