{"id":140292,"date":"2023-12-10T11:40:00","date_gmt":"2023-12-10T14:40:00","guid":{"rendered":"https:\/\/senoticias.com.br\/se\/?p=140292"},"modified":"2023-12-10T12:07:44","modified_gmt":"2023-12-10T15:07:44","slug":"movimento-ocupa-rede-de-supermercados-carrefour-por-um-natal-sem-fome","status":"publish","type":"post","link":"https:\/\/senoticias.com.br\/se\/movimento-ocupa-rede-de-supermercados-carrefour-por-um-natal-sem-fome\/","title":{"rendered":"Movimento ocupa rede de supermercados Carrefour por um Natal sem fome"},"content":{"rendered":"\n<p><\/p>\n\n\n\n<p>O Movimento de Luta nos Bairros, Vilas e Favelas (MLB) ocupou, neste s\u00e1bado (9), unidades da rede de supermercados Carrefour em diversos estados do Brasil. A a\u00e7\u00e3o faz parte da mobiliza\u00e7\u00e3o &#8220;Natal sem fome&#8221; do movimento, que busca evidenciar a falta de comida para as fam\u00edlias mais pobres durante este per\u00edodo do ano.<\/p>\n\n\n\n<p>&#8220;Nesta \u00e9poca do ano, \u00e9 comum assistirmos pela TV cenas de mesa farta e presentes nas reuni\u00f5es familiares. Mas a verdade \u00e9 que grande parte das fam\u00edlias brasileiras passar\u00e1 o Natal com fome ou sem a certeza de um prato de comida em todas as refei\u00e7\u00f5es&#8221;, denunciou o MLB.<\/p>\n\n\n\n<figure class=\"wp-block-image size-large\"><img loading=\"lazy\" decoding=\"async\" width=\"584\" height=\"486\" src=\"https:\/\/senoticias.com.br\/se\/wp-content\/uploads\/2023\/12\/MLB-SE-Noticias.jpeg\" alt=\"\" class=\"wp-image-140293\" srcset=\"https:\/\/senoticias.com.br\/se\/wp-content\/uploads\/2023\/12\/MLB-SE-Noticias.jpeg 584w, https:\/\/senoticias.com.br\/se\/wp-content\/uploads\/2023\/12\/MLB-SE-Noticias-300x250.jpeg 300w\" sizes=\"(max-width: 584px) 100vw, 584px\" \/><figcaption>Em Aracaju, o MBL agitou um supermercado na avenida Tancredo Neves &#8211; Foto: reprodu\u00e7\u00e3o\/MLB<\/figcaption><\/figure>\n\n\n\n<p>Em Aracaju, o MBL agitou um supermercado na avenida Tancredo Neves, quando participantes solicitaram cestas b\u00e1sicas como forma de protesto. V\u00eddeos do evento circularam amplamente nas redes sociais, destacando a a\u00e7\u00e3o do movimento.<\/p>\n\n\n\n<p>Houve registros de mobiliza\u00e7\u00e3o em S\u00e3o Paulo, Natal, Bel\u00e9m, Fortaleza, Belo Horizonte, Salvador e Rio de Janeiro. A estrat\u00e9gia do movimento ao ocupar a rede de supermercados \u00e9 para denunciar o desperd\u00edcio de alimentos nestes estabelecimentos e os crimes de racismo e homofobia registrados nestas unidades nos \u00faltimos anos.<\/p>\n\n\n\n<p>&#8220;Estamos aqui reivindicando cestas b\u00e1sicas para as fam\u00edlias que nesse natal n\u00e3o ter\u00e3o o que comer e tamb\u00e9m denunciando n\u00e3o apenas essa rede, mas tantas outras que lucram em cima da mis\u00e9ria do povo!&#8221;, escreveu o MLB em uma das postagens nas redes sociais.<\/p>\n\n\n\n<p>Em nota, o Carrefour afirmou que foi &#8220;surpreendido&#8221; este ano pela manifesta\u00e7\u00e3o do movimento porque n\u00e3o foi procurado pelas lideran\u00e7as do MLB para uma negocia\u00e7\u00e3o. Disse que tem mantido di\u00e1logo aberto com as lideran\u00e7as do MLB, com quem &#8220;tem contribu\u00eddo anualmente, toda vez que as respectivas lideran\u00e7as&#8221; procuraram a administra\u00e7\u00e3o do grupo.<\/p>\n\n\n\n<p>A empresa tamb\u00e9m afirmou que &#8220;o combate \u00e0 fome e \u00e0 desigualdade \u00e9 um dos pilares priorit\u00e1rios do Grupo, compromisso mantido com in\u00fameros parceiros que t\u00eam dialogado com a empresa de forma permanente, em todas as regi\u00f5es do Pa\u00eds. Somente este ano doamos mais de 3.600 toneladas de alimentos, equivalente a mais de 14 milh\u00f5es de refei\u00e7\u00f5es complementares&#8221;.<\/p>\n\n\n\n<p><strong><em>Acompanhe tamb\u00e9m o SE Not\u00edcias no\u00a0<a rel=\"noreferrer noopener\" href=\"https:\/\/twitter.com\/Senoticias\" target=\"_blank\">Twitter<\/a>,\u00a0<a rel=\"noreferrer noopener\" href=\"https:\/\/www.facebook.com\/senoticias1\" target=\"_blank\">Facebook<\/a>\u00a0e no\u00a0<a rel=\"noreferrer noopener\" href=\"https:\/\/www.instagram.com\/senoticias\/\" target=\"_blank\">Instagram<\/a><\/em><\/strong><\/p>\n\n\n\n<p>Fonte: Brasil de Fato<\/p>\n","protected":false},"excerpt":{"rendered":"<p>O Movimento de Luta nos Bairros, Vilas e Favelas (MLB) ocupou, neste s\u00e1bado (9), unidades da rede de supermercados Carrefour em diversos estados do Brasil. A a\u00e7\u00e3o faz parte da mobiliza\u00e7\u00e3o &#8220;Natal sem fome&#8221; do movimento, que busca evidenciar a falta de comida para as fam\u00edlias mais pobres durante este per\u00edodo do ano. &#8220;Nesta \u00e9poca [&hellip;]<\/p>\n","protected":false},"author":6557,"featured_media":0,"comment_status":"closed","ping_status":"closed","sticky":false,"template":"","format":"standard","meta":{"footnotes":""},"categories":[15,6,1],"tags":[34277,34279,40703,40702,34280],"class_list":{"0":"post-140292","1":"post","2":"type-post","3":"status-publish","4":"format-standard","6":"category-destaques","7":"category-politica","8":"category-sem-categoria","9":"tag-mlb","10":"tag-movimento-de-luta-nos-bairros","11":"tag-natal-sem-fome","12":"tag-supermercados-carrefour","13":"tag-vilas-e-favelas"},"_links":{"self":[{"href":"https:\/\/senoticias.com.br\/se\/wp-json\/wp\/v2\/posts\/140292"}],"collection":[{"href":"https:\/\/senoticias.com.br\/se\/wp-json\/wp\/v2\/posts"}],"about":[{"href":"https:\/\/senoticias.com.br\/se\/wp-json\/wp\/v2\/types\/post"}],"author":[{"embeddable":true,"href":"https:\/\/senoticias.com.br\/se\/wp-json\/wp\/v2\/users\/6557"}],"replies":[{"embeddable":true,"href":"https:\/\/senoticias.com.br\/se\/wp-json\/wp\/v2\/comments?post=140292"}],"version-history":[{"count":0,"href":"https:\/\/senoticias.com.br\/se\/wp-json\/wp\/v2\/posts\/140292\/revisions"}],"wp:attachment":[{"href":"https:\/\/senoticias.com.br\/se\/wp-json\/wp\/v2\/media?parent=140292"}],"wp:term":[{"taxonomy":"category","embeddable":true,"href":"https:\/\/senoticias.com.br\/se\/wp-json\/wp\/v2\/categories?post=140292"},{"taxonomy":"post_tag","embeddable":true,"href":"https:\/\/senoticias.com.br\/se\/wp-json\/wp\/v2\/tags?post=140292"}],"curies":[{"name":"wp","href":"https:\/\/api.w.org\/{rel}","templated":true}]}}