{"id":140290,"date":"2023-12-10T09:22:20","date_gmt":"2023-12-10T12:22:20","guid":{"rendered":"https:\/\/senoticias.com.br\/se\/?p=140290"},"modified":"2023-12-10T09:22:33","modified_gmt":"2023-12-10T12:22:33","slug":"sofia-valim-filha-do-prefeito-de-caucaia-vitor-valim-morre-aos-19-anos","status":"publish","type":"post","link":"https:\/\/senoticias.com.br\/se\/sofia-valim-filha-do-prefeito-de-caucaia-vitor-valim-morre-aos-19-anos\/","title":{"rendered":"Sofia Valim, filha do prefeito de Caucaia Vitor Valim, morre aos 19 anos"},"content":{"rendered":"\n<p><\/p>\n\n\n\n<p>Maria Sofia Valim, de 19 anos, teve morte confirmada neste s\u00e1bado, 9, ap\u00f3s complica\u00e7\u00f5es de uma cirurgia de transplante de f\u00edgado realizada na \u00faltima quinta-feira, 7. Ela \u00e9 filha mais velha do casal Vitor Valim (PSB), prefeito de Caucaia, e Ga\u00edda Dias. A informa\u00e7\u00e3o foi confirmada pelo pr\u00f3prio Valim em nota nas redes sociais.<\/p>\n\n\n\n<p>&#8220;\u00c9 com a mais profunda dor e tristeza que comunico a todos o falecimento de minha t\u00e3o amada filha Sofia. Infelizmente, seu organismo n\u00e3o resistiu. Agrade\u00e7o a todos pelas ora\u00e7\u00f5es e carinho dedicados a mim e \u00e0 minha fam\u00edlia nesse momento de extremo sofrimento&#8221;, diz o prefeito.<\/p>\n\n\n\n<figure class=\"wp-block-image size-large\"><img loading=\"lazy\" decoding=\"async\" width=\"593\" height=\"696\" src=\"https:\/\/senoticias.com.br\/se\/wp-content\/uploads\/2023\/12\/Morre-Sofia-SE-Noticias.jpg\" alt=\"\" class=\"wp-image-140291\" srcset=\"https:\/\/senoticias.com.br\/se\/wp-content\/uploads\/2023\/12\/Morre-Sofia-SE-Noticias.jpg 593w, https:\/\/senoticias.com.br\/se\/wp-content\/uploads\/2023\/12\/Morre-Sofia-SE-Noticias-256x300.jpg 256w\" sizes=\"(max-width: 593px) 100vw, 593px\" \/><figcaption>A jovem influenciadora sofreu complica\u00e7\u00f5es ap\u00f3s um transplante de f\u00edgado &#8211; Foto @elenahilarioo<\/figcaption><\/figure>\n\n\n\n<p>A morte provocou forte onda de solidariedade entre pol\u00edticos do Cear\u00e1, com manifesta\u00e7\u00f5es do ministro Camilo Santana (Educa\u00e7\u00e3o), do governador Elmano de Freitas (PT), do prefeito de Fortaleza, Jos\u00e9 Sarto (PDT), da vice-governadora Jade Romero (MDB), do presidente da Assembleia Legislativa, Evandro Leit\u00e3o (PDT), e de uma s\u00e9rie de outros parlamentares do Estado.<\/p>\n\n\n\n<p>O caso de Sofia se tornou p\u00fablico nesta semana, quando o prefeito anunciou que Sofia havia entrado na fila de transplante de f\u00edgado, devido ao agravamento do seu quadro delicado de sa\u00fade. Dois dias ap\u00f3s entrar na fila de transplante do Sistema \u00danico de Sa\u00fade (SUS), o prefeito informou que Sofia conseguiu um doador compat\u00edvel, devido \u00e0 urg\u00eancia, e realizou a cirurgia bem-sucedida.<\/p>\n\n\n\n<p>Na mensagem do prefeito, ele lembrou que as 48 horas posteriores \u00e0 cirurgia seriam de observa\u00e7\u00e3o do quadro cl\u00ednico de sua filha, para saber se o corpo de Sofia reagiria bem e aceitaria o novo \u00f3rg\u00e3o. \u201cDeixo aqui os meus mais sinceros agradecimentos \u00e0 fam\u00edlia doadora pela sensibilidade e por ajudar a devolver a vida da minha filha. Que Deus os aben\u00e7oe\u201d, escreveu Vitor Valim nas redes sociais.<\/p>\n\n\n\n<p>Quem \u00e9 Sofia Valim?<\/p>\n\n\n\n<p>Sofia Valim, de 19 anos, \u00e9 conhecida por entre os internautas pela produ\u00e7\u00e3o de conte\u00fados no Tiktok, onde possui 456 mil seguidores.<\/p>\n\n\n\n<p>No Instagram, a jovem \u00e9 seguida por 66,7 mil pessoas. Na plataforma, ela exibia viagens ao lado de amigos e fam\u00edlia, bem como dicas de moda e beleza.<\/p>\n\n\n\n<p>Al\u00e9m de criadora de conte\u00fado, Sofia utilizou as redes sociais, em julho deste ano, para divulgar o seu Bazar beneficente, que destinou parte da renda \u00e0 Funda\u00e7\u00e3o Terra e ao Iprede. Durante o evento, o p\u00fablico teve acesso a pe\u00e7as novas e usadas com pre\u00e7os acess\u00edveis.<\/p>\n\n\n\n<p>Apesar de ter um v\u00ednculo com a moda e redes sociais, Sofia \u00e9 acad\u00eamica de Direito e pretendia seguir carreira na Magistratura.<\/p>\n\n\n\n<p><strong>Transplante de f\u00edgado<\/strong><\/p>\n\n\n\n<p>O transplante de f\u00edgado pode ser realizado de um doador vivo, com a retirada de uma parte do \u00f3rg\u00e3o, uma vez que ele pode se regenerar, e n\u00e3o prejudica a vida do doador. Familiares ou pessoas sem rela\u00e7\u00e3o podem realizar a doa\u00e7\u00e3o, em caso de compatibilidade.<\/p>\n\n\n\n<p>Algumas complica\u00e7\u00f5es podem surgir como hemorragia, forma\u00e7\u00e3o de co\u00e1gulos de algum vaso, trombose, e n\u00e3o adapta\u00e7\u00e3o do f\u00edgado transplantado, causando insufici\u00eancia renal e infec\u00e7\u00f5es.<\/p>\n\n\n\n<p><strong><em>Acompanhe tamb\u00e9m o SE Not\u00edcias no\u00a0<a rel=\"noreferrer noopener\" href=\"https:\/\/twitter.com\/Senoticias\" target=\"_blank\">Twitter<\/a>,\u00a0<a rel=\"noreferrer noopener\" href=\"https:\/\/www.facebook.com\/senoticias1\" target=\"_blank\">Facebook<\/a>\u00a0e no\u00a0<a rel=\"noreferrer noopener\" href=\"https:\/\/www.instagram.com\/senoticias\/\" target=\"_blank\">Instagram<\/a><\/em><\/strong><\/p>\n\n\n\n<p>Mat\u00e9ria originalmente publicada em <strong><a href=\"https:\/\/www.opovo.com.br\/noticias\/politica\/2023\/12\/09\/sofia-valim-filha-do-prefeito-de-caucaia-vitor-valim-morre-aos-19-anos.html#:~:text=Maria%20Sofia%20Valim%2C%20de%2019,de%20Caucaia%2C%20e%20Ga%C3%ADda%20Dias\">O Povo<\/a><\/strong><\/p>\n","protected":false},"excerpt":{"rendered":"<p>Maria Sofia Valim, de 19 anos, teve morte confirmada neste s\u00e1bado, 9, ap\u00f3s complica\u00e7\u00f5es de uma cirurgia de transplante de f\u00edgado realizada na \u00faltima quinta-feira, 7. Ela \u00e9 filha mais velha do casal Vitor Valim (PSB), prefeito de Caucaia, e Ga\u00edda Dias. A informa\u00e7\u00e3o foi confirmada pelo pr\u00f3prio Valim em nota nas redes sociais. &#8220;\u00c9 [&hellip;]<\/p>\n","protected":false},"author":6557,"featured_media":0,"comment_status":"closed","ping_status":"closed","sticky":false,"template":"","format":"standard","meta":{"footnotes":""},"categories":[15,2961],"tags":[40698,40699,40701,40700],"class_list":{"0":"post-140290","1":"post","2":"type-post","3":"status-publish","4":"format-standard","6":"category-destaques","7":"category-nacional","8":"tag-morre-sofia-valim","9":"tag-prefeito-de-caucaia","10":"tag-transplante-de-figado","11":"tag-vitor-valim"},"_links":{"self":[{"href":"https:\/\/senoticias.com.br\/se\/wp-json\/wp\/v2\/posts\/140290"}],"collection":[{"href":"https:\/\/senoticias.com.br\/se\/wp-json\/wp\/v2\/posts"}],"about":[{"href":"https:\/\/senoticias.com.br\/se\/wp-json\/wp\/v2\/types\/post"}],"author":[{"embeddable":true,"href":"https:\/\/senoticias.com.br\/se\/wp-json\/wp\/v2\/users\/6557"}],"replies":[{"embeddable":true,"href":"https:\/\/senoticias.com.br\/se\/wp-json\/wp\/v2\/comments?post=140290"}],"version-history":[{"count":0,"href":"https:\/\/senoticias.com.br\/se\/wp-json\/wp\/v2\/posts\/140290\/revisions"}],"wp:attachment":[{"href":"https:\/\/senoticias.com.br\/se\/wp-json\/wp\/v2\/media?parent=140290"}],"wp:term":[{"taxonomy":"category","embeddable":true,"href":"https:\/\/senoticias.com.br\/se\/wp-json\/wp\/v2\/categories?post=140290"},{"taxonomy":"post_tag","embeddable":true,"href":"https:\/\/senoticias.com.br\/se\/wp-json\/wp\/v2\/tags?post=140290"}],"curies":[{"name":"wp","href":"https:\/\/api.w.org\/{rel}","templated":true}]}}