{"id":140288,"date":"2023-12-09T18:57:22","date_gmt":"2023-12-09T21:57:22","guid":{"rendered":"https:\/\/senoticias.com.br\/se\/?p=140288"},"modified":"2023-12-09T18:59:57","modified_gmt":"2023-12-09T21:59:57","slug":"deputada-tabata-amaral-diz-ter-sofrido-tentativa-de-roubo-no-centro-de-sao-paulo","status":"publish","type":"post","link":"https:\/\/senoticias.com.br\/se\/deputada-tabata-amaral-diz-ter-sofrido-tentativa-de-roubo-no-centro-de-sao-paulo\/","title":{"rendered":"Deputada Tabata Amaral sofre tentativa de assalto e fica ferida no centro de S\u00e3o Paulo"},"content":{"rendered":"\n<p><\/p>\n\n\n\n<p>A deputada federal Tabata Amaral (PSB-SP) sofreu uma tentativa de assalto, na manh\u00e3 deste s\u00e1bado (9), na regi\u00e3o da Bela Vista, no centro de S\u00e3o Paulo. A parlamentar voltava de um evento do partido no Sindicato dos Padeiros quando um homem quebrou o vidro de seu carro para levar o celular.<\/p>\n\n\n\n<p>No v\u00eddeo, Tabata mostrou que estava com um corte no l\u00e1bio inferior, causado pelos estilha\u00e7os do vidro, e disse que tamb\u00e9m se feriu na m\u00e3o. Apesar do susto, nenhum pertence foi levado.<\/p>\n\n\n\n<figure class=\"wp-block-image size-large\"><img loading=\"lazy\" decoding=\"async\" width=\"586\" height=\"391\" src=\"https:\/\/senoticias.com.br\/se\/wp-content\/uploads\/2023\/12\/Deputada-Tabata-Amaral-SE-Noticias.jpg\" alt=\"\" class=\"wp-image-140289\" srcset=\"https:\/\/senoticias.com.br\/se\/wp-content\/uploads\/2023\/12\/Deputada-Tabata-Amaral-SE-Noticias.jpg 586w, https:\/\/senoticias.com.br\/se\/wp-content\/uploads\/2023\/12\/Deputada-Tabata-Amaral-SE-Noticias-300x200.jpg 300w, https:\/\/senoticias.com.br\/se\/wp-content\/uploads\/2023\/12\/Deputada-Tabata-Amaral-SE-Noticias-90x60.jpg 90w, https:\/\/senoticias.com.br\/se\/wp-content\/uploads\/2023\/12\/Deputada-Tabata-Amaral-SE-Noticias-180x120.jpg 180w, https:\/\/senoticias.com.br\/se\/wp-content\/uploads\/2023\/12\/Deputada-Tabata-Amaral-SE-Noticias-95x64.jpg 95w\" sizes=\"(max-width: 586px) 100vw, 586px\" \/><figcaption>Deputada Tabata Amaral diz ter sofrido tentativa de roubo no centro de S\u00e3o Paulo &#8211; Foto: Reprodu\u00e7\u00e3o\/Instagram<\/figcaption><\/figure>\n\n\n\n<p>A parlamentar contou que estava saindo de um evento do PSB no Sindicato dos Padeiros, a caminho de um gabinete itinerante. A tentativa de assalto teria acontecido quando o carro em que ela estava passava pela regi\u00e3o da Bela Vista.<\/p>\n\n\n\n<p>\u201cVeio um homem, deu um murro, quebrou o vidro. T\u00e1 tudo quebrado aqui, como voc\u00eas podem ver, o ch\u00e3o cheio de estilha\u00e7os. Gra\u00e7as a Deus a gente est\u00e1 bem, o soco n\u00e3o me pegou, os estilha\u00e7os s\u00f3 pegaram minha m\u00e3o e minha boca mesmo, mas, enfim, muito, muito pesado. A gente conseguiu jogar o celular no ch\u00e3o na hora, conseguiu sair\u201d, explicou a deputada.<\/p>\n\n\n\n<p>\u201cEssa n\u00e3o \u00e9 a minha S\u00e3o Paulo. Esse n\u00e3o \u00e9 o lugar em que eu trabalho pra criar os meus filhos. E eu sei que muitas pessoas j\u00e1 passaram por situa\u00e7\u00f5es parecidas, pessoas passaram por situa\u00e7\u00f5es muito piores. A gente sente uma raiva tremenda na hora, medo, um sentimento de injusti\u00e7a, de imobilidade\u201d, considerou.<\/p>\n\n\n\n<p>Ela disse ainda que a situa\u00e7\u00e3o deve servir de motivo para lutar pela mudan\u00e7a. \u201cA gente tem que se agarrar a essas coisas pra lutar, pra lutar, pra lutar, para mudar essa situa\u00e7\u00e3o\u201d, completou.<\/p>\n\n\n\n<p><strong><em>Acompanhe tamb\u00e9m o SE Not\u00edcias no\u00a0<a rel=\"noreferrer noopener\" href=\"https:\/\/twitter.com\/Senoticias\" target=\"_blank\">Twitter<\/a>,\u00a0<a rel=\"noreferrer noopener\" href=\"https:\/\/www.facebook.com\/senoticias1\" target=\"_blank\">Facebook<\/a>\u00a0e no\u00a0<a rel=\"noreferrer noopener\" href=\"https:\/\/www.instagram.com\/senoticias\/\" target=\"_blank\">Instagram<\/a><\/em><\/strong><br><br>Fonte: Portal Terra<\/p>\n","protected":false},"excerpt":{"rendered":"<p>A deputada federal Tabata Amaral (PSB-SP) sofreu uma tentativa de assalto, na manh\u00e3 deste s\u00e1bado (9), na regi\u00e3o da Bela Vista, no centro de S\u00e3o Paulo. A parlamentar voltava de um evento do partido no Sindicato dos Padeiros quando um homem quebrou o vidro de seu carro para levar o celular. No v\u00eddeo, Tabata mostrou [&hellip;]<\/p>\n","protected":false},"author":6557,"featured_media":0,"comment_status":"closed","ping_status":"closed","sticky":false,"template":"","format":"standard","meta":{"footnotes":""},"categories":[15,2961],"tags":[40697,40695,40696],"class_list":{"0":"post-140288","1":"post","2":"type-post","3":"status-publish","4":"format-standard","6":"category-destaques","7":"category-nacional","8":"tag-deputada-federal-tabata-amaral","9":"tag-deputada-tabata-amaral","10":"tag-tentativa-de-roubo"},"_links":{"self":[{"href":"https:\/\/senoticias.com.br\/se\/wp-json\/wp\/v2\/posts\/140288"}],"collection":[{"href":"https:\/\/senoticias.com.br\/se\/wp-json\/wp\/v2\/posts"}],"about":[{"href":"https:\/\/senoticias.com.br\/se\/wp-json\/wp\/v2\/types\/post"}],"author":[{"embeddable":true,"href":"https:\/\/senoticias.com.br\/se\/wp-json\/wp\/v2\/users\/6557"}],"replies":[{"embeddable":true,"href":"https:\/\/senoticias.com.br\/se\/wp-json\/wp\/v2\/comments?post=140288"}],"version-history":[{"count":0,"href":"https:\/\/senoticias.com.br\/se\/wp-json\/wp\/v2\/posts\/140288\/revisions"}],"wp:attachment":[{"href":"https:\/\/senoticias.com.br\/se\/wp-json\/wp\/v2\/media?parent=140288"}],"wp:term":[{"taxonomy":"category","embeddable":true,"href":"https:\/\/senoticias.com.br\/se\/wp-json\/wp\/v2\/categories?post=140288"},{"taxonomy":"post_tag","embeddable":true,"href":"https:\/\/senoticias.com.br\/se\/wp-json\/wp\/v2\/tags?post=140288"}],"curies":[{"name":"wp","href":"https:\/\/api.w.org\/{rel}","templated":true}]}}