{"id":140286,"date":"2023-12-09T18:14:44","date_gmt":"2023-12-09T21:14:44","guid":{"rendered":"https:\/\/senoticias.com.br\/se\/?p=140286"},"modified":"2023-12-09T18:14:53","modified_gmt":"2023-12-09T21:14:53","slug":"sergipe-e-referencia-e-traz-esperanca-para-se-enxergar-dias-com-mais-paz-analisa-coordenador-do-mapa-da-violencia-no-brasil","status":"publish","type":"post","link":"https:\/\/senoticias.com.br\/se\/sergipe-e-referencia-e-traz-esperanca-para-se-enxergar-dias-com-mais-paz-analisa-coordenador-do-mapa-da-violencia-no-brasil\/","title":{"rendered":"\u201cSergipe \u00e9 refer\u00eancia e traz esperan\u00e7a para se enxergar dias com mais paz\u201d, analisa coordenador do Mapa da Viol\u00eancia no Brasil"},"content":{"rendered":"\n<p>O Atlas da Viol\u00eancia, considerado um dos principais estudos sobre a Seguran\u00e7a P\u00fablica no Brasil e divulgado na \u00faltima semana, trouxe Sergipe como um dos estados com grande protagonismo na redu\u00e7\u00e3o das taxas de homic\u00eddios entre as unidades da Federa\u00e7\u00e3o. O coordenador do estudo, o doutor em Economia pela PUC do Rio de Janeiro, Daniel Cerqueira, analisou a queda dos homic\u00eddios em Sergipe desde 2016 como \u201cEsperan\u00e7a para se enxergar dias com mais paz\u201d.<\/p>\n\n\n\n<p>Daniel Cerqueira cita que muitos estados, entre eles Sergipe, passaram a adotar pol\u00edticas p\u00fablicas mais eficazes e planejaram melhor suas a\u00e7\u00f5es, com um trabalho extremamente integrado e com um servi\u00e7o de intelig\u00eancia eficaz, aliado ao grande investimento no trabalho pericial. \u201cPercebemos pol\u00edticas p\u00fablicas exitosas em v\u00e1rios estados e munic\u00edpios em que se abandonou aquela pol\u00edtica do improviso, a pol\u00edtica simplesmente da pol\u00edcia dura e se investiu fortemente em intelig\u00eancia policial e em a\u00e7\u00f5es que geram mais resultados para a seguran\u00e7a p\u00fablica\u201d, avaliou.<\/p>\n\n\n\n<figure class=\"wp-block-image size-large\"><img loading=\"lazy\" decoding=\"async\" width=\"589\" height=\"332\" src=\"https:\/\/senoticias.com.br\/se\/wp-content\/uploads\/2023\/12\/Mapa-d-Violencia-SE-Noticias.jpg\" alt=\"\" class=\"wp-image-140287\" srcset=\"https:\/\/senoticias.com.br\/se\/wp-content\/uploads\/2023\/12\/Mapa-d-Violencia-SE-Noticias.jpg 589w, https:\/\/senoticias.com.br\/se\/wp-content\/uploads\/2023\/12\/Mapa-d-Violencia-SE-Noticias-300x169.jpg 300w\" sizes=\"(max-width: 589px) 100vw, 589px\" \/><figcaption>Daniel Cerqueira \u00e9 doutor em economia pela PUC-RJ e estuda os n\u00fameros de SE desde o come\u00e7o dos anos 2000 &#8211; Foto: SSP\/SE<\/figcaption><\/figure>\n\n\n\n<p>Daniel Cerqueira, enquanto um dos principais estudioso do Ipea do Mapa da viol\u00eancia, conhece muito bem a varia\u00e7\u00e3o da criminalidade em Sergipe, desde o in\u00edcio da primeira d\u00e9cada dos anos 2000. Ele cita a curva acedente da criminalidade no estado a partir de 1998, com o auge da taxa de crimes violentos em 2016 e a baixa consistente no recorte de cinco anos, entre 2016 at\u00e9 2021, mas que se mant\u00eam at\u00e9 2023.<\/p>\n\n\n\n<p>\u201cSergipe \u00e9 um caso muito interessante, porque a taxa de homic\u00eddio crescia a passos largos desde 1998 at\u00e9 2016. Nesse per\u00edodo, Sergipe dobrou a taxa de homic\u00eddio e encabe\u00e7ou em 2016 com a taxa de 64,7 homic\u00eddios por cada 100 mil habitantes, encabe\u00e7ou a lista do Estado mais violento da federa\u00e7\u00e3o. De l\u00e1 pra c\u00e1, de 2016 a 2021, houve uma redu\u00e7\u00e3o da taxa de homic\u00eddio em Sergipe de cerca de 48%. Um dos estados que mais conseguiu reduzir homic\u00eddios, de modo que hoje a taxa de letalidade violenta no Estado \u00e9 equivalente a que existia l\u00e1 nos idos de 2010\u201d, avaliou Daniel Cerqueira.<\/p>\n\n\n\n<p>Na compara\u00e7\u00e3o desde o in\u00edcio dos anos 2000, com o auge da taxa de criminalidade em 2016, Sergipe \u00e9 um estado no pa\u00eds refer\u00eancia em pol\u00edticas para a redu\u00e7\u00e3o dos crimes violentos, segundo Daniel Cerqueira. \u201cTemos expectativa de alcan\u00e7ar dias melhores e a redu\u00e7\u00e3o dos crimes violentos em Sergipe . E esse fato nos d\u00e1 muita esperan\u00e7a pra gente enxergar dias com mais paz para todos os amigos sergipanos\u201d.<\/p>\n\n\n\n<p>No quadro de pesquisadores do Ipea desde o ano de 1995, Daniel Cerqueira \u00e9 doutor em economia pela Pontif\u00edcia Universidade Cat\u00f3lica do Rio de Janeiro (PUC-Rio). Em paralelo aos trabalhos de pesquisa no instituto, atuou como professor dos programas de MBA da FGV. A partir do ano de 1999, Cerqueira aprofundou os estudos sobre economia do crime e seguran\u00e7a p\u00fablica, e teve como trabalho de destaque o Atlas da Viol\u00eancia desenvolvido em parceria com o F\u00f3rum Brasileiro de Seguran\u00e7a P\u00fablica. Por sua tese de doutorado, recebeu os pr\u00eamios Haralambos Simeonidis, da Associa\u00e7\u00e3o Nacional dos Centros de P\u00f3s-Gradua\u00e7\u00e3o em Economia (Anpec), e o pr\u00eamio BNDES de Economia.<\/p>\n\n\n\n<p>Atlas da Viol\u00eancia &#8211; Entre 2016 e 2021, 12 das 27 unidades da federa\u00e7\u00e3o registraram quedas nas taxas de homic\u00eddio superiores a 30%. Segundo o Instituto de Pesquisa Econ\u00f4mica Aplicada (Ipea), em nova publica\u00e7\u00e3o do Atlas da Viol\u00eancia, Sergipe \u00e9 o estado do pa\u00eds que mais reduziu a criminalidade nos \u00faltimos cinco anos com uma baixa de 47,9% nos casos de homic\u00eddios dolosos (considerando o n\u00famero absoluto). Apenas o Distrito Federal reduziu mais que o estado sergipano, com uma queda de 49,5% dos casos. Quando a an\u00e1lise \u00e9 apenas sobre a taxa para 100 mil habitantes, Sergipe fica atr\u00e1s apenas do DF e o Acre. A m\u00e9dia de redu\u00e7\u00e3o no Brasil no per\u00edodo de 2016-2021 \u00e9 de 26,1%.<\/p>\n\n\n\n<p>Os n\u00fameros divulgados pelo Ipea nesta ter\u00e7a-feira, 5, se concentram entre os anos de 2016 a 2021 e ratificam informa\u00e7\u00f5es repassadas pela Secretaria da Seguran\u00e7a P\u00fablica nos \u00faltimos anos. O detalhe \u00e9 que 2023 continua apresentando tend\u00eancia consistente de queda, com uma diminui\u00e7\u00e3o de quase 20% na compara\u00e7\u00e3o com o ano anterior.<\/p>\n\n\n\n<p>Para avaliar a redu\u00e7\u00e3o de homic\u00eddios em Sergipe, \u00e9 preciso entender o contexto das pol\u00edticas de seguran\u00e7a p\u00fablica, conforme explicou An\u00fabia Melo, do N\u00facleo de An\u00e1lises e Pesquisas da SSP. \u201cPrimeiro, temos uma pol\u00edtica estadual que adota dentre as suas medidas um trabalho conjunto de governan\u00e7a em que as pol\u00edcias n\u00e3o trabalham de maneira isolada\u201d, explicou.<\/p>\n\n\n\n<p>\u201cExiste um conjunto de a\u00e7\u00f5es a partir de um diagn\u00f3stico que \u00e9 enxergado por meio dos pr\u00f3prios institutos vinculados \u00e0 SSP, como o Napsec e como a Coordenadoria de Estat\u00edstica e An\u00e1lise Criminal (CEACrim). Temos os nossos institutos que fazem com que a pr\u00f3pria SSP tenha apresentado esse diagn\u00f3stico, e os pr\u00f3prios comandos t\u00eam esse controle e conhecimento das causas em suas comunidades\u201d, complementou An\u00fabia Melo.<\/p>\n\n\n\n<p><strong><em>Acompanhe tamb\u00e9m o SE Not\u00edcias no\u00a0<a rel=\"noreferrer noopener\" href=\"https:\/\/twitter.com\/Senoticias\" target=\"_blank\">Twitter<\/a>,\u00a0<a rel=\"noreferrer noopener\" href=\"https:\/\/www.facebook.com\/senoticias1\" target=\"_blank\">Facebook<\/a>\u00a0e no\u00a0<a rel=\"noreferrer noopener\" href=\"https:\/\/www.instagram.com\/senoticias\/\" target=\"_blank\">Instagram<\/a><\/em><\/strong><\/p>\n\n\n\n<p>Fonte: SSP\/SE<\/p>\n","protected":false},"excerpt":{"rendered":"<p>O Atlas da Viol\u00eancia, considerado um dos principais estudos sobre a Seguran\u00e7a P\u00fablica no Brasil e divulgado na \u00faltima semana, trouxe Sergipe como um dos estados com grande protagonismo na redu\u00e7\u00e3o das taxas de homic\u00eddios entre as unidades da Federa\u00e7\u00e3o. O coordenador do estudo, o doutor em Economia pela PUC do Rio de Janeiro, Daniel [&hellip;]<\/p>\n","protected":false},"author":6557,"featured_media":0,"comment_status":"closed","ping_status":"closed","sticky":false,"template":"","format":"standard","meta":{"footnotes":""},"categories":[15,6],"tags":[40694,10038,40693],"class_list":{"0":"post-140286","1":"post","2":"type-post","3":"status-publish","4":"format-standard","6":"category-destaques","7":"category-politica","8":"tag-atlas-da-violencia-2","9":"tag-ipea","10":"tag-mapa-da-violencia-no-brasil"},"_links":{"self":[{"href":"https:\/\/senoticias.com.br\/se\/wp-json\/wp\/v2\/posts\/140286"}],"collection":[{"href":"https:\/\/senoticias.com.br\/se\/wp-json\/wp\/v2\/posts"}],"about":[{"href":"https:\/\/senoticias.com.br\/se\/wp-json\/wp\/v2\/types\/post"}],"author":[{"embeddable":true,"href":"https:\/\/senoticias.com.br\/se\/wp-json\/wp\/v2\/users\/6557"}],"replies":[{"embeddable":true,"href":"https:\/\/senoticias.com.br\/se\/wp-json\/wp\/v2\/comments?post=140286"}],"version-history":[{"count":0,"href":"https:\/\/senoticias.com.br\/se\/wp-json\/wp\/v2\/posts\/140286\/revisions"}],"wp:attachment":[{"href":"https:\/\/senoticias.com.br\/se\/wp-json\/wp\/v2\/media?parent=140286"}],"wp:term":[{"taxonomy":"category","embeddable":true,"href":"https:\/\/senoticias.com.br\/se\/wp-json\/wp\/v2\/categories?post=140286"},{"taxonomy":"post_tag","embeddable":true,"href":"https:\/\/senoticias.com.br\/se\/wp-json\/wp\/v2\/tags?post=140286"}],"curies":[{"name":"wp","href":"https:\/\/api.w.org\/{rel}","templated":true}]}}