{"id":140231,"date":"2023-12-06T06:35:38","date_gmt":"2023-12-06T09:35:38","guid":{"rendered":"https:\/\/senoticias.com.br\/se\/?p=140231"},"modified":"2023-12-06T06:57:27","modified_gmt":"2023-12-06T09:57:27","slug":"stf-decide-que-nao-ha-vinculo-trabalhista-entre-empresa-e-motorista-de-aplicativo","status":"publish","type":"post","link":"https:\/\/senoticias.com.br\/se\/stf-decide-que-nao-ha-vinculo-trabalhista-entre-empresa-e-motorista-de-aplicativo\/","title":{"rendered":"STF decide que n\u00e3o h\u00e1 v\u00ednculo trabalhista entre empresa e motorista de aplicativo"},"content":{"rendered":"\n<p><\/p>\n\n\n\n<p>N\u00e3o existe v\u00ednculo trabalhista entre motoristas e empresas de aplicativo de transporte. A decis\u00e3o desta ter\u00e7a-feira foi da 1\u00aa Turma do Supremo Tribunal Federal.<\/p>\n\n\n\n<p>Os ministros da Suprema Corte analisaram uma a\u00e7\u00e3o da plataforma Cabify que encerrou as atividades no Brasil em 2021.<\/p>\n\n\n\n<figure class=\"wp-block-image size-large\"><img loading=\"lazy\" decoding=\"async\" width=\"600\" height=\"477\" src=\"https:\/\/senoticias.com.br\/se\/wp-content\/uploads\/2023\/12\/Motorista-de-aplicativo-SE-Noticias.jpg\" alt=\"\" class=\"wp-image-140232\" srcset=\"https:\/\/senoticias.com.br\/se\/wp-content\/uploads\/2023\/12\/Motorista-de-aplicativo-SE-Noticias.jpg 600w, https:\/\/senoticias.com.br\/se\/wp-content\/uploads\/2023\/12\/Motorista-de-aplicativo-SE-Noticias-300x239.jpg 300w, https:\/\/senoticias.com.br\/se\/wp-content\/uploads\/2023\/12\/Motorista-de-aplicativo-SE-Noticias-45x35.jpg 45w\" sizes=\"(max-width: 600px) 100vw, 600px\" \/><figcaption>Decis\u00e3o foi feita pela primeira vez por um colegiado do Supremo &#8211; Foto: arquivo\/Abr<\/figcaption><\/figure>\n\n\n\n<p>A empresa reclamava de uma decis\u00e3o da Justi\u00e7a do Trabalho a favor da rela\u00e7\u00e3o empregat\u00edcia com um motorista da plataforma.<\/p>\n\n\n\n<p>Mas, em julho deste ano, o ministro Alexandre de Moraes do STF, numa decis\u00e3o individual, suspendeu a\u00e7\u00e3o trabalhista.<\/p>\n\n\n\n<p>Para ele, a decis\u00e3o da Justi\u00e7a do Trabalho n\u00e3o estaria de acordo com o hist\u00f3rico de decis\u00f5es do STF contra o v\u00ednculo empregat\u00edcio.<\/p>\n\n\n\n<p>Isso porque a rela\u00e7\u00e3o de emprego leva em conta outros aspectos al\u00e9m da presta\u00e7\u00e3o de servi\u00e7o.<\/p>\n\n\n\n<p>Por isso, nesta ter\u00e7a-feira, os ministros Alexandre de Moraes, Luiz Fux, Cristiano Zanin e a ministra C\u00e1rmen L\u00facia entenderam que n\u00e3o existe v\u00ednculo trabalhista entre motoristas e empresas de aplicativo de transporte.<\/p>\n\n\n\n<p>Apesar de n\u00e3o reconhecer o v\u00ednculo de emprego, C\u00e1rmen L\u00facia demonstrou preocupa\u00e7\u00e3o com o futuro dos trabalhadores e a falta de regulamenta\u00e7\u00e3o de direitos.<\/p>\n\n\n\n<p>E pediu ao ministro Alexandre de Moraes para que outro caso semelhante pautado na 1\u00aa Turma seja levado ao Plen\u00e1rio o STF.<\/p>\n\n\n\n<p><strong><em>Acompanhe tamb\u00e9m o SE Not\u00edcias no\u00a0<a rel=\"noreferrer noopener\" href=\"https:\/\/twitter.com\/Senoticias\" target=\"_blank\">Twitter<\/a>,\u00a0<a rel=\"noreferrer noopener\" href=\"https:\/\/www.facebook.com\/senoticias1\" target=\"_blank\">Facebook<\/a>\u00a0e no\u00a0<a rel=\"noreferrer noopener\" href=\"https:\/\/www.instagram.com\/senoticias\/\" target=\"_blank\">Instagram<\/a><\/em><\/strong><\/p>\n\n\n\n<p>Fonte: Ag\u00eancia Brasil<\/p>\n","protected":false},"excerpt":{"rendered":"<p>N\u00e3o existe v\u00ednculo trabalhista entre motoristas e empresas de aplicativo de transporte. A decis\u00e3o desta ter\u00e7a-feira foi da 1\u00aa Turma do Supremo Tribunal Federal. Os ministros da Suprema Corte analisaram uma a\u00e7\u00e3o da plataforma Cabify que encerrou as atividades no Brasil em 2021. A empresa reclamava de uma decis\u00e3o da Justi\u00e7a do Trabalho a favor [&hellip;]<\/p>\n","protected":false},"author":6557,"featured_media":0,"comment_status":"closed","ping_status":"closed","sticky":false,"template":"","format":"standard","meta":{"footnotes":""},"categories":[15,6,1],"tags":[12166,836,40663],"class_list":{"0":"post-140231","1":"post","2":"type-post","3":"status-publish","4":"format-standard","6":"category-destaques","7":"category-politica","8":"category-sem-categoria","9":"tag-motorista-de-aplicativo","10":"tag-stf","11":"tag-vinculo-trabalhista"},"_links":{"self":[{"href":"https:\/\/senoticias.com.br\/se\/wp-json\/wp\/v2\/posts\/140231"}],"collection":[{"href":"https:\/\/senoticias.com.br\/se\/wp-json\/wp\/v2\/posts"}],"about":[{"href":"https:\/\/senoticias.com.br\/se\/wp-json\/wp\/v2\/types\/post"}],"author":[{"embeddable":true,"href":"https:\/\/senoticias.com.br\/se\/wp-json\/wp\/v2\/users\/6557"}],"replies":[{"embeddable":true,"href":"https:\/\/senoticias.com.br\/se\/wp-json\/wp\/v2\/comments?post=140231"}],"version-history":[{"count":0,"href":"https:\/\/senoticias.com.br\/se\/wp-json\/wp\/v2\/posts\/140231\/revisions"}],"wp:attachment":[{"href":"https:\/\/senoticias.com.br\/se\/wp-json\/wp\/v2\/media?parent=140231"}],"wp:term":[{"taxonomy":"category","embeddable":true,"href":"https:\/\/senoticias.com.br\/se\/wp-json\/wp\/v2\/categories?post=140231"},{"taxonomy":"post_tag","embeddable":true,"href":"https:\/\/senoticias.com.br\/se\/wp-json\/wp\/v2\/tags?post=140231"}],"curies":[{"name":"wp","href":"https:\/\/api.w.org\/{rel}","templated":true}]}}