{"id":140211,"date":"2023-12-05T10:11:30","date_gmt":"2023-12-05T13:11:30","guid":{"rendered":"https:\/\/senoticias.com.br\/se\/?p=140211"},"modified":"2023-12-05T10:11:42","modified_gmt":"2023-12-05T13:11:42","slug":"aniversario-de-42-anos-da-galeria-de-arte-j-inacio-recebe-exposicao-coletiva-com-35-artistas","status":"publish","type":"post","link":"https:\/\/senoticias.com.br\/se\/aniversario-de-42-anos-da-galeria-de-arte-j-inacio-recebe-exposicao-coletiva-com-35-artistas\/","title":{"rendered":"Anivers\u00e1rio de 42 anos da Galeria de Arte J. In\u00e1cio recebe exposi\u00e7\u00e3o coletiva com 35 artistas"},"content":{"rendered":"\n<p>Em comemora\u00e7\u00e3o ao anivers\u00e1rio da Galeria de Arte J. In\u00e1cio e em homenagem ao seu patrono, a Funda\u00e7\u00e3o de Cultura e Arte Aperip\u00ea (Funcap) promover\u00e1 a abertura da exposi\u00e7\u00e3o coletiva &#8217;42 anos: celebrando a galeria&#8217; nesta quinta-feira, 7, \u00e0s 18 horas. O evento acontecer\u00e1 no primeiro andar, anexo \u00e0 Biblioteca P\u00fablica Epiphanio D\u00f3ria, onde a galeria est\u00e1 localizada, e contar\u00e1 com a apresenta\u00e7\u00e3o art\u00edstica do Quinteto de Cordas da Orquestra Sinf\u00f4nica de Sergipe (Orsse).<\/p>\n\n\n\n<figure class=\"wp-block-image size-large\"><img loading=\"lazy\" decoding=\"async\" width=\"583\" height=\"583\" src=\"https:\/\/senoticias.com.br\/se\/wp-content\/uploads\/2023\/12\/WhatsApp-Image-2023-12-05-at-08.36.09-1.jpeg\" alt=\"\" class=\"wp-image-140212\" srcset=\"https:\/\/senoticias.com.br\/se\/wp-content\/uploads\/2023\/12\/WhatsApp-Image-2023-12-05-at-08.36.09-1.jpeg 583w, https:\/\/senoticias.com.br\/se\/wp-content\/uploads\/2023\/12\/WhatsApp-Image-2023-12-05-at-08.36.09-1-300x300.jpeg 300w, https:\/\/senoticias.com.br\/se\/wp-content\/uploads\/2023\/12\/WhatsApp-Image-2023-12-05-at-08.36.09-1-150x150.jpeg 150w\" sizes=\"(max-width: 583px) 100vw, 583px\" \/><figcaption>Acompanhe tamb\u00e9m o SE Not\u00edcias no Twitter, Facebook e no Instagram\n\nFonte: SSP\/SE<\/figcaption><\/figure>\n\n\n\n<p>A mostra re\u00fane obras de 35 artistas renomados que deixaram sua marca na hist\u00f3ria e na pluralidade art\u00edstica que j\u00e1 passou pela Galeria. Entre os artistas participantes est\u00e3o Adauto Machado, Ana Denise, Adriana Hagenbeck, Alan Adi, Ant\u00f4nio da Cruz, Ben\u00e9 Santana, Bebeto Souza, Beto Pez\u00e3o, Ca\u00e3, Elias Santos, Edidelson Silva, Eduardo Fabi\u00e3o, \u00c9verton, Eurico Luiz (in memorian), F\u00e1bio Sampaio, Hort\u00eancia Barreto, Ismael Pereira, J. In\u00e1cio (in memorian), Jacira Moura, Jamson Madureira, Joel Dantas, Jos\u00e9 Fernandes (in memorian), Jorge Luiz, Joubert Moraes, Jo&#8217;k, Leonardo Alencar (in memorian), M\u00e1rcia Guimar\u00e3es, Nailson Moura, Nogueira, Pithyu (in memorian), Tintiliano, V\u00e9io, Vilma Rebou\u00e7as, Willy Valenzuela e Zeus.<\/p>\n\n\n\n<p>A curadora da exposi\u00e7\u00e3o e diretora da Galeria, Jane Junqueira, destaca que um aspecto marcante do espa\u00e7o \u00e9 sua natureza democr\u00e1tica no fomento \u00e0 arte, caracter\u00edstica que foi considerada na sele\u00e7\u00e3o das obras.<\/p>\n\n\n\n<p>\u201cA Galeria tem uma import\u00e2ncia tamb\u00e9m para os artistas locais, porque, atrav\u00e9s dela, com o olhar que t\u00ednhamos na d\u00e9cada de 80, revelamos novos artistas que ainda est\u00e3o produzindo e realizando suas artes. Muitos deles foram descobertos na Galeria J. In\u00e1cio. Ela possui uma hist\u00f3ria de revelar artistas, promovendo a democratiza\u00e7\u00e3o da arte, sem discrimina\u00e7\u00e3o. Cada vez que organizamos uma exposi\u00e7\u00e3o, buscamos unir o moderno ao respeito pelo passado, mantendo tamb\u00e9m a tradi\u00e7\u00e3o de valorizar nossos artistas veteranos. N\u00e3o ficamos presos ao passado, sempre estamos evoluindo e produzindo&#8221;, apontou.<\/p>\n\n\n\n<p>De acordo com a presidente da Funcap, Ant\u00f4nia Amorosa, a Galeria de Arte J. In\u00e1cio reflete o comprometimento da gest\u00e3o estadual com a manuten\u00e7\u00e3o da mem\u00f3ria art\u00edstica e cultural sergipana. \u201cEsses 42 anos representam a resist\u00eancia e resili\u00eancia dos abnegados artistas das artes visuais de Sergipe. A exist\u00eancia desta Galeria revela a perman\u00eancia significativa destes valorosos artistas, os que partiram e os que permaneceram. Viva a Galeria\u201d, considerou.<\/p>\n\n\n\n<p>\u201cTrata-se de um grande templo das artes visuais de Sergipe, sendo difundida pela contribui\u00e7\u00e3o das nossas express\u00f5es e diversidades art\u00edsticas\u201d, complementa o diretor de pol\u00edticas p\u00fablicas de cultura da Funcap, Pascoal Maynard.<\/p>\n\n\n\n<p>Ap\u00f3s a abertura, a mostra continuar\u00e1 dispon\u00edvel para visita\u00e7\u00e3o at\u00e9 o dia 15 de fevereiro. A Galeria tem funcionamento de segunda a sexta-feira, das 8h \u00e0s 16h30, de forma gratuita e sem a necessidade de agendamento pr\u00e9vio.<\/p>\n\n\n\n<p><strong>Galeria de Artes J. In\u00e1cio<\/strong><\/p>\n\n\n\n<p>Desde 1981, a Galeria tem abrigado centenas de exposi\u00e7\u00f5es individuais e coletivas, apresentando trabalhos dos mais renomados artistas sergipanos e brasileiros, al\u00e9m de artistas internacionais. O espa\u00e7o tamb\u00e9m se tornou palco de lan\u00e7amentos de livros e cat\u00e1logos culturais.<\/p>\n\n\n\n<p>A Galeria de Arte J. In\u00e1cio \u00e9 um importante ponto de refer\u00eancia cultural em Sergipe, valorizando e promovendo a produ\u00e7\u00e3o art\u00edstica local e nacional. Atrav\u00e9s das exposi\u00e7\u00f5es e eventos realizados no espa\u00e7o, o legado de J. In\u00e1cio continua vivo, enriquecendo a cena art\u00edstica do estado e contribuindo para o fortalecimento da cultura.<\/p>\n\n\n\n<p><strong><em>Acompanhe tamb\u00e9m o SE Not\u00edcias no&nbsp;<a rel=\"noreferrer noopener\" href=\"https:\/\/twitter.com\/Senoticias\" target=\"_blank\">Twitter<\/a>,&nbsp;<a rel=\"noreferrer noopener\" href=\"https:\/\/www.facebook.com\/senoticias1\" target=\"_blank\">Facebook<\/a>&nbsp;e no&nbsp;<a rel=\"noreferrer noopener\" href=\"https:\/\/www.instagram.com\/senoticias\/\" target=\"_blank\">Instagram<\/a><\/em><\/strong><\/p>\n\n\n\n<p><\/p>\n","protected":false},"excerpt":{"rendered":"<p>Em comemora\u00e7\u00e3o ao anivers\u00e1rio da Galeria de Arte J. In\u00e1cio e em homenagem ao seu patrono, a Funda\u00e7\u00e3o de Cultura e Arte Aperip\u00ea (Funcap) promover\u00e1 a abertura da exposi\u00e7\u00e3o coletiva &#8217;42 anos: celebrando a galeria&#8217; nesta quinta-feira, 7, \u00e0s 18 horas. O evento acontecer\u00e1 no primeiro andar, anexo \u00e0 Biblioteca P\u00fablica Epiphanio D\u00f3ria, onde a [&hellip;]<\/p>\n","protected":false},"author":6557,"featured_media":0,"comment_status":"closed","ping_status":"closed","sticky":false,"template":"","format":"standard","meta":{"footnotes":""},"categories":[15,21],"tags":[12013,40651],"class_list":{"0":"post-140211","1":"post","2":"type-post","3":"status-publish","4":"format-standard","6":"category-destaques","7":"category-entretenimento","8":"tag-funcap","9":"tag-galeria-de-arte-j-inacio"},"_links":{"self":[{"href":"https:\/\/senoticias.com.br\/se\/wp-json\/wp\/v2\/posts\/140211"}],"collection":[{"href":"https:\/\/senoticias.com.br\/se\/wp-json\/wp\/v2\/posts"}],"about":[{"href":"https:\/\/senoticias.com.br\/se\/wp-json\/wp\/v2\/types\/post"}],"author":[{"embeddable":true,"href":"https:\/\/senoticias.com.br\/se\/wp-json\/wp\/v2\/users\/6557"}],"replies":[{"embeddable":true,"href":"https:\/\/senoticias.com.br\/se\/wp-json\/wp\/v2\/comments?post=140211"}],"version-history":[{"count":0,"href":"https:\/\/senoticias.com.br\/se\/wp-json\/wp\/v2\/posts\/140211\/revisions"}],"wp:attachment":[{"href":"https:\/\/senoticias.com.br\/se\/wp-json\/wp\/v2\/media?parent=140211"}],"wp:term":[{"taxonomy":"category","embeddable":true,"href":"https:\/\/senoticias.com.br\/se\/wp-json\/wp\/v2\/categories?post=140211"},{"taxonomy":"post_tag","embeddable":true,"href":"https:\/\/senoticias.com.br\/se\/wp-json\/wp\/v2\/tags?post=140211"}],"curies":[{"name":"wp","href":"https:\/\/api.w.org\/{rel}","templated":true}]}}