{"id":140201,"date":"2023-12-04T18:10:56","date_gmt":"2023-12-04T21:10:56","guid":{"rendered":"https:\/\/senoticias.com.br\/se\/?p=140201"},"modified":"2023-12-04T18:11:05","modified_gmt":"2023-12-04T21:11:05","slug":"homem-e-preso-por-agredir-a-esposa-em-um-bar-na-farolandia","status":"publish","type":"post","link":"https:\/\/senoticias.com.br\/se\/homem-e-preso-por-agredir-a-esposa-em-um-bar-na-farolandia\/","title":{"rendered":"Homem \u00e9 preso por agredir a esposa em um bar na Farol\u00e2ndia"},"content":{"rendered":"\n<p>Policiais do 1\u00ba Batalh\u00e3o de Pol\u00edcia Militar (1\u00ba BPM) prenderam um homem por agredir a esposa no Bairro Farol\u00e2ndia, Zona Sul da capital. O caso de viol\u00eancia dom\u00e9stica ocorreu na noite desse domingo (3).<\/p>\n\n\n\n<p>Por volta das 23h30, a equipe do 1\u00ba BPM foi acionada pelo Ciosp\/190 para intervir na ocorr\u00eancia tipificada na Lei Maria da Penha, na Rua Tenente Arag\u00e3o. No local, os militares encontraram o casal discutindo, sendo que a mulher apresentava um ferimento com sangramento no rosto.<\/p>\n\n\n\n<figure class=\"wp-block-image size-large\"><img loading=\"lazy\" decoding=\"async\" width=\"599\" height=\"533\" src=\"https:\/\/senoticias.com.br\/se\/wp-content\/uploads\/2023\/12\/Primeiro-Batalhao-SE-Noticias.jpg\" alt=\"\" class=\"wp-image-140202\" srcset=\"https:\/\/senoticias.com.br\/se\/wp-content\/uploads\/2023\/12\/Primeiro-Batalhao-SE-Noticias.jpg 599w, https:\/\/senoticias.com.br\/se\/wp-content\/uploads\/2023\/12\/Primeiro-Batalhao-SE-Noticias-300x267.jpg 300w\" sizes=\"(max-width: 599px) 100vw, 599px\" \/><figcaption>Segundo a Pol\u00edcia Miitar, a v\u00edtima levou um tapa e um soco no rosto &#8211; ascom PM\/SE<\/figcaption><\/figure>\n\n\n\n<p>A v\u00edtima informou que, ap\u00f3s um desentendimento em um bar, o seu marido desferiu um tapa no seu rosto e, em raz\u00e3o disso, ela decidiu ir embora para casa, por\u00e9m ele a seguiu e a agrediu com um soco.<\/p>\n\n\n\n<p>Diante do exposto, os policiais levaram a v\u00edtima ao hospital para receber atendimento m\u00e9dico e conduziram o agressor para o Departamento de Atendimento aos Grupos Vulner\u00e1veis (DAGV), a fim de que fossem adotados os procedimentos legais.<\/p>\n\n\n\n<p><strong><em>Acompanhe tamb\u00e9m o SE Not\u00edcias no\u00a0<a rel=\"noreferrer noopener\" href=\"https:\/\/twitter.com\/Senoticias\" target=\"_blank\">Twitter<\/a>,\u00a0<a rel=\"noreferrer noopener\" href=\"https:\/\/www.facebook.com\/senoticias1\" target=\"_blank\">Facebook<\/a>\u00a0e no\u00a0<a rel=\"noreferrer noopener\" href=\"https:\/\/www.instagram.com\/senoticias\/\" target=\"_blank\">Instagram<\/a><\/em><\/strong><\/p>\n\n\n\n<p>Fonte: SSP\/SE<\/p>\n","protected":false},"excerpt":{"rendered":"<p>Policiais do 1\u00ba Batalh\u00e3o de Pol\u00edcia Militar (1\u00ba BPM) prenderam um homem por agredir a esposa no Bairro Farol\u00e2ndia, Zona Sul da capital. O caso de viol\u00eancia dom\u00e9stica ocorreu na noite desse domingo (3). Por volta das 23h30, a equipe do 1\u00ba BPM foi acionada pelo Ciosp\/190 para intervir na ocorr\u00eancia tipificada na Lei Maria [&hellip;]<\/p>\n","protected":false},"author":6557,"featured_media":0,"comment_status":"closed","ping_status":"closed","sticky":false,"template":"","format":"standard","meta":{"footnotes":""},"categories":[15,7],"tags":[40643,40644,86],"class_list":{"0":"post-140201","1":"post","2":"type-post","3":"status-publish","4":"format-standard","6":"category-destaques","7":"category-policia","8":"tag-agrediu-a-mulher","9":"tag-bairro-farolandia","10":"tag-policia-militar"},"_links":{"self":[{"href":"https:\/\/senoticias.com.br\/se\/wp-json\/wp\/v2\/posts\/140201"}],"collection":[{"href":"https:\/\/senoticias.com.br\/se\/wp-json\/wp\/v2\/posts"}],"about":[{"href":"https:\/\/senoticias.com.br\/se\/wp-json\/wp\/v2\/types\/post"}],"author":[{"embeddable":true,"href":"https:\/\/senoticias.com.br\/se\/wp-json\/wp\/v2\/users\/6557"}],"replies":[{"embeddable":true,"href":"https:\/\/senoticias.com.br\/se\/wp-json\/wp\/v2\/comments?post=140201"}],"version-history":[{"count":0,"href":"https:\/\/senoticias.com.br\/se\/wp-json\/wp\/v2\/posts\/140201\/revisions"}],"wp:attachment":[{"href":"https:\/\/senoticias.com.br\/se\/wp-json\/wp\/v2\/media?parent=140201"}],"wp:term":[{"taxonomy":"category","embeddable":true,"href":"https:\/\/senoticias.com.br\/se\/wp-json\/wp\/v2\/categories?post=140201"},{"taxonomy":"post_tag","embeddable":true,"href":"https:\/\/senoticias.com.br\/se\/wp-json\/wp\/v2\/tags?post=140201"}],"curies":[{"name":"wp","href":"https:\/\/api.w.org\/{rel}","templated":true}]}}