{"id":140175,"date":"2023-12-03T17:30:33","date_gmt":"2023-12-03T20:30:33","guid":{"rendered":"https:\/\/senoticias.com.br\/se\/?p=140175"},"modified":"2023-12-03T17:30:54","modified_gmt":"2023-12-03T20:30:54","slug":"policia-militar-prende-18-integrantes-de-torcida-organizada-e-apreende-arma-de-fogo-cocaina-e-maconha","status":"publish","type":"post","link":"https:\/\/senoticias.com.br\/se\/policia-militar-prende-18-integrantes-de-torcida-organizada-e-apreende-arma-de-fogo-cocaina-e-maconha\/","title":{"rendered":"Pol\u00edcia Militar prende 18 integrantes de torcida organizada e apreende arma de fogo, coca\u00edna e maconha"},"content":{"rendered":"\n<p><\/p>\n\n\n\n<p>Equipes do Batalh\u00e3o de Radiopatrulha interceptaram neste s\u00e1bado, 02, por volta das 20h, diversos integrantes de torcidas organizadas que estavam portando arma de fogo e barras de ferro e madeira no Centro da cidade. 16 adultos foram presos e mais dois adolescentes apreendidos envolvidos com torcidas organizadas de Sergipe e Confian\u00e7a. A confus\u00e3o teve in\u00edcio com um grupo da torcida organizada do Sergipe, que tentou entrar em conflito com outros torcedores de uma torcida organizada do Confian\u00e7a, que participavam de um evento em Aracaju.<\/p>\n\n\n\n<figure class=\"wp-block-image size-large\"><img loading=\"lazy\" decoding=\"async\" width=\"576\" height=\"375\" src=\"https:\/\/senoticias.com.br\/se\/wp-content\/uploads\/2023\/12\/Torcida-organizada-SE-Noticias.jpeg\" alt=\"\" class=\"wp-image-140176\" srcset=\"https:\/\/senoticias.com.br\/se\/wp-content\/uploads\/2023\/12\/Torcida-organizada-SE-Noticias.jpeg 576w, https:\/\/senoticias.com.br\/se\/wp-content\/uploads\/2023\/12\/Torcida-organizada-SE-Noticias-300x195.jpeg 300w, https:\/\/senoticias.com.br\/se\/wp-content\/uploads\/2023\/12\/Torcida-organizada-SE-Noticias-90x60.jpeg 90w\" sizes=\"(max-width: 576px) 100vw, 576px\" \/><figcaption>Segundo a Pol\u00edcia Militar, a torcida organizada do Sergipe se preparou para atingir torcedores do Confian\u00e7a, que participavam de um evento em Aracaju &#8211; Foto: PM\/SE<\/figcaption><\/figure>\n\n\n\n<p>O Centro Integrado de Opera\u00e7\u00f5es em Seguran\u00e7a P\u00fablica (Ciosp) acionou as equipes da Pol\u00edcia Militar por conta de um disparo de arma de fogo na Rua Santa Rosa, no Centro de Aracaju. As equipes seguiram para o endere\u00e7o a fim de verificar a situa\u00e7\u00e3o e receberam a informa\u00e7\u00e3o que integrantes de uma torcida organiza do Sergipe portavam arma de fogo e com barras de ferro e madeira, procurando torcedora do Confian\u00e7a que participavam de um evento da torcida.<\/p>\n\n\n\n<p>Segundo o comandante do Batalh\u00e3o de Radipatrulha, coronel Victor Anderson, como a torcida do Sergipe se re\u00fane em uma \u00e1rea comum do est\u00e1dio Jo\u00e3o Hora, no bairro Siqueira Campos, as viaturas se dirigiram pra o local com o objetivo de localizar os envolvidos. Os policiais visualizaram os torcedores com peda\u00e7os de madeira nas m\u00e3os. Ao avistarem as equipes policiais, acabaram fugindo para dentro do est\u00e1dio a fim de ocultar o material que estava com eles.<\/p>\n\n\n\n<p>No momento da fuga, v\u00e1rios torcedores tentaram fugir pulando as grades e os muros pr\u00f3ximos, enquanto outros tentaram se esconder nas instala\u00e7\u00f5es do est\u00e1dio Jo\u00e3o Hora. Feita a localiza\u00e7\u00e3o e abordagem dos procurados, foram feitas na regi\u00e3o, onde foi apreendida uma arma de fogo &#8211; um rev\u00f3lver calibre 38 com seis muni\u00e7\u00f5es intactas -, 45 pinos com coca\u00edna e trouxas com a mesma droga, 22 papelotes de maconha e artefatos explosivos.<\/p>\n\n\n\n<p>Os 18 envolvidos e o material apreendido foram encaminhados para a Central de Flagrante, onde foram feitos os procedimentos de flagrante. As investiga\u00e7\u00f5es ser\u00e3o mantidas.<\/p>\n\n\n\n<p><strong><em><strong><em>Acompanhe tamb\u00e9m o SE Not\u00edcias no\u00a0<a rel=\"noreferrer noopener\" href=\"https:\/\/twitter.com\/Senoticias\" target=\"_blank\">Twitter<\/a>,\u00a0<a rel=\"noreferrer noopener\" href=\"https:\/\/www.facebook.com\/senoticias1\" target=\"_blank\">Facebook<\/a>\u00a0e no\u00a0<a rel=\"noreferrer noopener\" href=\"https:\/\/www.instagram.com\/senoticias\/\" target=\"_blank\">Instagram<\/a><\/em><\/strong><\/em><\/strong><\/p>\n\n\n\n<p>Fonte: SSP\/SE<\/p>\n","protected":false},"excerpt":{"rendered":"<p>Equipes do Batalh\u00e3o de Radiopatrulha interceptaram neste s\u00e1bado, 02, por volta das 20h, diversos integrantes de torcidas organizadas que estavam portando arma de fogo e barras de ferro e madeira no Centro da cidade. 16 adultos foram presos e mais dois adolescentes apreendidos envolvidos com torcidas organizadas de Sergipe e Confian\u00e7a. A confus\u00e3o teve in\u00edcio [&hellip;]<\/p>\n","protected":false},"author":6557,"featured_media":0,"comment_status":"closed","ping_status":"closed","sticky":false,"template":"","format":"standard","meta":{"footnotes":""},"categories":[15,7],"tags":[471,35031,2660,86,38563],"class_list":{"0":"post-140175","1":"post","2":"type-post","3":"status-publish","4":"format-standard","6":"category-destaques","7":"category-policia","8":"tag-arma-de-fogo","9":"tag-cocaina-2","10":"tag-maconha","11":"tag-policia-militar","12":"tag-torcida-organizada"},"_links":{"self":[{"href":"https:\/\/senoticias.com.br\/se\/wp-json\/wp\/v2\/posts\/140175"}],"collection":[{"href":"https:\/\/senoticias.com.br\/se\/wp-json\/wp\/v2\/posts"}],"about":[{"href":"https:\/\/senoticias.com.br\/se\/wp-json\/wp\/v2\/types\/post"}],"author":[{"embeddable":true,"href":"https:\/\/senoticias.com.br\/se\/wp-json\/wp\/v2\/users\/6557"}],"replies":[{"embeddable":true,"href":"https:\/\/senoticias.com.br\/se\/wp-json\/wp\/v2\/comments?post=140175"}],"version-history":[{"count":0,"href":"https:\/\/senoticias.com.br\/se\/wp-json\/wp\/v2\/posts\/140175\/revisions"}],"wp:attachment":[{"href":"https:\/\/senoticias.com.br\/se\/wp-json\/wp\/v2\/media?parent=140175"}],"wp:term":[{"taxonomy":"category","embeddable":true,"href":"https:\/\/senoticias.com.br\/se\/wp-json\/wp\/v2\/categories?post=140175"},{"taxonomy":"post_tag","embeddable":true,"href":"https:\/\/senoticias.com.br\/se\/wp-json\/wp\/v2\/tags?post=140175"}],"curies":[{"name":"wp","href":"https:\/\/api.w.org\/{rel}","templated":true}]}}