{"id":140142,"date":"2023-11-30T12:02:32","date_gmt":"2023-11-30T15:02:32","guid":{"rendered":"https:\/\/senoticias.com.br\/se\/?p=140142"},"modified":"2023-11-30T12:02:39","modified_gmt":"2023-11-30T15:02:39","slug":"consorcio-metropolitano-da-grande-aracaju-trara-melhorias-no-transporte-publico-para-a-populacao","status":"publish","type":"post","link":"https:\/\/senoticias.com.br\/se\/consorcio-metropolitano-da-grande-aracaju-trara-melhorias-no-transporte-publico-para-a-populacao\/","title":{"rendered":"Cons\u00f3rcio Metropolitano da Grande Aracaju trar\u00e1 melhorias no transporte p\u00fablico para a popula\u00e7\u00e3o"},"content":{"rendered":"\n<p>Em breve, os moradores das quatro cidades que formam a Grande Aracaju ir\u00e3o dispor de um sistema de transporte p\u00fablico de melhor qualidade. Isso porque est\u00e1 em curso a instala\u00e7\u00e3o do Cons\u00f3rcio do Transporte, uma iniciativa que integra as prefeituras de Aracaju, S\u00e3o Crist\u00f3v\u00e3o, Nossa Senhora do Socorro, Barra dos Coqueiros, e o governo do Estado. O cons\u00f3rcio levar\u00e1 \u00e0 cria\u00e7\u00e3o de uma entidade p\u00fablica que definir\u00e1 o formato do sistema de transporte coletivo da regi\u00e3o metropolitana de Aracaju e as obriga\u00e7\u00f5es de cada ente na gest\u00e3o do servi\u00e7o. Por ser a mais populosa entre as quatro cidades, Aracaju ter\u00e1 a compet\u00eancia de administrar a autarquia, mas todas as discuss\u00f5es ser\u00e3o conduzidas de forma coletiva. Criado o cons\u00f3rcio, ser\u00e1 publicado, em breve, o edital para a licita\u00e7\u00e3o do transporte coletivo, instrumento que representa um importante avan\u00e7o para esses quatro munic\u00edpios.<\/p>\n\n\n\n<figure class=\"wp-block-image size-large\"><img loading=\"lazy\" decoding=\"async\" width=\"599\" height=\"399\" src=\"https:\/\/senoticias.com.br\/se\/wp-content\/uploads\/2023\/11\/phpThumb_generated_thumbnail-e1701356313162.jpg\" alt=\"\" class=\"wp-image-140143\"\/><figcaption>Foto: Marcelle Cristinne\/Secom<\/figcaption><\/figure>\n\n\n\n<p>O sonho de transformar o cons\u00f3rcio em realidade vem de longe. A sua cria\u00e7\u00e3o tem sido tema de discuss\u00f5es desde 2017, mas devido \u00e0 pandemia, o processo precisou ser adiado. Desde o in\u00edcio do m\u00eas de outubro deste ano, os prefeitos Edvaldo Nogueira (Aracaju), Padre Inaldo (Nossa Senhora do Socorro), Marcos Santana (S\u00e3o Crist\u00f3v\u00e3o) e Alberto Macedo (Barra dos Coqueiros) v\u00eam promovendo reuni\u00f5es para discutir a sua instala\u00e7\u00e3o. Eles se debru\u00e7aram sobre o diagn\u00f3stico detalhado do transporte coletivo na Grande Aracaju, estudo esse que foi conduzido pela Associa\u00e7\u00e3o Nacional de Transporte P\u00fablico (ANTP), entidade contratada pela Prefeitura de Aracaju no final do ano passado, com um investimento de R$1,9 milh\u00e3o. O cons\u00f3rcio conta ainda com a participa\u00e7\u00e3o do Governo do Estado. O governador F\u00e1bio Mitidieri esteve presente nas reuni\u00f5es de instala\u00e7\u00e3o e de discuss\u00e3o para ado\u00e7\u00e3o de medidas que visem a melhora do transporte. No dia 13 de novembro foi anunciado pelos quatro gestores municipais e pelo governador a instala\u00e7\u00e3o do cons\u00f3rcio. O prefeito de Aracaju, Edvaldo Nogueira, ressaltou tamb\u00e9m que a meta \u00e9, at\u00e9 o in\u00edcio de 2024, ter o edital para a licita\u00e7\u00e3o do transporte coletivo.<\/p>\n\n\n\n<p>Ainda de acordo com Edvaldo Nogueira, a gest\u00e3o municipal de Aracaju se inscreveu no Programa de Acelera\u00e7\u00e3o do Crescimento (PAC), do Governo Federal, iniciativa que abre linha de cr\u00e9dito para que as prefeituras e governos estaduais possam comprar \u00f4nibus e fazer comodato com as empresas. \u201cEntramos nesse projeto com 40 novos \u00f4nibus para fazer a renova\u00e7\u00e3o da frota. O projeto j\u00e1 est\u00e1 no BNDS e pretendemos que at\u00e9 o come\u00e7o do ano que vem j\u00e1 esteja aprovado. A ideia do cons\u00f3rcio \u00e9 tamb\u00e9m realizar, at\u00e9 o primeiro semestre de 2024, a licita\u00e7\u00e3o do transporte coletivo. Teremos mais reuni\u00f5es do comit\u00ea para que, em meados de mar\u00e7o ou abril, j\u00e1 possamos estar com o edital da licita\u00e7\u00e3o do transporte coletivo de Aracaju e regi\u00e3o metropolitana. Os quatro prefeitos e o governo do Estado, juntos, estamos trabalhando pela melhoria do transporte coletivo das nossas cidades\u201d, afirmou.<\/p>\n\n\n\n<p><strong>Estrutura do cons\u00f3rcio<\/strong><br>O cons\u00f3rcio do transporte p\u00fablico ser\u00e1 uma autarquia que ter\u00e1 uma sede pr\u00f3pria, estatuto e regulamento. Como prefeito da maior cidade entre as quatro, o gestor de Aracaju, Edvaldo Nogueira, assume a presid\u00eancia do cons\u00f3rcio, e o superintendente de Transportes e Tr\u00e2nsito de Aracaju, Renato Telles, a Diretoria Executiva. O governador F\u00e1bio Mitidieri e os demais prefeitos das cidades da Grande Aracaju tamb\u00e9m ter\u00e3o participa\u00e7\u00e3o efetiva. Com a cria\u00e7\u00e3o do cons\u00f3rcio metropolitano, todas as decis\u00f5es sobre o sistema de transporte coletivo ser\u00e3o tomadas coletivamente, tanto do ponto de vista da fiscaliza\u00e7\u00e3o, como das discuss\u00f5es das linhas, entre outros pontos.<\/p>\n\n\n\n<p><strong>Congelamento da tarifa<\/strong><br>Em assembleia extraordin\u00e1ria do Cons\u00f3rcio Metropolitano da Grande Aracaju, realizada no dia 22 de novembro, com participa\u00e7\u00e3o dos prefeitos das quatro cidades, do governador F\u00e1bio Mitidieri e demais membros da autarquia, o prefeito Edvaldo Nogueira anunciou o congelamento da tarifa e a concess\u00e3o de um subs\u00eddio pela prefeitura da capital para o transporte p\u00fablico da regi\u00e3o metropolitana, sistema que atende, diariamente, 170 mil usu\u00e1rios, totalizando 3,5 milh\u00f5es passageiros ao m\u00eas.<\/p>\n\n\n\n<p>O prefeito destacou ainda que a instala\u00e7\u00e3o se divide em dois momentos: o primeiro \u00e9 um conjunto de a\u00e7\u00f5es emergenciais. \u201cA primeira medida ser\u00e1 o congelamento do pre\u00e7o das passagens, que j\u00e1 s\u00e3o caras para quem paga, e insuficientes para as empresas. Ent\u00e3o o pre\u00e7o da passagem ser\u00e1 de R$ 5,00, sendo que os passageiros pagar\u00e3o apenas&nbsp; R$ 4,50, e o restante, necess\u00e1rio para financiar o sistema de transporte, ser\u00e1 arcado pela Prefeitura de Aracaju, com o valor de um milh\u00e3o e seiscentos mil reais por m\u00eas a partir de janeiro, e um milh\u00e3o e trezentos mil reais j\u00e1 para os meses de outubro, novembro e dezembro deste ano\u201d, disse, explicando ainda que no pr\u00f3ximo ano haver\u00e1 a renova\u00e7\u00e3o de 20 novos \u00f4nibus nas empresas de transporte coletivo.<\/p>\n\n\n\n<p>Esta iniciativa foi adotada com base em estudo realizado pela Superintend\u00eancia Municipal de Transportes e Tr\u00e2nsito (SMTT) da capital, que identificou a necessidade de aumento da tarifa do transporte coletivo.&nbsp; O Projeto de Lei para concess\u00e3o do subs\u00eddio foi encaminhado \u00e0 C\u00e2mara Municipal de Aracaju no dia 23 de novembro para ser apreciado pelos vereadores.<\/p>\n\n\n\n<p>O prefeito de Nossa Senhora do Socorro, Padre Inaldo, destacou que o cons\u00f3rcio tem um grande desafio, que \u00e9 o de fazer com que aconte\u00e7a a licita\u00e7\u00e3o do transporte coletivo. \u201cEssa \u00e9 a grande esperan\u00e7a para que se melhore a qualidade do transporte p\u00fablico. Neste momento, o prefeito Edvaldo Nogueira assumiu o compromisso de ajudar no subs\u00eddio \u00e0s empresas de transporte, que passam por dificuldades, congelando assim o pre\u00e7o da passagem para a popula\u00e7\u00e3o\u201d, disse.<\/p>\n\n\n\n<p><strong><em><strong><em>Acompanhe tamb\u00e9m o SE Not\u00edcias no\u00a0<a rel=\"noreferrer noopener\" href=\"https:\/\/twitter.com\/Senoticias\" target=\"_blank\">Twitter<\/a>,\u00a0<a rel=\"noreferrer noopener\" href=\"https:\/\/www.facebook.com\/senoticias1\" target=\"_blank\">Facebook<\/a>\u00a0e no\u00a0<a rel=\"noreferrer noopener\" href=\"https:\/\/www.instagram.com\/senoticias\/\" target=\"_blank\">Instagram<\/a><\/em><\/strong><\/em><\/strong><\/p>\n\n\n\n<p>Fonte: Aracaju Gov<\/p>\n","protected":false},"excerpt":{"rendered":"<p>Em breve, os moradores das quatro cidades que formam a Grande Aracaju ir\u00e3o dispor de um sistema de transporte p\u00fablico de melhor qualidade. Isso porque est\u00e1 em curso a instala\u00e7\u00e3o do Cons\u00f3rcio do Transporte, uma iniciativa que integra as prefeituras de Aracaju, S\u00e3o Crist\u00f3v\u00e3o, Nossa Senhora do Socorro, Barra dos Coqueiros, e o governo do [&hellip;]<\/p>\n","protected":false},"author":6557,"featured_media":0,"comment_status":"closed","ping_status":"closed","sticky":false,"template":"","format":"standard","meta":{"footnotes":""},"categories":[15,6],"tags":[40609,322,3704],"class_list":{"0":"post-140142","1":"post","2":"type-post","3":"status-publish","4":"format-standard","6":"category-destaques","7":"category-politica","8":"tag-consorcio-metropolitano-grande-aracaju","9":"tag-grande-aracaju","10":"tag-transporte-publico"},"_links":{"self":[{"href":"https:\/\/senoticias.com.br\/se\/wp-json\/wp\/v2\/posts\/140142"}],"collection":[{"href":"https:\/\/senoticias.com.br\/se\/wp-json\/wp\/v2\/posts"}],"about":[{"href":"https:\/\/senoticias.com.br\/se\/wp-json\/wp\/v2\/types\/post"}],"author":[{"embeddable":true,"href":"https:\/\/senoticias.com.br\/se\/wp-json\/wp\/v2\/users\/6557"}],"replies":[{"embeddable":true,"href":"https:\/\/senoticias.com.br\/se\/wp-json\/wp\/v2\/comments?post=140142"}],"version-history":[{"count":0,"href":"https:\/\/senoticias.com.br\/se\/wp-json\/wp\/v2\/posts\/140142\/revisions"}],"wp:attachment":[{"href":"https:\/\/senoticias.com.br\/se\/wp-json\/wp\/v2\/media?parent=140142"}],"wp:term":[{"taxonomy":"category","embeddable":true,"href":"https:\/\/senoticias.com.br\/se\/wp-json\/wp\/v2\/categories?post=140142"},{"taxonomy":"post_tag","embeddable":true,"href":"https:\/\/senoticias.com.br\/se\/wp-json\/wp\/v2\/tags?post=140142"}],"curies":[{"name":"wp","href":"https:\/\/api.w.org\/{rel}","templated":true}]}}