{"id":140134,"date":"2023-11-30T05:25:42","date_gmt":"2023-11-30T08:25:42","guid":{"rendered":"https:\/\/senoticias.com.br\/se\/?p=140134"},"modified":"2023-11-30T05:30:15","modified_gmt":"2023-11-30T08:30:15","slug":"140134-2","status":"publish","type":"post","link":"https:\/\/senoticias.com.br\/se\/140134-2\/","title":{"rendered":"Palmeiras goleia Am\u00e9rica-MG e abre tr\u00eas pontos de vantagem na lideran\u00e7a no Brasileiro"},"content":{"rendered":"\n<p>O Palmeiras goleou o Am\u00e9rica-MG por 4 a 0 nesta quarta-feira, no Allianz Parque, e abriu vantagem na lideran\u00e7a do Campeonato Brasileiro. Embalado por mais uma atua\u00e7\u00e3o importante de Endrick, o Verd\u00e3o dominou o confronto e bateu o Coelho com gols do jovem atacante e um contra de Eder, no primeiro tempo, e com dois de Flaco L\u00f3pez na segunda etapa. A dois jogos do t\u00e9rmino da competi\u00e7\u00e3o, a equipe palmeirense agora tem a possibilidade de definir a conquista do bicampeonato seguido no domingo.<\/p>\n\n\n\n<p>O Palmeiras agora soma 66 pontos e tem tr\u00eas de vantagem para Botafogo, Atl\u00e9tico-MG e Flamengo, que est\u00e3o empatados com 63 pontos. O Verd\u00e3o garante o t\u00edtulo se terminar o domingo com quatro pontos de vantagem para o vice-l\u00edder. O Am\u00e9rica-MG continua na lanterna com 21 pontos.<\/p>\n\n\n\n<figure class=\"wp-block-image size-large\"><img loading=\"lazy\" decoding=\"async\" width=\"576\" height=\"324\" src=\"https:\/\/senoticias.com.br\/se\/wp-content\/uploads\/2023\/11\/Palmeiras-vence-SE-Noticias.jpg\" alt=\"\" class=\"wp-image-140135\" srcset=\"https:\/\/senoticias.com.br\/se\/wp-content\/uploads\/2023\/11\/Palmeiras-vence-SE-Noticias.jpg 576w, https:\/\/senoticias.com.br\/se\/wp-content\/uploads\/2023\/11\/Palmeiras-vence-SE-Noticias-300x169.jpg 300w\" sizes=\"(max-width: 576px) 100vw, 576px\" \/><figcaption>Palmeiras x Am\u00e9rica-MG, Raphael Veiga e Endrick (Foto: Marcos Ribolli)<\/figcaption><\/figure>\n\n\n\n<p>Um minuto. Foi esse o tempo que o Palmeiras demorou para abrir o placar e come\u00e7ar a construir vantagem contra o Am\u00e9rica-MG. Depois de cobran\u00e7a de falta da direita, Endrick dominou fora da \u00e1rea e bateu rasteiro para fazer 1 a 0. Sem press\u00e3o, o Verd\u00e3o contou com \u00f3tima atua\u00e7\u00e3o de seu jovem atacante &#8211; mais uma vez &#8211; para dominar o jogo, tanto que n\u00e3o sentiu a sa\u00edda de Rony antes dos dez minutos ap\u00f3s um choque do palmeirense com o goleiro do Am\u00e9rica. Aos 36, Endrick conseguiu \u00f3tima jogada individual e quase marcou o segundo, mas a finaliza\u00e7\u00e3o do atacante parou em boa defesa de Jori. O lance n\u00e3o fez falta para os donos da casa porque o segundo gol saiu logo depois. Raphael Veiga cobrou falta para \u00e1rea e viu \u00c9der desviar contra o pr\u00f3prio gol: 2 a 0.<\/p>\n\n\n\n<p>Palmeiras e Am\u00e9rica-MG protagonizaram uma segunda etapa com um ritmo menos acelerado. Em vantagem, o Verd\u00e3o teve espa\u00e7o para contra-atacar e conseguiu criar com boas arrancadas de Endrick. Aos 12, Artur chutou forte para defesa de Jori. Na jogada seguinte, Breno Lopes recebeu de Endrick e, livre, chutou por cima na sa\u00edda do goleiro do Am\u00e9rica. Com poucas amea\u00e7as dos visitantes, os palmeirenses ainda acertaram a trave com Jhon Jhon e fecharam o placar com dois gols de Flaco L\u00f3pez, um aproveitando cruzamento de Piquerez e outro depois de desvio de Jailson.<\/p>\n\n\n\n<p>Na pr\u00f3xima rodada, o Palmeiras recebe o Fluminense, no domingo, no Allianz Parque, \u00e0s 16h, mesmo dia e hor\u00e1rio da partida entre Am\u00e9rica-MG e Bahia, em Belo Horizonte.<\/p>\n\n\n\n<p>PALMEIRAS 4 X 0 AM\u00c9RICA-MG<br>Local: Allianz Parque, em S\u00e3o Paulo (SP)<br>Data: 29 de novembro de 2023 (quarta-feira)<br>Hor\u00e1rio: 21h30 (de Bras\u00edlia)<br>\u00c1rbitro: Wilton Pereira Sampaio (FIFA-GO)<br>Assistentes: Leone Carvalho Rocha (GO) e Lehi Sousa Silva (DF)<br>VAR: Rodolpho Toski Marques (FIFA-PR)<br>Cart\u00f5es amarelos: Naves, Richard R\u00edos (Palmeiras); J\u00falio (Am\u00e9rica-MG)<br>P\u00fablico: 29.717 torcedores<br>Renda: R$ 2.694.055,09<\/p>\n\n\n\n<p>GOLS:<\/p>\n\n\n\n<p>PALMEIRAS: Endrick (aos dois minutos do 1\u00b0T), \u00c9der (contra, aos 40 minutos do 1\u00b0T), Flaco L\u00f3pez (aos 43 e 46 minutos do 2\u00b0T)<\/p>\n\n\n\n<p>PALMEIRAS: Weverton; Marcos Rocha, Naves, Murilo e Piquerez; Richard R\u00edos (Fabinho), Z\u00e9 Rafael (Jailson) e Raphael Veiga; Rony (Artur), Endrick (L\u00f3pez) e Breno Lopes (Jhon Jhon).<br>T\u00e9cnico: Vitor Castanheira (auxiliar)<\/p>\n\n\n\n<p>AM\u00c9RICA-MG: Jori; Rodriguinho, Danilo Avelar, \u00c9der (Al\u00ea), J\u00falio C\u00e9sar e Marlon Lopes; Lucas Kal, Juninho e Emmanuel Mart\u00ednez (Ben\u00edtez); Mastriani (Renato Marques) e Felipe Azevedo (Everaldo).<br>T\u00e9cnico: Diogo Giacomini<\/p>\n\n\n\n<p><strong><em><strong><em>Acompanhe tamb\u00e9m o SE Not\u00edcias no\u00a0<a rel=\"noreferrer noopener\" href=\"https:\/\/twitter.com\/Senoticias\" target=\"_blank\">Twitter<\/a>,\u00a0<a rel=\"noreferrer noopener\" href=\"https:\/\/www.facebook.com\/senoticias1\" target=\"_blank\">Facebook<\/a>\u00a0e no\u00a0<a rel=\"noreferrer noopener\" href=\"https:\/\/www.instagram.com\/senoticias\/\" target=\"_blank\">Instagram<\/a><\/em><\/strong><\/em><\/strong><\/p>\n\n\n\n<p>Fonte: GE<\/p>\n","protected":false},"excerpt":{"rendered":"<p>O Palmeiras goleou o Am\u00e9rica-MG por 4 a 0 nesta quarta-feira, no Allianz Parque, e abriu vantagem na lideran\u00e7a do Campeonato Brasileiro. Embalado por mais uma atua\u00e7\u00e3o importante de Endrick, o Verd\u00e3o dominou o confronto e bateu o Coelho com gols do jovem atacante e um contra de Eder, no primeiro tempo, e com dois [&hellip;]<\/p>\n","protected":false},"author":6557,"featured_media":0,"comment_status":"closed","ping_status":"closed","sticky":false,"template":"","format":"standard","meta":{"footnotes":""},"categories":[15,26,1],"tags":[794,938,40608],"class_list":{"0":"post-140134","1":"post","2":"type-post","3":"status-publish","4":"format-standard","6":"category-destaques","7":"category-esportes","8":"category-sem-categoria","9":"tag-campeonato-brasileiro","10":"tag-palmeiras","11":"tag-palmeiras-lider-2"},"_links":{"self":[{"href":"https:\/\/senoticias.com.br\/se\/wp-json\/wp\/v2\/posts\/140134"}],"collection":[{"href":"https:\/\/senoticias.com.br\/se\/wp-json\/wp\/v2\/posts"}],"about":[{"href":"https:\/\/senoticias.com.br\/se\/wp-json\/wp\/v2\/types\/post"}],"author":[{"embeddable":true,"href":"https:\/\/senoticias.com.br\/se\/wp-json\/wp\/v2\/users\/6557"}],"replies":[{"embeddable":true,"href":"https:\/\/senoticias.com.br\/se\/wp-json\/wp\/v2\/comments?post=140134"}],"version-history":[{"count":0,"href":"https:\/\/senoticias.com.br\/se\/wp-json\/wp\/v2\/posts\/140134\/revisions"}],"wp:attachment":[{"href":"https:\/\/senoticias.com.br\/se\/wp-json\/wp\/v2\/media?parent=140134"}],"wp:term":[{"taxonomy":"category","embeddable":true,"href":"https:\/\/senoticias.com.br\/se\/wp-json\/wp\/v2\/categories?post=140134"},{"taxonomy":"post_tag","embeddable":true,"href":"https:\/\/senoticias.com.br\/se\/wp-json\/wp\/v2\/tags?post=140134"}],"curies":[{"name":"wp","href":"https:\/\/api.w.org\/{rel}","templated":true}]}}