{"id":140124,"date":"2023-11-29T09:17:59","date_gmt":"2023-11-29T12:17:59","guid":{"rendered":"https:\/\/senoticias.com.br\/se\/?p=140124"},"modified":"2023-11-29T09:35:43","modified_gmt":"2023-11-29T12:35:43","slug":"fundacao-renascer-abre-processo-seletivo-para-socioeducadores","status":"publish","type":"post","link":"https:\/\/senoticias.com.br\/se\/fundacao-renascer-abre-processo-seletivo-para-socioeducadores\/","title":{"rendered":"Funda\u00e7\u00e3o Renascer abre processo seletivo para socioeducadores"},"content":{"rendered":"\n<p>A Funda\u00e7\u00e3o Renascer do Estado de Sergipe anunciou nesta ter\u00e7a-feira (21) o lan\u00e7amento do Processo Seletivo Simplificado (PSS) \u2013 Edital n\u00ba 01\/2023, para a contrata\u00e7\u00e3o tempor\u00e1ria. O objetivo \u00e9 preencher 30 vagas imediatas e formar um cadastro reserva para a fun\u00e7\u00e3o de Socioeducador, voltadas para candidatos com ensino m\u00e9dio completo.<\/p>\n\n\n\n<figure class=\"wp-block-image size-large\"><img loading=\"lazy\" decoding=\"async\" width=\"583\" height=\"262\" src=\"https:\/\/senoticias.com.br\/se\/wp-content\/uploads\/2023\/11\/WhatsApp-Image-2023-11-29-at-09.26.10.jpeg\" alt=\"\" class=\"wp-image-140125\" srcset=\"https:\/\/senoticias.com.br\/se\/wp-content\/uploads\/2023\/11\/WhatsApp-Image-2023-11-29-at-09.26.10.jpeg 583w, https:\/\/senoticias.com.br\/se\/wp-content\/uploads\/2023\/11\/WhatsApp-Image-2023-11-29-at-09.26.10-300x135.jpeg 300w\" sizes=\"(max-width: 583px) 100vw, 583px\" \/><figcaption>Processo ser\u00e1 para Educadores Sociais para a Funda\u00e7\u00e3o Renascer &#8211; Foto: arquivo\/ASN<\/figcaption><\/figure>\n\n\n\n<p>O Pss contar\u00e1 com 23 vagas para profissionais do sexo masculino e sete para o sexo feminino, com remunera\u00e7\u00e3o de R$ 2.659,60 para jornadas de 44 horas semanais ou em regime de plant\u00e3o de 12\u00d736 horas. O processo \u00e9 destinado tamb\u00e9m para Pessoa Com Defici\u00eancia (PCD).<\/p>\n\n\n\n<p>A avalia\u00e7\u00e3o ser\u00e1 realizada por meio de uma prova de t\u00edtulos, considerando cursos de inform\u00e1tica, experi\u00eancia profissional comprovada em socioeduca\u00e7\u00e3o e magist\u00e9rio, capacita\u00e7\u00f5es e especializa\u00e7\u00f5es relacionadas ao Estatuto da Crian\u00e7a e do Adolescente (ECA), Socioeduca\u00e7\u00e3o e Direitos Humanos.<\/p>\n\n\n\n<p>Para o presidente da Funda\u00e7\u00e3o Renascer, Samuel Barreto, este PSS \u00e9 uma oportunidade para profissionais que buscam atuar nas unidades socioeducativas da Renascer. \u201c\u00c9 um leque de contribui\u00e7\u00e3o para o desenvolvimento e bem-estar dos socioeducandos atendidos pelas Comunidades de Atendimento Socioeducativo da institui\u00e7\u00e3o. Portanto, o edital exige algumas experi\u00eancias profissionais, e se voc\u00ea \u00e9 um candidato que se enquadra nesse quesito, basta seguir as etapas para participar do processo\u201d, disse.<\/p>\n\n\n\n<p><strong>Inscri\u00e7\u00e3o<\/strong><\/p>\n\n\n\n<p>As inscri\u00e7\u00f5es estar\u00e3o abertas a partir das 9 horas do dia 27 de novembro e encerrando-se \u00e0s 23h59 do dia 1\u00ba de dezembro de 2023. Para se inscrever, \u00e9 necess\u00e1rio acessar o site da Funda\u00e7\u00e3o Renascer (<a href=\"https:\/\/renascer.se.gov.br\/\">https:\/\/renascer.se.gov.br\/<\/a>) e preencher um formul\u00e1rio com os dados solicitados. J\u00e1 as contrata\u00e7\u00f5es ser\u00e3o realizadas a partir de janeiro de 2024.<\/p>\n\n\n\n<p><strong><em><strong><em>Acompanhe tamb\u00e9m o SE Not\u00edcias no\u00a0<a rel=\"noreferrer noopener\" href=\"https:\/\/twitter.com\/Senoticias\" target=\"_blank\">Twitter<\/a>,\u00a0<a rel=\"noreferrer noopener\" href=\"https:\/\/www.facebook.com\/senoticias1\" target=\"_blank\">Facebook<\/a>\u00a0e no\u00a0<a rel=\"noreferrer noopener\" href=\"https:\/\/www.instagram.com\/senoticias\/\" target=\"_blank\">Instagram<\/a><\/em><\/strong><\/em><\/strong><br><br>Fonte: Governo De Sergipe<\/p>\n","protected":false},"excerpt":{"rendered":"<p>A Funda\u00e7\u00e3o Renascer do Estado de Sergipe anunciou nesta ter\u00e7a-feira (21) o lan\u00e7amento do Processo Seletivo Simplificado (PSS) \u2013 Edital n\u00ba 01\/2023, para a contrata\u00e7\u00e3o tempor\u00e1ria. O objetivo \u00e9 preencher 30 vagas imediatas e formar um cadastro reserva para a fun\u00e7\u00e3o de Socioeducador, voltadas para candidatos com ensino m\u00e9dio completo. O Pss contar\u00e1 com 23 [&hellip;]<\/p>\n","protected":false},"author":6557,"featured_media":0,"comment_status":"closed","ping_status":"closed","sticky":false,"template":"","format":"standard","meta":{"footnotes":""},"categories":[15,6],"tags":[2757,3005],"class_list":{"0":"post-140124","1":"post","2":"type-post","3":"status-publish","4":"format-standard","6":"category-destaques","7":"category-politica","8":"tag-fundacao-renascer","9":"tag-processo-seletivo"},"_links":{"self":[{"href":"https:\/\/senoticias.com.br\/se\/wp-json\/wp\/v2\/posts\/140124"}],"collection":[{"href":"https:\/\/senoticias.com.br\/se\/wp-json\/wp\/v2\/posts"}],"about":[{"href":"https:\/\/senoticias.com.br\/se\/wp-json\/wp\/v2\/types\/post"}],"author":[{"embeddable":true,"href":"https:\/\/senoticias.com.br\/se\/wp-json\/wp\/v2\/users\/6557"}],"replies":[{"embeddable":true,"href":"https:\/\/senoticias.com.br\/se\/wp-json\/wp\/v2\/comments?post=140124"}],"version-history":[{"count":0,"href":"https:\/\/senoticias.com.br\/se\/wp-json\/wp\/v2\/posts\/140124\/revisions"}],"wp:attachment":[{"href":"https:\/\/senoticias.com.br\/se\/wp-json\/wp\/v2\/media?parent=140124"}],"wp:term":[{"taxonomy":"category","embeddable":true,"href":"https:\/\/senoticias.com.br\/se\/wp-json\/wp\/v2\/categories?post=140124"},{"taxonomy":"post_tag","embeddable":true,"href":"https:\/\/senoticias.com.br\/se\/wp-json\/wp\/v2\/tags?post=140124"}],"curies":[{"name":"wp","href":"https:\/\/api.w.org\/{rel}","templated":true}]}}