{"id":140114,"date":"2023-11-28T18:53:18","date_gmt":"2023-11-28T21:53:18","guid":{"rendered":"https:\/\/senoticias.com.br\/se\/?p=140114"},"modified":"2023-11-28T19:20:15","modified_gmt":"2023-11-28T22:20:15","slug":"deputados-repercutem-aumento-das-taxas-para-emissao-da-carteira-nacional-de-habilitacao","status":"publish","type":"post","link":"https:\/\/senoticias.com.br\/se\/deputados-repercutem-aumento-das-taxas-para-emissao-da-carteira-nacional-de-habilitacao\/","title":{"rendered":"Deputados repercutem aumento das taxas para emiss\u00e3o da Carteira Nacional de Habilita\u00e7\u00e3o"},"content":{"rendered":"\n<p>Os deputados estaduais Luiz\u00e3o Donatrampi (Uni\u00e3o Brasil), Linda Brasil (Psol), Georgeo Passos (Cidadania) e Marcos Olivereira ( PL) usaram a tribuna da Assembleia Legislativa do Estado de Sergipe (Alese) nesta ter\u00e7a-feira (28) para repercutir o aumento das taxas para aquisi\u00e7\u00e3o da 1\u00b0 Carteira Nacional de Habilita\u00e7\u00e3o (CNH). De acordo com os parlamentares, com os valores apresentados no Departamento Estadual de Tr\u00e2nsito por meio da portaria do (Detran\/SE) N\u00b0 446\/2023 o aumento podem chegar a 100%.<\/p>\n\n\n\n<figure class=\"wp-block-image size-large\"><img loading=\"lazy\" decoding=\"async\" width=\"400\" height=\"267\" src=\"https:\/\/senoticias.com.br\/se\/wp-content\/uploads\/2023\/11\/Deputado-Marcos-Oliveira-SE-Noticias.jpeg\" alt=\"\" class=\"wp-image-140116\" srcset=\"https:\/\/senoticias.com.br\/se\/wp-content\/uploads\/2023\/11\/Deputado-Marcos-Oliveira-SE-Noticias.jpeg 400w, https:\/\/senoticias.com.br\/se\/wp-content\/uploads\/2023\/11\/Deputado-Marcos-Oliveira-SE-Noticias-300x200.jpeg 300w, https:\/\/senoticias.com.br\/se\/wp-content\/uploads\/2023\/11\/Deputado-Marcos-Oliveira-SE-Noticias-90x60.jpeg 90w, https:\/\/senoticias.com.br\/se\/wp-content\/uploads\/2023\/11\/Deputado-Marcos-Oliveira-SE-Noticias-180x120.jpeg 180w, https:\/\/senoticias.com.br\/se\/wp-content\/uploads\/2023\/11\/Deputado-Marcos-Oliveira-SE-Noticias-95x64.jpeg 95w\" sizes=\"(max-width: 400px) 100vw, 400px\" \/><figcaption>Segundo o deputado Marcos Oliveira, os sergipanos que n\u00e3o tem CNH geralmente tem menos possibilidade de conseguir emprego &#8211; Foto: Jadilson Sim\u00f5es\/Alese<\/figcaption><\/figure>\n\n\n\n<p>Para o deputado Luiz\u00e3o Donatrampi a CNH deveria ser equivalente as carteiras de identidade e\/ou de trabalho. \u201cO aumento da CNH \u00e9 muito abusivo aqui em Sergipe. Infelizmente, muita gente tem a dificuldade. Por isso, este documento deveria ser gratuito. Os crit\u00e9rios para obter o documento deveriam ser participa\u00e7\u00e3o nas aulas e aptid\u00e3o para dirigir\u201d.<\/p>\n\n\n\n<p>O deputado Georgeo Passos declarou ser um absurdo um cidad\u00e3o pagar por volta de R$ 4.400 para adquirir uma CNH com as categorias A e B. \u201cEsta Portaria do Detran fixando valores m\u00ednimos e m\u00e1ximos para a aquisi\u00e7\u00e3o da CNH prejudica demais o cidad\u00e3o. Pedimos ao Governo do Estado mais compreens\u00e3o para reduzir estes valores\u201d.<\/p>\n\n\n\n<p>Linda Brasil tamb\u00e9m compartilhou da mesma opini\u00e3o sobre a CNH. \u201cFalando da portaria da CNH, este documento t\u00e3o importante para a classe trabalhadora, estamos mandando um of\u00edcio para o Detran\/SE para solicitar mais informa\u00e7\u00f5es. Queremos saber sobre como foi feito o embasamento juntamente com a Associa\u00e7\u00e3o das Autoescolas em Sergipe para a defini\u00e7\u00e3o do pre\u00e7o para a emiss\u00e3o do documento\u201d.<\/p>\n\n\n\n<p>De acordo com o deputado Marcos Oliveira, os sergipanos que n\u00e3o tem CNH geralmente tem menos possibilidade de conseguir emprego. \u201cN\u00e3o podemos regular atrav\u00e9s de uma portaria, uma situa\u00e7\u00e3o que piore demasiada a vida do pobre e que dificulte a emiss\u00e3o da CNH. A solu\u00e7\u00e3o para esta problem\u00e1tica \u00e9 um Projeto de Lei sustando os efeitos desta portaria. Depois buscamos uma solu\u00e7\u00e3o\u201d.<\/p>\n\n\n\n<p><strong><em>Acompanhe tamb\u00e9m o SE Not\u00edcias no\u00a0<a rel=\"noreferrer noopener\" href=\"https:\/\/twitter.com\/Senoticias\" target=\"_blank\">Twitter<\/a>,\u00a0<a rel=\"noreferrer noopener\" href=\"https:\/\/www.facebook.com\/senoticias1\" target=\"_blank\">Facebook<\/a>\u00a0e no\u00a0<a rel=\"noreferrer noopener\" href=\"https:\/\/www.instagram.com\/senoticias\/\" target=\"_blank\">Instagra<\/a><\/em><\/strong><\/p>\n\n\n\n<p>Foto: Jadilson Sim\u00f5es\/ Ag\u00eancia de Not\u00edcias Alese<\/p>\n","protected":false},"excerpt":{"rendered":"<p>Os deputados estaduais Luiz\u00e3o Donatrampi (Uni\u00e3o Brasil), Linda Brasil (Psol), Georgeo Passos (Cidadania) e Marcos Olivereira ( PL) usaram a tribuna da Assembleia Legislativa do Estado de Sergipe (Alese) nesta ter\u00e7a-feira (28) para repercutir o aumento das taxas para aquisi\u00e7\u00e3o da 1\u00b0 Carteira Nacional de Habilita\u00e7\u00e3o (CNH). De acordo com os parlamentares, com os valores [&hellip;]<\/p>\n","protected":false},"author":6557,"featured_media":0,"comment_status":"closed","ping_status":"closed","sticky":false,"template":"","format":"standard","meta":{"footnotes":""},"categories":[15,6,1],"tags":[7280,4928],"class_list":{"0":"post-140114","1":"post","2":"type-post","3":"status-publish","4":"format-standard","6":"category-destaques","7":"category-politica","8":"category-sem-categoria","9":"tag-carteira-nacional-de-habilitacao","10":"tag-cnh"},"_links":{"self":[{"href":"https:\/\/senoticias.com.br\/se\/wp-json\/wp\/v2\/posts\/140114"}],"collection":[{"href":"https:\/\/senoticias.com.br\/se\/wp-json\/wp\/v2\/posts"}],"about":[{"href":"https:\/\/senoticias.com.br\/se\/wp-json\/wp\/v2\/types\/post"}],"author":[{"embeddable":true,"href":"https:\/\/senoticias.com.br\/se\/wp-json\/wp\/v2\/users\/6557"}],"replies":[{"embeddable":true,"href":"https:\/\/senoticias.com.br\/se\/wp-json\/wp\/v2\/comments?post=140114"}],"version-history":[{"count":0,"href":"https:\/\/senoticias.com.br\/se\/wp-json\/wp\/v2\/posts\/140114\/revisions"}],"wp:attachment":[{"href":"https:\/\/senoticias.com.br\/se\/wp-json\/wp\/v2\/media?parent=140114"}],"wp:term":[{"taxonomy":"category","embeddable":true,"href":"https:\/\/senoticias.com.br\/se\/wp-json\/wp\/v2\/categories?post=140114"},{"taxonomy":"post_tag","embeddable":true,"href":"https:\/\/senoticias.com.br\/se\/wp-json\/wp\/v2\/tags?post=140114"}],"curies":[{"name":"wp","href":"https:\/\/api.w.org\/{rel}","templated":true}]}}