{"id":140111,"date":"2023-11-28T16:37:33","date_gmt":"2023-11-28T19:37:33","guid":{"rendered":"https:\/\/senoticias.com.br\/se\/?p=140111"},"modified":"2023-11-28T16:37:42","modified_gmt":"2023-11-28T19:37:42","slug":"festival-do-caranguejo-inicia-na-proxima-quinta-na-orla-de-aracaju","status":"publish","type":"post","link":"https:\/\/senoticias.com.br\/se\/festival-do-caranguejo-inicia-na-proxima-quinta-na-orla-de-aracaju\/","title":{"rendered":"Festival do Caranguejo inicia na pr\u00f3xima quinta na Orla de Aracaju"},"content":{"rendered":"\n<p>Inicia na pr\u00f3xima quinta-feira (30) e segue at\u00e9 o domingo (3) o Festival do Caranguejo, na Passarela do Caranguejo, na Orla da Atalaia, em Aracaju. A iguaria \u00e9 um dos principais s\u00edmbolos da culin\u00e1ria sergipana.<\/p>\n\n\n\n<figure class=\"wp-block-image size-large\"><img loading=\"lazy\" decoding=\"async\" width=\"590\" height=\"332\" src=\"https:\/\/senoticias.com.br\/se\/wp-content\/uploads\/2023\/11\/Festival-do-Caranguejo-SE-Noticias.jpg\" alt=\"\" class=\"wp-image-140112\" srcset=\"https:\/\/senoticias.com.br\/se\/wp-content\/uploads\/2023\/11\/Festival-do-Caranguejo-SE-Noticias.jpg 590w, https:\/\/senoticias.com.br\/se\/wp-content\/uploads\/2023\/11\/Festival-do-Caranguejo-SE-Noticias-300x169.jpg 300w\" sizes=\"(max-width: 590px) 100vw, 590px\" \/><figcaption>Caranguejo \u00e9 s\u00edmbolo da culin\u00e1ria sergipana \u2014 Foto: Reprodu\u00e7\u00e3o\/arquivo<\/figcaption><\/figure>\n\n\n\n<p>Segundo a prefeitura da capital, o evento contar\u00e1 com 18 estabelecimentos expositores com pratos diferenciados. O Servi\u00e7o Nacional de Aprendizagem Comercial (Senac) levar\u00e1 para o palco do festival sua cozinha show, com a prepara\u00e7\u00e3o de pratos para degusta\u00e7\u00e3o.<\/p>\n\n\n\n<p>Artistas locais se apresentar\u00e3o entre as 18h e 22h. O festival tamb\u00e9m oferecer\u00e1 um espa\u00e7o para as crian\u00e7as com brinquedos infl\u00e1veis e a esquete teatral Bodega do Caju, este nos dias 1\u00ba e 2 de dezembro.<\/p>\n\n\n\n<p><strong><em>Acompanhe tamb\u00e9m o SE Not\u00edcias no\u00a0<a rel=\"noreferrer noopener\" href=\"https:\/\/twitter.com\/Senoticias\" target=\"_blank\">Twitter<\/a>,\u00a0<a rel=\"noreferrer noopener\" href=\"https:\/\/www.facebook.com\/senoticias1\" target=\"_blank\">Facebook<\/a>\u00a0e no\u00a0<a rel=\"noreferrer noopener\" href=\"https:\/\/www.instagram.com\/senoticias\/\" target=\"_blank\">Instagram<\/a><\/em><\/strong><\/p>\n\n\n\n<p>Fonte: <strong><a href=\"https:\/\/g1.globo.com\/se\/sergipe\/noticia\/2023\/11\/28\/festival-do-caranguejo-inicia-na-proxima-quinta-na-orla-de-aracaju.ghtml\">G1<\/a><\/strong>SE<\/p>\n","protected":false},"excerpt":{"rendered":"<p>Inicia na pr\u00f3xima quinta-feira (30) e segue at\u00e9 o domingo (3) o Festival do Caranguejo, na Passarela do Caranguejo, na Orla da Atalaia, em Aracaju. A iguaria \u00e9 um dos principais s\u00edmbolos da culin\u00e1ria sergipana. Segundo a prefeitura da capital, o evento contar\u00e1 com 18 estabelecimentos expositores com pratos diferenciados. O Servi\u00e7o Nacional de Aprendizagem [&hellip;]<\/p>\n","protected":false},"author":6557,"featured_media":0,"comment_status":"closed","ping_status":"closed","sticky":false,"template":"","format":"standard","meta":{"footnotes":""},"categories":[15,21],"tags":[40594,13467,40595],"class_list":{"0":"post-140111","1":"post","2":"type-post","3":"status-publish","4":"format-standard","6":"category-destaques","7":"category-entretenimento","8":"tag-festival-do-caranguejo","9":"tag-orla-de-aracaju","10":"tag-passarela-do-caranguejo"},"_links":{"self":[{"href":"https:\/\/senoticias.com.br\/se\/wp-json\/wp\/v2\/posts\/140111"}],"collection":[{"href":"https:\/\/senoticias.com.br\/se\/wp-json\/wp\/v2\/posts"}],"about":[{"href":"https:\/\/senoticias.com.br\/se\/wp-json\/wp\/v2\/types\/post"}],"author":[{"embeddable":true,"href":"https:\/\/senoticias.com.br\/se\/wp-json\/wp\/v2\/users\/6557"}],"replies":[{"embeddable":true,"href":"https:\/\/senoticias.com.br\/se\/wp-json\/wp\/v2\/comments?post=140111"}],"version-history":[{"count":0,"href":"https:\/\/senoticias.com.br\/se\/wp-json\/wp\/v2\/posts\/140111\/revisions"}],"wp:attachment":[{"href":"https:\/\/senoticias.com.br\/se\/wp-json\/wp\/v2\/media?parent=140111"}],"wp:term":[{"taxonomy":"category","embeddable":true,"href":"https:\/\/senoticias.com.br\/se\/wp-json\/wp\/v2\/categories?post=140111"},{"taxonomy":"post_tag","embeddable":true,"href":"https:\/\/senoticias.com.br\/se\/wp-json\/wp\/v2\/tags?post=140111"}],"curies":[{"name":"wp","href":"https:\/\/api.w.org\/{rel}","templated":true}]}}