{"id":140060,"date":"2023-11-24T16:41:58","date_gmt":"2023-11-24T19:41:58","guid":{"rendered":"https:\/\/senoticias.com.br\/se\/?p=140060"},"modified":"2023-11-24T16:59:17","modified_gmt":"2023-11-24T19:59:17","slug":"policia-civil-indicia-motorista-de-aplicativo-que-agrediu-idoso-em-aracaju","status":"publish","type":"post","link":"https:\/\/senoticias.com.br\/se\/policia-civil-indicia-motorista-de-aplicativo-que-agrediu-idoso-em-aracaju\/","title":{"rendered":"Pol\u00edcia Civil indicia motorista de aplicativo que agrediu idoso em Aracaju"},"content":{"rendered":"\n<p><\/p>\n\n\n\n<p>Nesta sexta-feira, 24, a Pol\u00edcia Civil indiciou um motorista de aplicativo investigado por agredir o idoso <strong>Welington Menezes,\u00a0de 73 anos<\/strong>, em Aracaju, na \u00faltima segunda-feira, 20, no bairro Luzia, ao final de uma corrida. O homem foi indiciado pelos crimes de les\u00f5es corporais praticadas contra o idoso e de dano, j\u00e1 que o celular da v\u00edtima foi quebrado.<\/p>\n\n\n\n<figure class=\"wp-block-image size-large\"><img loading=\"lazy\" decoding=\"async\" width=\"600\" height=\"386\" src=\"https:\/\/senoticias.com.br\/se\/wp-content\/uploads\/2023\/11\/Idoso-agredido-SE-Noticias-1.jpeg\" alt=\"\" class=\"wp-image-140062\" srcset=\"https:\/\/senoticias.com.br\/se\/wp-content\/uploads\/2023\/11\/Idoso-agredido-SE-Noticias-1.jpeg 600w, https:\/\/senoticias.com.br\/se\/wp-content\/uploads\/2023\/11\/Idoso-agredido-SE-Noticias-1-300x193.jpeg 300w, https:\/\/senoticias.com.br\/se\/wp-content\/uploads\/2023\/11\/Idoso-agredido-SE-Noticias-1-190x122.jpeg 190w, https:\/\/senoticias.com.br\/se\/wp-content\/uploads\/2023\/11\/Idoso-agredido-SE-Noticias-1-120x76.jpeg 120w\" sizes=\"(max-width: 600px) 100vw, 600px\" \/><figcaption>Idoso foi agredido por motorista de aplicativo &#8211; Foto:  arquivo\/SSP\/SE<\/figcaption><\/figure>\n\n\n\n<p>O delegado Everton Santos, titular da 1\u00aa Delegacia Metropolitana, que est\u00e1 \u00e0 frente do caso, remeteu os autos do procedimento \u00e0 Justi\u00e7a na manh\u00e3 desta sexta. \u201cForam encaminhados para a Justi\u00e7a os autos do procedimento envolvendo o idoso de 73 anos e o autor do fato, um motorista de aplicativo, com 34 anos. O crime foi praticado por motivo f\u00fatil\u201d, citou.<\/p>\n\n\n\n<p>Durante o inqu\u00e9rito policial, dois funcion\u00e1rios de uma empresa fornecedora de energia foram ouvidos enquanto testemunhas. \u201cEssas testemunhas confirmaram que realmente intercederam para que as agress\u00f5es contra o idoso cessassem. Foi juntado tamb\u00e9m, al\u00e9m das imagens da ocorr\u00eancia, o laudo pericial &#8211; um relat\u00f3rio m\u00e9dico &#8211; informando que ele teve les\u00e3o em uma das m\u00e3os\u201d, completou o delegado.<\/p>\n\n\n\n<p>Diante do levantamento de imagens do crime, das ouvidas e de dilig\u00eancias realizadas, o suspeito foi indiciado. \u201cN\u00f3s tivemos que indiciar o autor nos crimes de les\u00f5es corporais, praticadas contra o idoso, bem como o crime de dano, porque o celular foi quebrado no momento da contenda\u201d, concluiu o Everton Santos.<\/p>\n\n\n\n<p><strong>Entenda o caso<\/strong><\/p>\n\n\n\n<p>Na segunda, 20, foi registrada uma ocorr\u00eancia de agress\u00e3o contra um idoso, ap\u00f3s um desentendimento em torno do pagamento por uma corrida feita por meio de aplicativo de transporte no bairro Luzia, em Aracaju.<\/p>\n\n\n\n<p>De acordo com as informa\u00e7\u00f5es policiais, a v\u00edtima teria feito o pagamento duplicado. Ao solicitar ao motorista que fizesse a devolu\u00e7\u00e3o do valor, o condutor o teria tratado de forma agressiva, proferindo palavras ofensivas e o agredido fisicamente. O condutor do aplicativo teria jogado o aparelho celular do idoso no ch\u00e3o.<\/p>\n\n\n\n<p><strong><em>Acompanhe tamb\u00e9m o SE Not\u00edcias no\u00a0<a rel=\"noreferrer noopener\" href=\"https:\/\/twitter.com\/Senoticias\" target=\"_blank\">Twitter<\/a>,\u00a0<a rel=\"noreferrer noopener\" href=\"https:\/\/www.facebook.com\/senoticias1\" target=\"_blank\">Facebook<\/a>\u00a0e no\u00a0<a rel=\"noreferrer noopener\" href=\"https:\/\/www.instagram.com\/senoticias\/\" target=\"_blank\">Instagram<\/a><\/em><\/strong><\/p>\n\n\n\n<p>Fonte: SSP\/SE<\/p>\n","protected":false},"excerpt":{"rendered":"<p>Nesta sexta-feira, 24, a Pol\u00edcia Civil indiciou um motorista de aplicativo investigado por agredir o idoso Welington Menezes,\u00a0de 73 anos, em Aracaju, na \u00faltima segunda-feira, 20, no bairro Luzia, ao final de uma corrida. O homem foi indiciado pelos crimes de les\u00f5es corporais praticadas contra o idoso e de dano, j\u00e1 que o celular da [&hellip;]<\/p>\n","protected":false},"author":6557,"featured_media":0,"comment_status":"closed","ping_status":"closed","sticky":false,"template":"","format":"standard","meta":{"footnotes":""},"categories":[15,7,1],"tags":[40573,12166,78],"class_list":{"0":"post-140060","1":"post","2":"type-post","3":"status-publish","4":"format-standard","6":"category-destaques","7":"category-policia","8":"category-sem-categoria","9":"tag-agrediu-idoso","10":"tag-motorista-de-aplicativo","11":"tag-policia-civil"},"_links":{"self":[{"href":"https:\/\/senoticias.com.br\/se\/wp-json\/wp\/v2\/posts\/140060"}],"collection":[{"href":"https:\/\/senoticias.com.br\/se\/wp-json\/wp\/v2\/posts"}],"about":[{"href":"https:\/\/senoticias.com.br\/se\/wp-json\/wp\/v2\/types\/post"}],"author":[{"embeddable":true,"href":"https:\/\/senoticias.com.br\/se\/wp-json\/wp\/v2\/users\/6557"}],"replies":[{"embeddable":true,"href":"https:\/\/senoticias.com.br\/se\/wp-json\/wp\/v2\/comments?post=140060"}],"version-history":[{"count":0,"href":"https:\/\/senoticias.com.br\/se\/wp-json\/wp\/v2\/posts\/140060\/revisions"}],"wp:attachment":[{"href":"https:\/\/senoticias.com.br\/se\/wp-json\/wp\/v2\/media?parent=140060"}],"wp:term":[{"taxonomy":"category","embeddable":true,"href":"https:\/\/senoticias.com.br\/se\/wp-json\/wp\/v2\/categories?post=140060"},{"taxonomy":"post_tag","embeddable":true,"href":"https:\/\/senoticias.com.br\/se\/wp-json\/wp\/v2\/tags?post=140060"}],"curies":[{"name":"wp","href":"https:\/\/api.w.org\/{rel}","templated":true}]}}