{"id":140022,"date":"2023-11-22T17:40:27","date_gmt":"2023-11-22T20:40:27","guid":{"rendered":"https:\/\/senoticias.com.br\/se\/?p=140022"},"modified":"2023-11-22T18:19:22","modified_gmt":"2023-11-22T21:19:22","slug":"ssp-e-ufs-realizam-i-simposio-sobre-violencia-domestica-e-violencia-no-ambiente-escolar","status":"publish","type":"post","link":"https:\/\/senoticias.com.br\/se\/ssp-e-ufs-realizam-i-simposio-sobre-violencia-domestica-e-violencia-no-ambiente-escolar\/","title":{"rendered":"SSP e UFS realizam I Simp\u00f3sio sobre Viol\u00eancia Dom\u00e9stica e Viol\u00eancia no Ambiente Escolar"},"content":{"rendered":"\n<p>A Secretaria de Seguran\u00e7a P\u00fablica de Sergipe (SSP) e a Universidade Federal de Sergipe (UFS) realizam o \u2018I Simp\u00f3sio sobre Viol\u00eancia Dom\u00e9stica e Viol\u00eancia no Ambiente Escolar\u2019. O evento tem como objetivo viabilizar uma articula\u00e7\u00e3o intersetorial de pol\u00edticas p\u00fablicas que alcancem a rede interdisciplinar que contemple toda a sociedade para o enfrentamento \u00e0 viol\u00eancia dom\u00e9stica e tamb\u00e9m a viol\u00eancia praticada contra as escolas.<\/p>\n\n\n\n<figure class=\"wp-block-image size-large\"><img loading=\"lazy\" decoding=\"async\" width=\"1024\" height=\"677\" src=\"https:\/\/senoticias.com.br\/se\/wp-content\/uploads\/2023\/11\/violencia-senoticias-1024x677.jpg\" alt=\"\" class=\"wp-image-140023\"\/><figcaption> Evento acontece nos dias 28 e 29 de novembro &#8211; Foto arte: SSP\/SE<\/figcaption><\/figure>\n\n\n\n<p>O simp\u00f3sio ser\u00e1 realizado nos dias 28 e 29 de novembro, das 7h \u00e0s 13h, no audit\u00f3rio da Did\u00e1tica 7, da UFS, em S\u00e3o Crist\u00f3v\u00e3o.<\/p>\n\n\n\n<p>Para participar do evento, \u00e9 preciso se cadastrar na plataforma SIGAA, da UFS. O link \u00e9 o <strong><a href=\"https:\/\/www.sigaa.ufs.br\/sigaa\/public\/portal_cursos_eventos\/areainterna_portal_cursos_eventos.jsf.\">https:\/\/www.sigaa.ufs.br\/sigaa\/public\/portal_cursos_eventos\/areainterna_portal_cursos_eventos.jsf.<\/a><\/strong><\/p>\n\n\n\n<p>Ao clicar no link, os interessados devem se inscrever no evento \u2018Simp\u00f3sio sobre Viol\u00eancia Dom\u00e9stica, Viol\u00eancia no Ambiente Escolar e Seguran\u00e7a P\u00fablica &#8211; Coordena\u00e7\u00e3o Professora Dr.\u00aa Patr\u00edcia Rosalba Salvador Moura Costa.<\/p>\n\n\n\n<p><br><strong><em>Acompanhe tamb\u00e9m o SE Not\u00edcias no&nbsp;<\/em><\/strong><a rel=\"noreferrer noopener\" href=\"https:\/\/twitter.com\/Senoticias\" target=\"_blank\">Twitter<\/a><strong><em>,&nbsp;<\/em><\/strong><a rel=\"noreferrer noopener\" href=\"https:\/\/www.facebook.com\/senoticias1\" target=\"_blank\">Facebook<\/a><strong><em>&nbsp;e no&nbsp;<\/em><\/strong><a rel=\"noreferrer noopener\" href=\"https:\/\/www.instagram.com\/senoticias\/\" target=\"_blank\">Instagram<\/a><\/p>\n\n\n\n<p>Fonte: UFS<\/p>\n","protected":false},"excerpt":{"rendered":"<p>A Secretaria de Seguran\u00e7a P\u00fablica de Sergipe (SSP) e a Universidade Federal de Sergipe (UFS) realizam o \u2018I Simp\u00f3sio sobre Viol\u00eancia Dom\u00e9stica e Viol\u00eancia no Ambiente Escolar\u2019. O evento tem como objetivo viabilizar uma articula\u00e7\u00e3o intersetorial de pol\u00edticas p\u00fablicas que alcancem a rede interdisciplinar que contemple toda a sociedade para o enfrentamento \u00e0 viol\u00eancia dom\u00e9stica [&hellip;]<\/p>\n","protected":false},"author":6557,"featured_media":0,"comment_status":"closed","ping_status":"closed","sticky":false,"template":"","format":"standard","meta":{"footnotes":""},"categories":[15,7],"tags":[3901,2299,37589,2867],"class_list":{"0":"post-140022","1":"post","2":"type-post","3":"status-publish","4":"format-standard","6":"category-destaques","7":"category-policia","8":"tag-ssp","9":"tag-ufs","10":"tag-violencia-2","11":"tag-violencia-domestica"},"_links":{"self":[{"href":"https:\/\/senoticias.com.br\/se\/wp-json\/wp\/v2\/posts\/140022"}],"collection":[{"href":"https:\/\/senoticias.com.br\/se\/wp-json\/wp\/v2\/posts"}],"about":[{"href":"https:\/\/senoticias.com.br\/se\/wp-json\/wp\/v2\/types\/post"}],"author":[{"embeddable":true,"href":"https:\/\/senoticias.com.br\/se\/wp-json\/wp\/v2\/users\/6557"}],"replies":[{"embeddable":true,"href":"https:\/\/senoticias.com.br\/se\/wp-json\/wp\/v2\/comments?post=140022"}],"version-history":[{"count":0,"href":"https:\/\/senoticias.com.br\/se\/wp-json\/wp\/v2\/posts\/140022\/revisions"}],"wp:attachment":[{"href":"https:\/\/senoticias.com.br\/se\/wp-json\/wp\/v2\/media?parent=140022"}],"wp:term":[{"taxonomy":"category","embeddable":true,"href":"https:\/\/senoticias.com.br\/se\/wp-json\/wp\/v2\/categories?post=140022"},{"taxonomy":"post_tag","embeddable":true,"href":"https:\/\/senoticias.com.br\/se\/wp-json\/wp\/v2\/tags?post=140022"}],"curies":[{"name":"wp","href":"https:\/\/api.w.org\/{rel}","templated":true}]}}