{"id":139971,"date":"2023-11-18T17:18:41","date_gmt":"2023-11-18T20:18:41","guid":{"rendered":"https:\/\/senoticias.com.br\/se\/?p=139971"},"modified":"2023-11-18T17:20:18","modified_gmt":"2023-11-18T20:20:18","slug":"veja-o-que-sabe-ate-agora-sobre-a-morte-de-ana-benevides-fa-que-passou-mal-no-show-de-taylor-swift","status":"publish","type":"post","link":"https:\/\/senoticias.com.br\/se\/veja-o-que-sabe-ate-agora-sobre-a-morte-de-ana-benevides-fa-que-passou-mal-no-show-de-taylor-swift\/","title":{"rendered":"Veja o que sabe at\u00e9 agora sobre a morte de Ana Benevides, f\u00e3 que passou mal no show de Taylor Swift"},"content":{"rendered":"\n<p><\/p>\n\n\n\n<p>A estudante Ana Clara Benevides, 23 anos, estava no est\u00e1dio Nilton Santos (Engenh\u00e3o), no Rio de Janeiro, esperando pelo concerto de estreia da The Eras Tour no pa\u00eds, da cantora Taylor Swift, quando desmaiou e teve uma parada cardiorrespirat\u00f3ria.<\/p>\n\n\n\n<p><strong>Qual a causa da morte de Ana Benevides?<\/strong><\/p>\n\n\n\n<p>Ana Clara passou mal enquanto Taylor cantava a segunda m\u00fasica do show, foi atendida ainda no est\u00e1dio Engenh\u00e3o e encaminhada ao Hospital Municipal Salgado Filho. A bi\u00f3loga Daniele Menin &#8211; amiga que viajou do Mato Grosso com Ana Clara para o show &#8211; disse que ela desmaiou \u201cdo nada\u201d.<\/p>\n\n\n\n<figure class=\"wp-block-image size-large\"><img loading=\"lazy\" decoding=\"async\" width=\"591\" height=\"327\" src=\"https:\/\/senoticias.com.br\/se\/wp-content\/uploads\/2023\/11\/Morte-durante-show-SE-Noticias.jpg\" alt=\"\" class=\"wp-image-139972\" srcset=\"https:\/\/senoticias.com.br\/se\/wp-content\/uploads\/2023\/11\/Morte-durante-show-SE-Noticias.jpg 591w, https:\/\/senoticias.com.br\/se\/wp-content\/uploads\/2023\/11\/Morte-durante-show-SE-Noticias-300x166.jpg 300w\" sizes=\"(max-width: 591px) 100vw, 591px\" \/><figcaption>A f\u00e3 Ana Benevides morreu antes do show de Taylor Swift &#8211; Cr\u00e9dito: Reprodu\u00e7\u00e3o<\/figcaption><\/figure>\n\n\n\n<p>\u201cA gente estava na fila, n\u00e9, estava bem quente s\u00f3. Mas, ela estava bem, a gente estava super animada. E a\u00ed, do nada, logo na segunda m\u00fasica do show ela simplesmente caiu, desmaiou. N\u00e3o falou nada. A gente estava chorando de emo\u00e7\u00e3o, de ver a Taylor, e a\u00ed ela caiu assim. O pessoal puxou (sic) ela para fora, a gente estava bem na grade, e a\u00ed eu pulei a grade e a gente foi correndo para o postinho de apoio deles ali\u201d, disse Daniele Menin \u00e0 TV Globo.<\/p>\n\n\n\n<p>Segundo relatos de outros f\u00e3s, ela estava na grade e chegou a ser reanimada no est\u00e1dio. \u201cEles atenderam ela ali no est\u00e1dio mesmo. J\u00e1 come\u00e7aram a tentar reanimar ela ali. A\u00ed eu entrei em desespero porque eu vi que era grave. E a\u00ed, chamara ambul\u00e2ncia ali e, pelo que eu entendi, ela teve uma outra parada ali mesmo na ambul\u00e2ncia\u201d, completou Daniele Menin.<\/p>\n\n\n\n<p>No hospital, Ana Clara n\u00e3o resistiu e morreu. A causa da morte ainda n\u00e3o foi divulgada.<\/p>\n\n\n\n<p><strong>Quem era Ana Benevides?<\/strong><\/p>\n\n\n\n<p>Natural de Sonora (MS), Ana Benevides estudava Psicologia na Universidade Federal de Rondon\u00f3polis (UFR). A Atl\u00e9tica Valhala, da qual era uma das diretoras, lamentou a morte da estudante.<\/p>\n\n\n\n<p>Ela trabalhava em uma escola e juntou dinheiro para ver Taylor Swift ao vivo. Ana Clara criou um grupo no WhatsApp com todos os familiares pr\u00f3ximos para contar as novidades da viagem. Era a primeira vez que ela viajava de avi\u00e3o.<\/p>\n\n\n\n<p>&#8220;M\u00e3e, olha o avi\u00e3o, t\u00e1 andando. M\u00e3e, t\u00f4 dentro do avi\u00e3o. Meu Deus do c\u00e9u! T\u00f4 feliz!&#8221;, relata a jovem, ansiosa com a viagem.<\/p>\n\n\n\n<p><strong>Taylor Swift distribuiu \u00e1gua para amenizar calor<\/strong><br><br>Durante o show, Taylor chegou a interromper alguns momentos para que a produ\u00e7\u00e3o fornecesse \u00e1gua aos f\u00e3s. Taylor Swift ainda tem shows programados para o Rio de Janeiro e S\u00e3o Paulo, at\u00e9 a semana que vem.<\/p>\n\n\n\n<p>Em suas redes sociais, a cantora Taylor Swift publicou uma carta em que diz estar devastada. \u201cN\u00e3o consigo acreditar que estou escrevendo essas palavras, mas \u00e9 com um cora\u00e7\u00e3o destru\u00eddo que eu venho dizer que n\u00f3s perdemos uma f\u00e3 no come\u00e7o desta noite, antes do meu show. Eu n\u00e3o consigo nem dizer o quanto estou devastada por isso. Tenho pouqu\u00edssimas informa\u00e7\u00f5es al\u00e9m do fato de que ela era incrivelmente bonita e muito jovem\u201d, disse.\u201c<\/p>\n\n\n\n<p><strong>Taylor n\u00e3o deve comentar morte de Ana Clara no palco<\/strong><\/p>\n\n\n\n<p>Taylor acrescentou que n\u00e3o deve conseguir falar sobre isso no palco. \u201cEu me sinto sobrecarregada pelo luto quando eu tento falar sobre isso. Eu quero dizer agora que eu sinto profundamente essa perda e meu cora\u00e7\u00e3o destru\u00eddo est\u00e1 com a fam\u00edlia e os amigos dela. Esta \u00e9 a \u00faltima coisa que eu pensei que aconteceria quando n\u00f3s decidimos trazer essa tour para o Brasil\u201d, escreveu.<\/p>\n\n\n\n<p><strong><em>Acompanhe tamb\u00e9m o SE Not\u00edcias no\u00a0<a rel=\"noreferrer noopener\" href=\"https:\/\/twitter.com\/Senoticias\" target=\"_blank\">Twitter<\/a>,\u00a0<a rel=\"noreferrer noopener\" href=\"https:\/\/www.facebook.com\/senoticias1\" target=\"_blank\">Facebook<\/a>\u00a0e no\u00a0<a rel=\"noreferrer noopener\" href=\"https:\/\/www.instagram.com\/senoticias\/\" target=\"_blank\">Instagram<\/a><\/em><\/strong><\/p>\n\n\n\n<p>Fonte: TV Globo<\/p>\n","protected":false},"excerpt":{"rendered":"<p>A estudante Ana Clara Benevides, 23 anos, estava no est\u00e1dio Nilton Santos (Engenh\u00e3o), no Rio de Janeiro, esperando pelo concerto de estreia da The Eras Tour no pa\u00eds, da cantora Taylor Swift, quando desmaiou e teve uma parada cardiorrespirat\u00f3ria. Qual a causa da morte de Ana Benevides? Ana Clara passou mal enquanto Taylor cantava a [&hellip;]<\/p>\n","protected":false},"author":6557,"featured_media":0,"comment_status":"closed","ping_status":"closed","sticky":false,"template":"","format":"standard","meta":{"footnotes":""},"categories":[15,2961],"tags":[40534,40535,40537,40536],"class_list":{"0":"post-139971","1":"post","2":"type-post","3":"status-publish","4":"format-standard","6":"category-destaques","7":"category-nacional","8":"tag-ana-benevides","9":"tag-cantora-taylor-swift","10":"tag-morte-de-ana-benevides","11":"tag-passou-mal-no-show"},"_links":{"self":[{"href":"https:\/\/senoticias.com.br\/se\/wp-json\/wp\/v2\/posts\/139971"}],"collection":[{"href":"https:\/\/senoticias.com.br\/se\/wp-json\/wp\/v2\/posts"}],"about":[{"href":"https:\/\/senoticias.com.br\/se\/wp-json\/wp\/v2\/types\/post"}],"author":[{"embeddable":true,"href":"https:\/\/senoticias.com.br\/se\/wp-json\/wp\/v2\/users\/6557"}],"replies":[{"embeddable":true,"href":"https:\/\/senoticias.com.br\/se\/wp-json\/wp\/v2\/comments?post=139971"}],"version-history":[{"count":0,"href":"https:\/\/senoticias.com.br\/se\/wp-json\/wp\/v2\/posts\/139971\/revisions"}],"wp:attachment":[{"href":"https:\/\/senoticias.com.br\/se\/wp-json\/wp\/v2\/media?parent=139971"}],"wp:term":[{"taxonomy":"category","embeddable":true,"href":"https:\/\/senoticias.com.br\/se\/wp-json\/wp\/v2\/categories?post=139971"},{"taxonomy":"post_tag","embeddable":true,"href":"https:\/\/senoticias.com.br\/se\/wp-json\/wp\/v2\/tags?post=139971"}],"curies":[{"name":"wp","href":"https:\/\/api.w.org\/{rel}","templated":true}]}}