{"id":139969,"date":"2023-11-18T16:56:13","date_gmt":"2023-11-18T19:56:13","guid":{"rendered":"https:\/\/senoticias.com.br\/se\/?p=139969"},"modified":"2023-11-18T17:07:47","modified_gmt":"2023-11-18T20:07:47","slug":"ministro-da-justica-manda-casas-de-show-oferecerem-agua-potavel-ao-publico","status":"publish","type":"post","link":"https:\/\/senoticias.com.br\/se\/ministro-da-justica-manda-casas-de-show-oferecerem-agua-potavel-ao-publico\/","title":{"rendered":"Ministro da Justi\u00e7a manda casas de show oferecerem \u00e1gua pot\u00e1vel ao p\u00fablico."},"content":{"rendered":"\n<p><\/p>\n\n\n\n<p>O ministro Fl\u00e1vio Dino (Justi\u00e7a) disse que a partir deste s\u00e1bado (18.nov.2023) ser\u00e1 permitida a entrada de garrafas de \u00e1gua de uso pessoal em espet\u00e1culos. Afirmou tamb\u00e9m que as empresas produtoras dos shows com alta exposi\u00e7\u00e3o ao calor dever\u00e3o disponibilizar \u00e1gua pot\u00e1vel gratuita em \u201cilhas de hidrata\u00e7\u00e3o\u201d de f\u00e1cil acesso. Confira <strong><a href=\"https:\/\/static.poder360.com.br\/2023\/11\/portaria-aguas-espetaculos.pdf\">aqui \u00edntegra<\/a><\/strong> da portaria com a nova regra (350 KB).<\/p>\n\n\n\n<figure class=\"wp-block-image size-large\"><img loading=\"lazy\" decoding=\"async\" width=\"594\" height=\"334\" src=\"https:\/\/senoticias.com.br\/se\/wp-content\/uploads\/2023\/11\/MInistro-da-Justica-SE-Noticias.jpg\" alt=\"\" class=\"wp-image-139970\" srcset=\"https:\/\/senoticias.com.br\/se\/wp-content\/uploads\/2023\/11\/MInistro-da-Justica-SE-Noticias.jpg 594w, https:\/\/senoticias.com.br\/se\/wp-content\/uploads\/2023\/11\/MInistro-da-Justica-SE-Noticias-300x169.jpg 300w\" sizes=\"(max-width: 594px) 100vw, 594px\" \/><figcaption>O ministro da Justi\u00e7a, Fl\u00e1vio Dino, disse que a partir deste s\u00e1bado (18.nov.2023) ser\u00e1 permitida a entrada de garrafas de \u00e1gua de uso de pessoal em espet\u00e1culos &#8211; Foto: S\u00e9rgio Lima\/Poder 360<\/figcaption><\/figure>\n\n\n\n<p>\u201cA Secretaria Nacional do Consumidor tomar\u00e1 as provid\u00eancias cab\u00edveis para a fiscaliza\u00e7\u00e3o, com a colabora\u00e7\u00e3o dos Estados e dos Munic\u00edpios, bem como atua\u00e7\u00e3o da Pol\u00edcia, se necess\u00e1rio\u201d, escreveu Dino em seu perfil no X (ex-Twitter).<\/p>\n\n\n\n<p>Algumas casas de espet\u00e1culos e est\u00e1dios de futebol pro\u00edbem o p\u00fablico de levar garrafas de \u00e1gua de casa porque querem que os consumidores comprem dentro do local.<\/p>\n\n\n\n<p>O an\u00fancio de Dino veio depois que Ana Clara Benevides Machado, de 23 anos, morreu na 6\u00aa feira (17.nov.2023) em show da cantora norte-americana Taylor Swift no Rio de Janeiro.<\/p>\n\n\n\n<p>A cidade registrou sensa\u00e7\u00e3o t\u00e9rmica de 59,3\u00b0C, a maior j\u00e1 aferida pelo servi\u00e7o meteorol\u00f3gico da prefeitura, o Alerta Rio, criado em 2014. Cerca de 1.000 f\u00e3s desmaiaram.<\/p>\n\n\n\n<p>F\u00e3s afirmaram que a T4F, organizadora dos shows da turn\u00ea \u201cThe Eras Tour\u201d no Brasil, barrou a entrada de garrafas de \u00e1gua e que a oferta de bebida dentro do Est\u00e1dio Nilton Santos, local do evento, era escassa.<\/p>\n\n\n\n<p>\u201cQuero que seja apurado, se de fato proibiram de entrar com \u00e1gua, se houve neglig\u00eancia no socorro. Sei que a cantora estava distribuindo \u00e1gua aos f\u00e3s, e isso \u00e9 absurdo para um evento desse porte. Nada vai trazer minha filha de volta, mas espero que, se confirmada a neglig\u00eancia, algu\u00e9m seja punido, para que isso n\u00e3o aconte\u00e7a com mais ningu\u00e9m\u201d, disse o pai de Ana Clara, Weiny Machado.<\/p>\n\n\n\n<p><strong><em>Acompanhe tamb\u00e9m o SE Not\u00edcias no\u00a0<a rel=\"noreferrer noopener\" href=\"https:\/\/twitter.com\/Senoticias\" target=\"_blank\">Twitter<\/a>,\u00a0<a rel=\"noreferrer noopener\" href=\"https:\/\/www.facebook.com\/senoticias1\" target=\"_blank\">Facebook<\/a>\u00a0e no\u00a0<a rel=\"noreferrer noopener\" href=\"https:\/\/www.instagram.com\/senoticias\/\" target=\"_blank\">Instagram<\/a><\/em><\/strong><\/p>\n\n\n\n<p>Fonte: <strong><a href=\"https:\/\/www.poder360.com.br\/governo\/flavio-dino-manda-casas-de-show-oferecerem-agua-potavel-ao-publico\/?utm_source=terra_capa&amp;utm_medium=referral\">Poder 360<\/a><\/strong><\/p>\n","protected":false},"excerpt":{"rendered":"<p>O ministro Fl\u00e1vio Dino (Justi\u00e7a) disse que a partir deste s\u00e1bado (18.nov.2023) ser\u00e1 permitida a entrada de garrafas de \u00e1gua de uso pessoal em espet\u00e1culos. Afirmou tamb\u00e9m que as empresas produtoras dos shows com alta exposi\u00e7\u00e3o ao calor dever\u00e3o disponibilizar \u00e1gua pot\u00e1vel gratuita em \u201cilhas de hidrata\u00e7\u00e3o\u201d de f\u00e1cil acesso. Confira aqui \u00edntegra da portaria [&hellip;]<\/p>\n","protected":false},"author":6557,"featured_media":0,"comment_status":"closed","ping_status":"closed","sticky":false,"template":"","format":"standard","meta":{"footnotes":""},"categories":[15,6],"tags":[40532,40531,37786,3054,40533],"class_list":{"0":"post-139969","1":"post","2":"type-post","3":"status-publish","4":"format-standard","6":"category-destaques","7":"category-politica","8":"tag-agua-potavel","9":"tag-casas-de-show","10":"tag-flavio-dino","11":"tag-ministro-da-justica","12":"tag-secretaria-nacional-do-consumidor"},"_links":{"self":[{"href":"https:\/\/senoticias.com.br\/se\/wp-json\/wp\/v2\/posts\/139969"}],"collection":[{"href":"https:\/\/senoticias.com.br\/se\/wp-json\/wp\/v2\/posts"}],"about":[{"href":"https:\/\/senoticias.com.br\/se\/wp-json\/wp\/v2\/types\/post"}],"author":[{"embeddable":true,"href":"https:\/\/senoticias.com.br\/se\/wp-json\/wp\/v2\/users\/6557"}],"replies":[{"embeddable":true,"href":"https:\/\/senoticias.com.br\/se\/wp-json\/wp\/v2\/comments?post=139969"}],"version-history":[{"count":0,"href":"https:\/\/senoticias.com.br\/se\/wp-json\/wp\/v2\/posts\/139969\/revisions"}],"wp:attachment":[{"href":"https:\/\/senoticias.com.br\/se\/wp-json\/wp\/v2\/media?parent=139969"}],"wp:term":[{"taxonomy":"category","embeddable":true,"href":"https:\/\/senoticias.com.br\/se\/wp-json\/wp\/v2\/categories?post=139969"},{"taxonomy":"post_tag","embeddable":true,"href":"https:\/\/senoticias.com.br\/se\/wp-json\/wp\/v2\/tags?post=139969"}],"curies":[{"name":"wp","href":"https:\/\/api.w.org\/{rel}","templated":true}]}}