{"id":139961,"date":"2023-11-17T20:21:32","date_gmt":"2023-11-17T23:21:32","guid":{"rendered":"https:\/\/senoticias.com.br\/se\/?p=139961"},"modified":"2023-11-17T20:26:11","modified_gmt":"2023-11-17T23:26:11","slug":"smtt-informa-alteracoes-no-transito-na-regiao-do-centro-durante-o-natal-iluminado","status":"publish","type":"post","link":"https:\/\/senoticias.com.br\/se\/smtt-informa-alteracoes-no-transito-na-regiao-do-centro-durante-o-natal-iluminado\/","title":{"rendered":"SMTT informa altera\u00e7\u00f5es no tr\u00e2nsito na regi\u00e3o do Centro durante o Natal Iluminado"},"content":{"rendered":"\n<p>A Superintend\u00eancia Municipal de Transportes e Tr\u00e2nsito (SMTT) de Aracaju informa que, deste s\u00e1bado, 18, at\u00e9 o dia 6 de janeiro de 2024, o tr\u00e2nsito na regi\u00e3o do Centro ter\u00e1 bloqueios di\u00e1rios, devido \u00e0 realiza\u00e7\u00e3o do Natal Iluminado. As altera\u00e7\u00f5es no tr\u00e1fego s\u00e3o necess\u00e1rias para garantir a seguran\u00e7a do p\u00fablico que visitar\u00e1 a decora\u00e7\u00e3o natalina nas pra\u00e7as Fausto Cardoso, Ol\u00edmpio Campos e Almirante Barroso.<\/p>\n\n\n\n<figure class=\"wp-block-image size-large\"><img loading=\"lazy\" decoding=\"async\" width=\"592\" height=\"493\" src=\"https:\/\/senoticias.com.br\/se\/wp-content\/uploads\/2023\/11\/4eb062ab_594d_4465_8a94_1c0323356927.jpg\" alt=\"\" class=\"wp-image-139962\" srcset=\"https:\/\/senoticias.com.br\/se\/wp-content\/uploads\/2023\/11\/4eb062ab_594d_4465_8a94_1c0323356927.jpg 592w, https:\/\/senoticias.com.br\/se\/wp-content\/uploads\/2023\/11\/4eb062ab_594d_4465_8a94_1c0323356927-300x250.jpg 300w\" sizes=\"(max-width: 592px) 100vw, 592px\" \/><figcaption>SMTT informa altera\u00e7\u00f5es no tr\u00e2nsito &#8211; Foto: ascom\/SMTT<\/figcaption><\/figure>\n\n\n\n<p>No trecho da rua Itabaiana com Itaporanga, haver\u00e1 bloqueio das 18h \u00e0s 22h, at\u00e9 o dia 6 de janeiro de 2024. J\u00e1 durante os finais de semana, at\u00e9 o dia 26 de dezembro, para a passagem do desfile \u201cUm Sonho de Natal\u201d, o tr\u00e2nsito ser\u00e1 bloqueado a partir das 18h no cruzamento das ruas Itabaiana com Itaporanga; Propri\u00e1 com Capela; travessa H\u00e9lio Ribeiro com Rio Branco; Pra\u00e7a General Valad\u00e3o; e Ivo do Prado com Jos\u00e9 de Faro. A previs\u00e3o \u00e9 que \u00e0s 23h, o tr\u00e2nsito seja totalmente liberado.<\/p>\n\n\n\n<p><strong>Desvios<\/strong><br><br>Os condutores que estiverem na rua Itabaiana, sentido Centro, a partir das 18h, n\u00e3o poder\u00e3o seguir pela rua Itabaianinha. O tr\u00e2nsito ser\u00e1 desviado pela rua Lagarto.<\/p>\n\n\n\n<p>Nos finais de semana, tamb\u00e9m a partir das 18h, haver\u00e1 bloqueios nas ruas Itabaiana com Maruim, e Propri\u00e1 com Capela. Os condutores poder\u00e3o seguir pela rua Lagarto e aqueles que estiverem no Centro da cidade, com destino \u00e0 avenida Beira Mar, podem utilizar como rota alternativa a avenida Bar\u00e3o de Maruim.<\/p>\n\n\n\n<p>O diretor de Tr\u00e2nsito da SMTT, Thiago Alc\u00e2ntara, refor\u00e7a que os condutores devem redobrar a aten\u00e7\u00e3o ao trafegarem pela regi\u00e3o do Centro. \u201cOs agentes de tr\u00e2nsito estar\u00e3o na localidade at\u00e9 o dia 6 de janeiro, fazendo os bloqueios e orientando os condutores. Montamos um esquema de tr\u00e2nsito para dar tranquilidade e seguran\u00e7a \u00e0s pessoas que v\u00e3o apreciar o Natal Iluminado\u201d, afirma.<\/p>\n\n\n\n<p><strong>\u00d4nibus<\/strong><br><br>Por conta dos bloqueios no tr\u00e2nsito aos finais de semana, algumas linhas de \u00f4nibus ter\u00e3o os itiner\u00e1rios alterados. S\u00e3o elas:<\/p>\n\n\n\n<p>061 &#8211; Marcos Freire \/ Centro<br>031 &#8211; Eduardo Gomes \/ Centro via Des. Maynard<br>033 &#8211; Terminal Rodovi\u00e1rio \/ Centro via Des. Maynard<br>715 &#8211; Tijuquinha \/ Centro via Des. Maynard<br>032-1 &#8211; Tijuquinha\/ Centro via Osvaldo Aranha 1<br>032-2 &#8211; Tijuquinha\/ Centro via Osvaldo Aranha 2<br>034 &#8211; Terminal Rodivi\u00e1rio \/ Centro via Lourival Batista<br>606 &#8211; Parque S\u00e3o Jos\u00e9 \/ Centro<br>703 &#8211; Augusto Franco \/ Siqueira Campos<br>710 &#8211; Veneza \/ Centro via D.E.R<\/p>\n\n\n\n<p><strong>Itiner\u00e1rios<\/strong><\/p>\n\n\n\n<ul class=\"wp-block-list\"><li>Linha 061 &#8211; Terminal Centro, Rua Capela, Rua Geru, Largo Esperanto, Rua Apulcro Mota, Av. Ant\u00f4nio Cabral, Av. Sime\u00e3o Sobral, Terminal Mercado.<\/li><li>Linhas 031, 033 e 715 &#8211; Terminal Centro, Rua Capela, Rua Geru, Pra\u00e7a General Valad\u00e3o, Av. Rio Branco, Av. Ivo do Prado, Av. Bar\u00e3o de Maruim.<\/li><li>Linhas 032-1, 032-2, 034, 606, 703 e 710 &#8211; Rua Laranjeiras, Rua Santo Amaro, Rua Geru, Largo Esperanto, Trav. Jo\u00e3o Quintiliano da Fonseca, Terminal Centro.<\/li><\/ul>\n\n\n\n<p><strong>Natal Iluminado<\/strong><br><br>O Natal Iluminado \u00e9 uma realiza\u00e7\u00e3o da Prefeitura de Aracaju em parceria com a Federa\u00e7\u00e3o do Com\u00e9rcio de Bens, Servi\u00e7os e Turismo de Sergipe (Fecom\u00e9rcio\/SE), Governo de Sergipe, Servi\u00e7o Social do Com\u00e9rcio de Sergipe (Sesc\/SE), Servi\u00e7o Nacional de Aprendizagem Comercial de Sergipe (Senac\/SE) e patroc\u00ednio das empresas Construtora Celi, Energisa e Marat\u00e1. No Centro da capital, nas pra\u00e7as Fausto Cardoso, Ol\u00edmpio Campos e Almirante Barroso, o projeto conta com o dobro de pontos de luz da edi\u00e7\u00e3o passada: s\u00e3o mais de 11 milh\u00f5es de l\u00e2mpadas coloridas, espalhadas nas tr\u00eas pra\u00e7as da regi\u00e3o central, consolidando a edi\u00e7\u00e3o de 2023 como a maior j\u00e1 realizada.<\/p>\n\n\n\n<p><strong><em>Acompanhe tamb\u00e9m o SE Not\u00edcias no\u00a0<a rel=\"noreferrer noopener\" href=\"https:\/\/twitter.com\/Senoticias\" target=\"_blank\">Twitter<\/a>,\u00a0<a rel=\"noreferrer noopener\" href=\"https:\/\/www.facebook.com\/senoticias1\" target=\"_blank\">Facebook<\/a>\u00a0e no\u00a0<a rel=\"noreferrer noopener\" href=\"https:\/\/www.instagram.com\/senoticias\/\" target=\"_blank\">Instagram<\/a><\/em><\/strong><\/p>\n\n\n\n<p><em>Ascom\/SMTT<\/em><\/p>\n","protected":false},"excerpt":{"rendered":"<p>A Superintend\u00eancia Municipal de Transportes e Tr\u00e2nsito (SMTT) de Aracaju informa que, deste s\u00e1bado, 18, at\u00e9 o dia 6 de janeiro de 2024, o tr\u00e2nsito na regi\u00e3o do Centro ter\u00e1 bloqueios di\u00e1rios, devido \u00e0 realiza\u00e7\u00e3o do Natal Iluminado. As altera\u00e7\u00f5es no tr\u00e1fego s\u00e3o necess\u00e1rias para garantir a seguran\u00e7a do p\u00fablico que visitar\u00e1 a decora\u00e7\u00e3o natalina [&hellip;]<\/p>\n","protected":false},"author":6557,"featured_media":0,"comment_status":"closed","ping_status":"closed","sticky":false,"template":"","format":"standard","meta":{"footnotes":""},"categories":[15,6,1],"tags":[6781,2979,7603,13158],"class_list":{"0":"post-139961","1":"post","2":"type-post","3":"status-publish","4":"format-standard","6":"category-destaques","7":"category-politica","8":"category-sem-categoria","9":"tag-natal-iluminado","10":"tag-smtt","11":"tag-superintendencia-municipal-de-transportes-e-transito","12":"tag-um-sonho-de-natal"},"_links":{"self":[{"href":"https:\/\/senoticias.com.br\/se\/wp-json\/wp\/v2\/posts\/139961"}],"collection":[{"href":"https:\/\/senoticias.com.br\/se\/wp-json\/wp\/v2\/posts"}],"about":[{"href":"https:\/\/senoticias.com.br\/se\/wp-json\/wp\/v2\/types\/post"}],"author":[{"embeddable":true,"href":"https:\/\/senoticias.com.br\/se\/wp-json\/wp\/v2\/users\/6557"}],"replies":[{"embeddable":true,"href":"https:\/\/senoticias.com.br\/se\/wp-json\/wp\/v2\/comments?post=139961"}],"version-history":[{"count":0,"href":"https:\/\/senoticias.com.br\/se\/wp-json\/wp\/v2\/posts\/139961\/revisions"}],"wp:attachment":[{"href":"https:\/\/senoticias.com.br\/se\/wp-json\/wp\/v2\/media?parent=139961"}],"wp:term":[{"taxonomy":"category","embeddable":true,"href":"https:\/\/senoticias.com.br\/se\/wp-json\/wp\/v2\/categories?post=139961"},{"taxonomy":"post_tag","embeddable":true,"href":"https:\/\/senoticias.com.br\/se\/wp-json\/wp\/v2\/tags?post=139961"}],"curies":[{"name":"wp","href":"https:\/\/api.w.org\/{rel}","templated":true}]}}