{"id":139935,"date":"2023-11-16T06:58:54","date_gmt":"2023-11-16T09:58:54","guid":{"rendered":"https:\/\/senoticias.com.br\/se\/?p=139935"},"modified":"2023-11-16T07:11:14","modified_gmt":"2023-11-16T10:11:14","slug":"dia-da-consciencia-negra-mostra-de-artes-coletivos-unidos-celebra-a-cultura-e-resistencia-afro-brasileira-em-aracaju","status":"publish","type":"post","link":"https:\/\/senoticias.com.br\/se\/dia-da-consciencia-negra-mostra-de-artes-coletivos-unidos-celebra-a-cultura-e-resistencia-afro-brasileira-em-aracaju\/","title":{"rendered":"Dia da Consci\u00eancia Negra &#8211; Mostra de Artes Coletivos Unidos&#8221; Celebra a Cultura e Resist\u00eancia Afro-brasileira em Aracaju"},"content":{"rendered":"\n<p><\/p>\n\n\n\n<p>No pr\u00f3ximo dia 19 de novembro, a partir das 16h, a Reciclaria, casa de cultura situada em frente ao Aeroporto, ser\u00e1 palco de um evento imperd\u00edvel: a &#8220;<strong>Mostra de Artes Coletivos Unidos<\/strong>&#8221; em celebra\u00e7\u00e3o ao Dia da Consci\u00eancia Negra. <strong>O evento \u00e9 uma realiza\u00e7\u00e3o da Reciclaria, em parceria com o Coletivo Som de Cal\u00e7ada, o Movimento Macacore, o Coletivo Ensaio Secreto<\/strong>, com o apoio fundamental das(os) artistas da line up e da <strong>Nosso Dom Produ\u00e7\u00f5es<\/strong>. <strong>A produ\u00e7\u00e3o \u00e9 assinada por Ygor Bertoldo<\/strong>.<\/p>\n\n\n\n<figure class=\"wp-block-image size-large\"><img loading=\"lazy\" decoding=\"async\" width=\"593\" height=\"741\" src=\"https:\/\/senoticias.com.br\/se\/wp-content\/uploads\/2023\/11\/Dia-da-Consciencia-Negra-Mostra-de-Artes-Coletivos-Unidos-SE-Noticias.jpeg\" alt=\"\" class=\"wp-image-139936\" srcset=\"https:\/\/senoticias.com.br\/se\/wp-content\/uploads\/2023\/11\/Dia-da-Consciencia-Negra-Mostra-de-Artes-Coletivos-Unidos-SE-Noticias.jpeg 593w, https:\/\/senoticias.com.br\/se\/wp-content\/uploads\/2023\/11\/Dia-da-Consciencia-Negra-Mostra-de-Artes-Coletivos-Unidos-SE-Noticias-240x300.jpeg 240w\" sizes=\"(max-width: 593px) 100vw, 593px\" \/><figcaption>Cartaz da Mostra de Artes Coletivos Unidos &#8211; Foto arte: ascom\/divulga\u00e7\u00e3o<\/figcaption><\/figure>\n\n\n\n<p>Artistas e coletivos locais uniram for\u00e7as para apresentar ao p\u00fablico uma expressiva e diversificada mostra de artes, destacando a riqueza da cultura afro-brasileira. Este evento n\u00e3o \u00e9 apenas uma celebra\u00e7\u00e3o, mas tamb\u00e9m uma manifesta\u00e7\u00e3o de luta e resist\u00eancia do Povo Preto. A data, marcada pelo Dia da Consci\u00eancia Negra, \u00e9 um momento oportuno para refletir sobre a import\u00e2ncia da cultura afro-brasileira e refor\u00e7ar a necessidade de reconhecimento, valoriza\u00e7\u00e3o e igualdade.<\/p>\n\n\n\n<p><strong>Programa\u00e7\u00e3o: Abertura da casa \u00e0s 16h com:<\/strong><\/p>\n\n\n\n<p>Mostra de Artesanato e Exposi\u00e7\u00f5es.<br>ATRA\u00c7\u00d5ES:- Roda de conversa com a poeta Missandra Almeida &#8211; Livro Pistoleiras, in\u00edcio \u00e0s 17h<br>-Poeta &#8211; Blenda Santos, in\u00edcio \u00e1s 17h20<\/p>\n\n\n\n<ul class=\"wp-block-list\"><li>Mau\u00e1 \u2013 Causos, in\u00edcio \u00e0s 17h40<br>-Ady + Participa\u00e7\u00e3o Especial Missandra Almeida in\u00edcio \u00e0s 18h.<\/li><li>Pocket Show Lara Caju + Tchapas &#8211; Black Music BR, In\u00edcio \u00e0s 18h30<\/li><li>Griot Nag\u00f4 + DJ Hot Black, in\u00edcio \u00e0s 19h.<br>-Afox\u00e9 Di Preto, in\u00edcio \u00e0s 20h.<\/li><li>Tribo Serigy, in\u00edcio \u00e0s 21h.<br>-Interven\u00e7\u00f5es Performance Dan\u00e7a &#8211; Renata Alves<br>-Interven\u00e7\u00f5es Macacore<\/li><\/ul>\n\n\n\n<p>A &#8220;<strong>Mostra de Artes Coletivos Unidos<\/strong>&#8221; promete ser uma experi\u00eancia \u00fanica, reunindo artistas de diversas \u00e1reas, desde m\u00fasicos e escritoras at\u00e9 dan\u00e7arinas, performers, artes\u00e3s e frentes de produ\u00e7\u00e3o. A diversidade de express\u00f5es art\u00edsticas reflete n\u00e3o apenas a pluralidade da cultura afro-brasileira, mas tamb\u00e9m a coopera\u00e7\u00e3o e uni\u00e3o entre diferentes talentos da cena cultural de Aracaju.Al\u00e9m das apresenta\u00e7\u00f5es art\u00edsticas, o evento contar\u00e1 com espa\u00e7os de intera\u00e7\u00e3o e troca cultural, promovendo um ambiente prop\u00edcio para o di\u00e1logo e a conscientiza\u00e7\u00e3o sobre a import\u00e2ncia da igualdade racial.<\/p>\n\n\n\n<p>&#8220;<strong>O Dia da Consci\u00eancia Negra<\/strong> \u00e9 mais do que uma data no calend\u00e1rio. \u00c9 um convite para celebrarmos a riqueza da nossa cultura, ao mesmo tempo em que nos conscientizamos sobre a necessidade cont\u00ednua de combater o racismo em todas as suas formas. A &#8216;<strong>Mostra de Artes Coletivos Unidos<\/strong>&#8216; \u00e9 uma express\u00e3o viva dessa celebra\u00e7\u00e3o e resist\u00eancia&#8221;, destaca Ygor Bertoldo, um dos organizadores do evento.<\/p>\n\n\n\n<p>O acesso individual ao evento custa R$ 15,00 (quinze reais), enquanto a op\u00e7\u00e3o casadinha est\u00e1 dispon\u00edvel por R$ 25,00 (vinte e cinco reais). Adquira seus ingressos atrav\u00e9s do Sympla, acessando o link dispon\u00edvel na bio dos perfis do Instagram<strong> @somdecalcadaoficial<\/strong> e <strong>@nossodomproducoes<\/strong>. Mais informa\u00e7\u00f5es: <strong>(79) 98160-9135<\/strong>.<\/p>\n\n\n\n<p><strong><em>Acompanhe tamb\u00e9m o SE Not\u00edcias no\u00a0<a rel=\"noreferrer noopener\" href=\"https:\/\/twitter.com\/Senoticias\" target=\"_blank\">Twitter<\/a>,\u00a0<a rel=\"noreferrer noopener\" href=\"https:\/\/www.facebook.com\/senoticias1\" target=\"_blank\">Facebook<\/a>\u00a0e no\u00a0<a rel=\"noreferrer noopener\" href=\"https:\/\/www.instagram.com\/senoticias\/\" target=\"_blank\">Instagram<\/a><\/em><\/strong><\/p>\n\n\n\n<p>Da Assessoria de Imprensa<\/p>\n","protected":false},"excerpt":{"rendered":"<p>No pr\u00f3ximo dia 19 de novembro, a partir das 16h, a Reciclaria, casa de cultura situada em frente ao Aeroporto, ser\u00e1 palco de um evento imperd\u00edvel: a &#8220;Mostra de Artes Coletivos Unidos&#8221; em celebra\u00e7\u00e3o ao Dia da Consci\u00eancia Negra. O evento \u00e9 uma realiza\u00e7\u00e3o da Reciclaria, em parceria com o Coletivo Som de Cal\u00e7ada, o [&hellip;]<\/p>\n","protected":false},"author":6557,"featured_media":0,"comment_status":"closed","ping_status":"closed","sticky":false,"template":"","format":"standard","meta":{"footnotes":""},"categories":[15,21],"tags":[40507,1604,40508],"class_list":{"0":"post-139935","1":"post","2":"type-post","3":"status-publish","4":"format-standard","6":"category-destaques","7":"category-entretenimento","8":"tag-cultura-e-resistencia-afro-brasileira","9":"tag-dia-da-consciencia-negra","10":"tag-mostra-de-artes-coletivos-unidos"},"_links":{"self":[{"href":"https:\/\/senoticias.com.br\/se\/wp-json\/wp\/v2\/posts\/139935"}],"collection":[{"href":"https:\/\/senoticias.com.br\/se\/wp-json\/wp\/v2\/posts"}],"about":[{"href":"https:\/\/senoticias.com.br\/se\/wp-json\/wp\/v2\/types\/post"}],"author":[{"embeddable":true,"href":"https:\/\/senoticias.com.br\/se\/wp-json\/wp\/v2\/users\/6557"}],"replies":[{"embeddable":true,"href":"https:\/\/senoticias.com.br\/se\/wp-json\/wp\/v2\/comments?post=139935"}],"version-history":[{"count":0,"href":"https:\/\/senoticias.com.br\/se\/wp-json\/wp\/v2\/posts\/139935\/revisions"}],"wp:attachment":[{"href":"https:\/\/senoticias.com.br\/se\/wp-json\/wp\/v2\/media?parent=139935"}],"wp:term":[{"taxonomy":"category","embeddable":true,"href":"https:\/\/senoticias.com.br\/se\/wp-json\/wp\/v2\/categories?post=139935"},{"taxonomy":"post_tag","embeddable":true,"href":"https:\/\/senoticias.com.br\/se\/wp-json\/wp\/v2\/tags?post=139935"}],"curies":[{"name":"wp","href":"https:\/\/api.w.org\/{rel}","templated":true}]}}