{"id":139875,"date":"2023-11-12T07:35:49","date_gmt":"2023-11-12T10:35:49","guid":{"rendered":"https:\/\/senoticias.com.br\/se\/?p=139875"},"modified":"2023-11-12T07:41:52","modified_gmt":"2023-11-12T10:41:52","slug":"estado-investe-na-saude-do-homem-e-reforca-atendimento-durante-novembro-azul","status":"publish","type":"post","link":"https:\/\/senoticias.com.br\/se\/estado-investe-na-saude-do-homem-e-reforca-atendimento-durante-novembro-azul\/","title":{"rendered":"Estado investe na sa\u00fade do homem e refor\u00e7a atendimento durante \u2018Novembro Azul\u2019"},"content":{"rendered":"\n<p>O \u2018Novembro Azul\u2019 \u00e9 o m\u00eas mundial alusivo ao combate do c\u00e2ncer de pr\u00f3stata. O Governo do Estado refor\u00e7a ainda mais neste per\u00edodo o atendimento ao p\u00fablico masculino, sobretudo em exames de detec\u00e7\u00e3o de doen\u00e7as que afetam os \u00f3rg\u00e3os reprodutivos, como os c\u00e2nceres de p\u00eanis, test\u00edculo e bexiga.<\/p>\n\n\n\n<p>Em abril deste ano, Givaldo Barbosa, de 67 anos, iniciou o tratamento de c\u00e2ncer de pr\u00f3stata no Centro de Oncologia Dr. Oswaldo Leite, do Hospital de Urg\u00eancia de Sergipe (Huse), com hormonioterapia (bloqueio hormonal) e radioterapia. Ele disse que permanece trabalhando como taxista, embora se comprometa em sair com menos frequ\u00eancia que antes. \u201cContinuo trabalhando, mas sempre com muito cuidado para evitar a exposi\u00e7\u00e3o ao sol, como me pediram. A cada tr\u00eas meses tomo a inje\u00e7\u00e3o do bloqueio hormonal e venho de Salgado cinco vezes por semana para a radioterapia aqui em Aracaju\u201d, informou o paciente, que \u00e9 pai de quatro filhos, um deles j\u00e1 com idade de fazer o exame preventivo.<\/p>\n\n\n\n<figure class=\"wp-block-image size-large\"><img loading=\"lazy\" decoding=\"async\" width=\"600\" height=\"366\" src=\"https:\/\/senoticias.com.br\/se\/wp-content\/uploads\/2023\/11\/Tratamento-da-Prostata-SE-Noticias.jpg\" alt=\"\" class=\"wp-image-139877\" srcset=\"https:\/\/senoticias.com.br\/se\/wp-content\/uploads\/2023\/11\/Tratamento-da-Prostata-SE-Noticias.jpg 600w, https:\/\/senoticias.com.br\/se\/wp-content\/uploads\/2023\/11\/Tratamento-da-Prostata-SE-Noticias-300x183.jpg 300w\" sizes=\"(max-width: 600px) 100vw, 600px\" \/><figcaption>Tratamento de c\u00e2ncer de pr\u00f3stata no Centro de Oncologia Dr. Oswaldo Leite, do Hospital de Urg\u00eancia de Sergipe &#8211; Foto: Arthuro Paganini<\/figcaption><\/figure>\n\n\n\n<p>O tratamento de Givaldo termina em duas semanas e ele tem respondido bem ao procedimento. \u201cMesmo quando o tratamento acabar tem a manuten\u00e7\u00e3o. Vou precisar das inje\u00e7\u00f5es a cada tr\u00eas meses durante dois anos. Mas o tratamento encerro daqui a duas semanas. Est\u00e1 tudo bem, gra\u00e7as a Deus! Recebi um servi\u00e7o de primeira qualidade aqui\u201d, disse o aut\u00f4nomo. \u201cEu n\u00e3o sentia dor, nenhum sintoma. E foi o alerta de minha filha que me fez procurar cuidado e descobri o c\u00e2ncer logo no in\u00edcio. Por isso \u00e9 importante a preven\u00e7\u00e3o\u201d, ressaltou.<\/p>\n\n\n\n<p>Erivaldo Pacheco, de 71 anos, \u00e9 de Itabaianinha, sul sergipano, e venceu a luta contra o c\u00e2ncer de pr\u00f3stata, diagnosticado em junho passado. Ele tamb\u00e9m acionou o Centro de Oncologia Dr. Oswaldo Leite e recebeu tratamento de bloqueio hormonal e radioterapia. \u201cFiz a bi\u00f3psia e j\u00e1 fui encaminhado para c\u00e1. O c\u00e2ncer estava avan\u00e7ando, mas fiz todo o tratamento e saio daqui curado. No come\u00e7o me assustei, porque me indicaram o tratamento em um hospital particular, por meio da opera\u00e7\u00e3o rob\u00f3tica e custava R$ 40 mil. Um dinheiro que n\u00e3o tenho! A Secretaria de Sa\u00fade me encaminhou e gra\u00e7as a Deus me dei muito bem\u201d, comemorou o lavrador, que fez 38 sess\u00f5es de radioterapia no Huse.<\/p>\n\n\n\n<p>O tratamento acolhedor da unidade foi ressaltado por ele. \u201cO acolhimento aqui foi dez! N\u00e3o tenho do que reclamar, porque toda a equipe me acompanhou muito bem. Aquele cidad\u00e3o ali, Humberto, e todas essas enfermeiras s\u00e3o pessoas que n\u00e3o se encontram toda hora por a\u00ed. Fiz at\u00e9 verso para eles!\u201d, comemorou Erivaldo, ao tocar o sino da ala, que simboliza o fim do tratamento e vit\u00f3ria contra o c\u00e2ncer.<\/p>\n\n\n\n<p>No Brasil, o c\u00e2ncer de pr\u00f3stata \u00e9 o segundo mais comum entre os homens. Para o tri\u00eanio 2023-2025, o Instituto Nacional de C\u00e2ncer (Inca) estima 71,7 mil novos casos por ano no pa\u00eds. Segundo a Sociedade Brasileira de Urologia (SBU), em 2022 foram registrados 1.933 casos de c\u00e2ncer de p\u00eanis no Brasil e 459 amputa\u00e7\u00f5es do \u00f3rg\u00e3o genital. J\u00e1 de acordo com o \u00faltimo levantamento do Departamento de Inform\u00e1tica do Sistema \u00danico de Sa\u00fade do Brasil (Datasus), 439 homens morreram com c\u00e2ncer de test\u00edculo no pa\u00eds em 2021. Essas s\u00e3o algumas das raz\u00f5es pelas quais o Governo do Estado tem trabalhado na preven\u00e7\u00e3o e rastreamento de casos em Sergipe.<\/p>\n\n\n\n<p><strong>Atendimento<\/strong><\/p>\n\n\n\n<p>A Unidade M\u00f3vel de Sa\u00fade do Homem \u00e9 um projeto da Secretaria de Estado da Sa\u00fade (SES) iniciado em 2018, com o objetivo de rastrear os c\u00e2nceres de pr\u00f3stata e vias urin\u00e1rias. Para ser atendido, o homem deve possuir (preferencialmente) mais de 40 anos de idade. O foco da a\u00e7\u00e3o \u00e9 na preven\u00e7\u00e3o de doen\u00e7as por interm\u00e9dio da oferta de exames. Os atendimentos s\u00e3o feitos por meio de coleta laboratorial para o PSA (teste da amostra de sangue do paciente), ultrassonografias de vias urin\u00e1rias e pr\u00f3stata, consultas com cl\u00ednico geral e urologista, todos eles realizados na unidade m\u00f3vel.<\/p>\n\n\n\n<p>\u201cBusco todos os anos fazer o exame preventivo atrav\u00e9s do PSA. N\u00e3o h\u00e1 hist\u00f3rico de c\u00e2ncer na minha fam\u00edlia, \u00e9 s\u00f3 preven\u00e7\u00e3o mesmo. H\u00e1 pelo menos tr\u00eas anos tenho esse compromisso comigo. Est\u00e1 tudo tranquilo, n\u00e3o apresentou nenhum problema at\u00e9 agora\u201d, disse o microempres\u00e1rio Jefferson Luiz Friedrich, enquanto aguardava na fila de atendimento da Carreta do Homem. O funcion\u00e1rio p\u00fablico Jo\u00e3o Canuto \u00e9 pai de quatro filhos e teve o diagn\u00f3stico de hiperplasia prost\u00e1tica benigna durante atendimento feito pela equipe m\u00e9dica da Carreta do Homem. \u201cRetomei ano passado a fazer o acompanhamento. O m\u00e9dico me deu um encaminhamento para investigar melhor meu quadro, porque vou precisar fazer cirurgia. Fui diagnosticado com hiperplasia prost\u00e1tica benigna e vou precisar operar\u201d, informou, ap\u00f3s consulta com o urologista da rede.<\/p>\n\n\n\n<p>Segundo a equipe t\u00e9cnica da SES, cada unidade m\u00f3vel (Sa\u00fade da Mulher e da Sa\u00fade do Homem) oferta em m\u00e9dia 180 atendimentos e procedimentos a cada a\u00e7\u00e3o. A Carreta do Homem est\u00e1 equipada com aparelho de ultrassonografia, uma sala de coleta para exames laboratoriais e dois consult\u00f3rios para atendimento com o urologista e cl\u00ednico geral. \u201cEstes pacientes j\u00e1 saem da unidade com seu diagn\u00f3stico em m\u00e3os, exceto o PSA, que \u00e9 devolvido ao posto de sa\u00fade. Estas a\u00e7\u00f5es s\u00e3o extremamente importantes para alertar a popula\u00e7\u00e3o masculina quanto ao diagn\u00f3stico precoce de um poss\u00edvel c\u00e2ncer de pr\u00f3stata e das vias urin\u00e1rias\u201d, explicou a refer\u00eancia t\u00e9cnica das Unidades M\u00f3veis de Sa\u00fade do Homem e da Mulher, Samira Almeida.<\/p>\n\n\n\n<p><strong>Cuidados<\/strong><\/p>\n\n\n\n<p>A aten\u00e7\u00e3o deve ser redobrada para os homens que nunca fizeram ou est\u00e3o com os exames atrasados, al\u00e9m daqueles que possuem hist\u00f3rico familiar com diagn\u00f3sticos positivos para o c\u00e2ncer. Em 2023 j\u00e1 foram diagnosticados 139 casos de neoplasia maligna em homens no estado, sendo quatro de neoplasia maligna de p\u00eanis, tr\u00eas de neoplasia maligna de test\u00edculo e 132 de neoplasia maligna de pr\u00f3stata. Ap\u00f3s o resultado positivo para carcinoma por meio de bi\u00f3psia, o usu\u00e1rio \u00e9 encaminhado para a Unidade de Oncologia no Hospital de Urg\u00eancia de Sergipe ou Hospital Cirurgia. A SES fornece informa\u00e7\u00f5es por meio do site oficial (www.saude.se.gov.br\/carretas-itinerantes) e plataformas digitais (Instagram: @saude_sergipe).<\/p>\n\n\n\n<p>O m\u00e9dico Bruno Garcia Dias, especializado em Urologia e Cirurgia Rob\u00f3tica, \u00e9 chefe da Urologia do Huse. Ele enfatizou que todo homem acima de 50 anos deve fazer uma consulta anual. \u201cHomens de 45 anos que t\u00eam hist\u00f3ria familiar ou negros, afrodescendentes, tamb\u00e9m apresentam um fator de risco para c\u00e2ncer de pr\u00f3stata\u201d, recomendou.<\/p>\n\n\n\n<p>Segundo o especialista, o c\u00e2ncer de pr\u00f3stata tem 95% de chance de cura quando diagnosticado precocemente. \u201cO c\u00e2ncer de pr\u00f3stata n\u00e3o apresenta qualquer sintoma. O homem com 50 anos deve ir para a consulta regular, porque \u00e9 nela que fazemos uma triagem atrav\u00e9s do exame de sangue e eventualmente o toque retal, que faz parte da consulta. Da\u00ed indicamos ou n\u00e3o a bi\u00f3psia e o exame de imagem. Quando indicamos que todo homem acima de 50 anos deve procurar o urologista, \u00e9 para que a gente possa fazer essa triagem\u201d, explicou.<\/p>\n\n\n\n<p><em><strong>Acompanhe tamb\u00e9m o SE Not\u00edcias no\u00a0<a rel=\"noreferrer noopener\" href=\"https:\/\/twitter.com\/Senoticias\" target=\"_blank\">Twitter<\/a>,\u00a0<a rel=\"noreferrer noopener\" href=\"https:\/\/www.facebook.com\/senoticias1\" target=\"_blank\">Facebook<\/a>\u00a0e no\u00a0<a rel=\"noreferrer noopener\" href=\"https:\/\/www.instagram.com\/senoticias\/\" target=\"_blank\">Instagram<\/a><\/strong><\/em><\/p>\n\n\n\n<p>Fonte: Ag\u00eancia Sergipe de Not\u00edcias<\/p>\n","protected":false},"excerpt":{"rendered":"<p>O \u2018Novembro Azul\u2019 \u00e9 o m\u00eas mundial alusivo ao combate do c\u00e2ncer de pr\u00f3stata. O Governo do Estado refor\u00e7a ainda mais neste per\u00edodo o atendimento ao p\u00fablico masculino, sobretudo em exames de detec\u00e7\u00e3o de doen\u00e7as que afetam os \u00f3rg\u00e3os reprodutivos, como os c\u00e2nceres de p\u00eanis, test\u00edculo e bexiga. Em abril deste ano, Givaldo Barbosa, de [&hellip;]<\/p>\n","protected":false},"author":6557,"featured_media":0,"comment_status":"closed","ping_status":"closed","sticky":false,"template":"","format":"standard","meta":{"footnotes":""},"categories":[15,6,1],"tags":[12600,448,1575,1577,40479],"class_list":{"0":"post-139875","1":"post","2":"type-post","3":"status-publish","4":"format-standard","6":"category-destaques","7":"category-politica","8":"category-sem-categoria","9":"tag-cancer-de-prostata","10":"tag-governo-de-sergipe","11":"tag-novembro-azul","12":"tag-saude-do-homem","13":"tag-tratamento-cancer-de-prostata"},"_links":{"self":[{"href":"https:\/\/senoticias.com.br\/se\/wp-json\/wp\/v2\/posts\/139875"}],"collection":[{"href":"https:\/\/senoticias.com.br\/se\/wp-json\/wp\/v2\/posts"}],"about":[{"href":"https:\/\/senoticias.com.br\/se\/wp-json\/wp\/v2\/types\/post"}],"author":[{"embeddable":true,"href":"https:\/\/senoticias.com.br\/se\/wp-json\/wp\/v2\/users\/6557"}],"replies":[{"embeddable":true,"href":"https:\/\/senoticias.com.br\/se\/wp-json\/wp\/v2\/comments?post=139875"}],"version-history":[{"count":0,"href":"https:\/\/senoticias.com.br\/se\/wp-json\/wp\/v2\/posts\/139875\/revisions"}],"wp:attachment":[{"href":"https:\/\/senoticias.com.br\/se\/wp-json\/wp\/v2\/media?parent=139875"}],"wp:term":[{"taxonomy":"category","embeddable":true,"href":"https:\/\/senoticias.com.br\/se\/wp-json\/wp\/v2\/categories?post=139875"},{"taxonomy":"post_tag","embeddable":true,"href":"https:\/\/senoticias.com.br\/se\/wp-json\/wp\/v2\/tags?post=139875"}],"curies":[{"name":"wp","href":"https:\/\/api.w.org\/{rel}","templated":true}]}}