{"id":139863,"date":"2023-11-10T10:09:30","date_gmt":"2023-11-10T13:09:30","guid":{"rendered":"https:\/\/senoticias.com.br\/se\/?p=139863"},"modified":"2023-11-10T10:09:42","modified_gmt":"2023-11-10T13:09:42","slug":"aracaju-recebe-a-principal-feira-internacional-de-artesanato-e-decoracao-do-pais","status":"publish","type":"post","link":"https:\/\/senoticias.com.br\/se\/aracaju-recebe-a-principal-feira-internacional-de-artesanato-e-decoracao-do-pais\/","title":{"rendered":"Aracaju recebe a principal feira internacional de artesanato e decora\u00e7\u00e3o do pa\u00eds"},"content":{"rendered":"\n<p>A Feira Internacional de Artesanato e Decora\u00e7\u00e3o Na\u00e7\u00f5es &amp; Artes chega no Shopping Jardins, na capital sergipana, e brinda o p\u00fablico com um evento que mescla produtos artesanais e pe\u00e7as exclusivas de v\u00e1rios pa\u00edses como Estados Unidos, Indon\u00e9sia, Marrocos, \u00cdndia, Polin\u00e9sia Francesa, entre outros, al\u00e9m de itens de diferentes regi\u00f5es do Brasil.<\/p>\n\n\n\n<figure class=\"wp-block-image size-large\"><img loading=\"lazy\" decoding=\"async\" width=\"583\" height=\"388\" src=\"https:\/\/senoticias.com.br\/se\/wp-content\/uploads\/2023\/11\/WhatsApp-Image-2023-11-10-at-09.42.33.jpeg\" alt=\"\" class=\"wp-image-139864\" srcset=\"https:\/\/senoticias.com.br\/se\/wp-content\/uploads\/2023\/11\/WhatsApp-Image-2023-11-10-at-09.42.33.jpeg 583w, https:\/\/senoticias.com.br\/se\/wp-content\/uploads\/2023\/11\/WhatsApp-Image-2023-11-10-at-09.42.33-300x200.jpeg 300w, https:\/\/senoticias.com.br\/se\/wp-content\/uploads\/2023\/11\/WhatsApp-Image-2023-11-10-at-09.42.33-90x60.jpeg 90w, https:\/\/senoticias.com.br\/se\/wp-content\/uploads\/2023\/11\/WhatsApp-Image-2023-11-10-at-09.42.33-180x120.jpeg 180w, https:\/\/senoticias.com.br\/se\/wp-content\/uploads\/2023\/11\/WhatsApp-Image-2023-11-10-at-09.42.33-95x64.jpeg 95w\" sizes=\"(max-width: 583px) 100vw, 583px\" \/><figcaption>Edi\u00e7\u00e3o especial da Na\u00e7\u00f5es &#038; Artes acontece no Shopping Jardins &#8211; Foto: arquivo\/Lotti Caldas<\/figcaption><\/figure>\n\n\n\n<p>A mostra acontece na Pra\u00e7a de Eventos Orqu\u00eddea, em frente \u00e0 loja Kalunga, e o acesso \u00e9 gratuito. &#8220;\u00c9 uma oportunidade imperd\u00edvel de conhecer os costumes e culturas de pa\u00edses, sem sair da cidade de Aracaju\u201d, afirma Juliano Michei, organizador do evento. Al\u00e9m disso, os consumidores podem adquirir variados itens e colecionar lembran\u00e7as de diferentes partes do mundo, a partir de R$ 15,00.<\/p>\n\n\n\n<p>Al\u00e9m de estrangeiros, vindos de pa\u00edses distantes para fazer um verdadeiro interc\u00e2mbio cultural para quem for visitar o evento, cada estande \u00e9 ambientado com itens da regi\u00e3o de origem e exp\u00f5e produtos diversos. Tape\u00e7aria, artesanato, vestu\u00e1rio, produtos para casa, acess\u00f3rios, joias, tecidos, artigos de decora\u00e7\u00e3o, bijuterias e obras de arte s\u00e3o algumas das preciosidades \u00e0 disposi\u00e7\u00e3o do p\u00fablico.<\/p>\n\n\n\n<p>A feira j\u00e1 passou por mais de 70 cidades brasileiras e chega \u00e0 capital sergipana em edi\u00e7\u00e3o especial para difundir a cultura das na\u00e7\u00f5es. \u201cAcreditamos que podemos alegrar os moradores da cidade de Aracaju com a nossa arte e ajudar na economia local\u201d, completa Juliano Michei.<\/p>\n\n\n\n<p>A Na\u00e7\u00f5es &amp; Artes funciona, de segunda-feira a s\u00e1bado, das 10h \u00e0s 22h, e aos domingos e feriados, das 12h \u00e0s 20h. A entrada \u00e9 gratuita.<\/p>\n\n\n\n<p><strong><em>Acompanhe tamb\u00e9m o SE Not\u00edcias no\u00a0<a rel=\"noreferrer noopener\" href=\"https:\/\/twitter.com\/Senoticias\" target=\"_blank\">Twitter<\/a>,\u00a0<a rel=\"noreferrer noopener\" href=\"https:\/\/www.facebook.com\/senoticias1\" target=\"_blank\">Facebook<\/a>\u00a0e no\u00a0<a rel=\"noreferrer noopener\" href=\"https:\/\/www.instagram.com\/senoticias\/\" target=\"_blank\">Instagram<\/a><\/em><\/strong><\/p>\n\n\n\n<p>Assessoria de imprensa\/ Lotti+Caldas Comunica\u00e7\u00e3o<\/p>\n","protected":false},"excerpt":{"rendered":"<p>A Feira Internacional de Artesanato e Decora\u00e7\u00e3o Na\u00e7\u00f5es &amp; Artes chega no Shopping Jardins, na capital sergipana, e brinda o p\u00fablico com um evento que mescla produtos artesanais e pe\u00e7as exclusivas de v\u00e1rios pa\u00edses como Estados Unidos, Indon\u00e9sia, Marrocos, \u00cdndia, Polin\u00e9sia Francesa, entre outros, al\u00e9m de itens de diferentes regi\u00f5es do Brasil. A mostra acontece [&hellip;]<\/p>\n","protected":false},"author":6557,"featured_media":0,"comment_status":"closed","ping_status":"closed","sticky":false,"template":"","format":"standard","meta":{"footnotes":""},"categories":[15,21],"tags":[9428,40475,4939],"class_list":{"0":"post-139863","1":"post","2":"type-post","3":"status-publish","4":"format-standard","6":"category-destaques","7":"category-entretenimento","8":"tag-feira-internacional-de-artesanato-e-decoracao","9":"tag-nacoes-e-artes","10":"tag-shopping-jardins"},"_links":{"self":[{"href":"https:\/\/senoticias.com.br\/se\/wp-json\/wp\/v2\/posts\/139863"}],"collection":[{"href":"https:\/\/senoticias.com.br\/se\/wp-json\/wp\/v2\/posts"}],"about":[{"href":"https:\/\/senoticias.com.br\/se\/wp-json\/wp\/v2\/types\/post"}],"author":[{"embeddable":true,"href":"https:\/\/senoticias.com.br\/se\/wp-json\/wp\/v2\/users\/6557"}],"replies":[{"embeddable":true,"href":"https:\/\/senoticias.com.br\/se\/wp-json\/wp\/v2\/comments?post=139863"}],"version-history":[{"count":0,"href":"https:\/\/senoticias.com.br\/se\/wp-json\/wp\/v2\/posts\/139863\/revisions"}],"wp:attachment":[{"href":"https:\/\/senoticias.com.br\/se\/wp-json\/wp\/v2\/media?parent=139863"}],"wp:term":[{"taxonomy":"category","embeddable":true,"href":"https:\/\/senoticias.com.br\/se\/wp-json\/wp\/v2\/categories?post=139863"},{"taxonomy":"post_tag","embeddable":true,"href":"https:\/\/senoticias.com.br\/se\/wp-json\/wp\/v2\/tags?post=139863"}],"curies":[{"name":"wp","href":"https:\/\/api.w.org\/{rel}","templated":true}]}}