{"id":139854,"date":"2023-11-09T15:35:30","date_gmt":"2023-11-09T18:35:30","guid":{"rendered":"https:\/\/senoticias.com.br\/se\/?p=139854"},"modified":"2023-11-09T15:37:32","modified_gmt":"2023-11-09T18:37:32","slug":"governador-fabio-mitidieri-recebe-integrantes-do-sindisan-e-inicia-tratativas-para-adequacoes-na-deso","status":"publish","type":"post","link":"https:\/\/senoticias.com.br\/se\/governador-fabio-mitidieri-recebe-integrantes-do-sindisan-e-inicia-tratativas-para-adequacoes-na-deso\/","title":{"rendered":"Governador F\u00e1bio Mitidieri recebe integrantes do Sindisan e inicia tratativas para adequa\u00e7\u00f5es na Deso"},"content":{"rendered":"\n<p><\/p>\n\n\n\n<p>Em aten\u00e7\u00e3o \u00e0s reivindica\u00e7\u00f5es das diversas categorias profissionais de Sergipe, o governador F\u00e1bio Mitidieri recebeu nesta quinta-feira, 9, representantes do Sindicato dos Trabalhadores na Ind\u00fastria da Purifica\u00e7\u00e3o e Distribui\u00e7\u00e3o de \u00c1gua e em Servi\u00e7os de Esgotos do Estado de Sergipe (Sindisan). O encontro teve o prop\u00f3sito de buscar concilia\u00e7\u00f5es frente \u00e0 iminente concess\u00e3o parcial dos servi\u00e7os de saneamento b\u00e1sico do estado, hoje operados pela Companhia de Saneamento de Sergipe (Deso).<\/p>\n\n\n\n<figure class=\"wp-block-image size-large\"><img loading=\"lazy\" decoding=\"async\" width=\"566\" height=\"313\" src=\"https:\/\/senoticias.com.br\/se\/wp-content\/uploads\/2023\/11\/Sindisan-Se-Noticias.jpeg\" alt=\"\" class=\"wp-image-139855\" srcset=\"https:\/\/senoticias.com.br\/se\/wp-content\/uploads\/2023\/11\/Sindisan-Se-Noticias.jpeg 566w, https:\/\/senoticias.com.br\/se\/wp-content\/uploads\/2023\/11\/Sindisan-Se-Noticias-300x166.jpeg 300w\" sizes=\"(max-width: 566px) 100vw, 566px\" \/><figcaption>Na ocasi\u00e3o, foi deliberada a cria\u00e7\u00e3o de uma comiss\u00e3o respons\u00e1vel por determinar o quantitativo necess\u00e1rio de profissionais para o processo de transi\u00e7\u00e3o &#8211; Foto: C\u00e9sar de Oliveira<\/figcaption><\/figure>\n\n\n\n<p>Como encaminhamento, foi deliberada a cria\u00e7\u00e3o de uma comiss\u00e3o respons\u00e1vel por determinar o quantitativo de profissionais necess\u00e1rio para o processo de transi\u00e7\u00e3o. Ap\u00f3s o trabalho da comiss\u00e3o, novos encontros ser\u00e3o marcados.<\/p>\n\n\n\n<p>A reuni\u00e3o atende a uma demanda dos trabalhadores e confirma um compromisso democr\u00e1tico firmado durante a 13\u00aa edi\u00e7\u00e3o do Governo Itinerante &#8216;Sergipe \u00e9 aqui&#8217;, ocorrida no munic\u00edpio de Riachuelo, no dia 20 de outubro. Na oportunidade, os membros do Sindisan apresentaram seus pleitos, recebendo do governador a confirma\u00e7\u00e3o de que seriam recepcionados em audi\u00eancia espec\u00edfica junto \u00e0 equipe t\u00e9cnica do governo.<\/p>\n\n\n\n<p>Durante o encontro, o governador reafirmou a disponibilidade da gest\u00e3o em receber e analisar as coloca\u00e7\u00f5es dos trabalhadores. &#8220;Hoje, cumprimos nosso compromisso de atender a uma demanda da categoria, recebendo os representantes do sindicato e ouvindo seus questionamentos. Nosso objetivo final e comum \u00e9 oferecer um servi\u00e7o de qualidade aos sergipanos, sem deixar de nos colocar \u00e0 disposi\u00e7\u00e3o dos trabalhadores da Deso para escutar seus anseios, sempre alinhado com as condi\u00e7\u00f5es do Estado&#8221;, frisou.<\/p>\n\n\n\n<p>O presidente do Sindisan, S\u00edlvio S\u00e1, destacou a abertura do Governo do Estado na negocia\u00e7\u00e3o com os trabalhadores da Deso. &#8220;A finalidade desta reuni\u00e3o foi iniciar as tratativas em torno das adequa\u00e7\u00f5es na Deso. Foi um di\u00e1logo aberto e franco. Trouxemos nossas defesas e propostas, e o governador se mostrou ciente da situa\u00e7\u00e3o e da preocupa\u00e7\u00e3o da categoria. Ele receber\u00e1 as informa\u00e7\u00f5es prestadas por nosso sindicato e sinalizou a cria\u00e7\u00e3o de uma comiss\u00e3o. Esta \u00e9 a primeira reuni\u00e3o de muitas outras, e esperamos chegar a um denominador comum, com resultados favor\u00e1veis para a popula\u00e7\u00e3o, para o Estado e para os trabalhadores&#8221;, avaliou.<\/p>\n\n\n\n<p>O presidente da Deso, Luciano Goes, enfatizou a preocupa\u00e7\u00e3o do Governo com a manuten\u00e7\u00e3o do corpo de profissionais. &#8220;Foi um encontro positivo, no qual o governador esclareceu d\u00favidas do Sindisan sobre o modelo que est\u00e1 por vir. Tamb\u00e9m vimos que o governo est\u00e1 preocupado com a estabilidade dos funcion\u00e1rios e em manter a Deso com a maior efici\u00eancia, prestando o melhor servi\u00e7o \u00e0 sociedade&#8221;, relatou.<\/p>\n\n\n\n<p><strong>Concess\u00e3o<\/strong><\/p>\n\n\n\n<p>Na busca pela melhoria do servi\u00e7o de abastecimento de \u00e1gua e coleta de esgoto no estado, o Governo de Sergipe demandou ao Banco Nacional de Desenvolvimento Econ\u00f4mico e Social (BNDES) um diagn\u00f3stico da atual situa\u00e7\u00e3o do sistema. Pelo estudo, foi indicada a ader\u00eancia a um modelo de concess\u00e3o parcial, na qual a capta\u00e7\u00e3o e o tratamento da \u00e1gua continuariam sendo responsabilidade do Estado. A distribui\u00e7\u00e3o, no entanto, ficaria a cargo da iniciativa privada.<\/p>\n\n\n\n<p>Em virtude do manifesto desconforto dos trabalhadores da Deso, o governador F\u00e1bio Mitidieri veio a p\u00fablico em diferentes ocasi\u00f5es para ressaltar que os desligamentos em massa n\u00e3o s\u00e3o de interesse da gest\u00e3o. O entendimento do Governo, segundo o chefe do Executivo estadual, leva em conta, inclusive, o fato de que houve aumento no n\u00famero de contrata\u00e7\u00f5es nos estados que adotaram o sistema de concess\u00e3o, a exemplo do Rio de Janeiro.<\/p>\n\n\n\n<p>Al\u00e9m do presidente, participaram da reuni\u00e3o em nome do Sindisan os representantes Joe Igor, A\u00e9cio Ferreira e Jos\u00e9 S\u00e9rgio Passos. Tamb\u00e9m esteve presente o representante dos trabalhadores da Deso e membro do Conselho de Administra\u00e7\u00e3o, Raimundo Jos\u00e9 Cardoso.<\/p>\n\n\n\n<p><strong><em>Acompanhe tamb\u00e9m o SE Not\u00edcias no\u00a0<a rel=\"noreferrer noopener\" href=\"https:\/\/twitter.com\/Senoticias\" target=\"_blank\">Twitter<\/a>,\u00a0<a rel=\"noreferrer noopener\" href=\"https:\/\/www.facebook.com\/senoticias1\" target=\"_blank\">Facebook<\/a>\u00a0e no\u00a0<a rel=\"noreferrer noopener\" href=\"https:\/\/www.instagram.com\/senoticias\/\" target=\"_blank\">Instagram<\/a><\/em><\/strong><\/p>\n\n\n\n<p>Fonte: Ag\u00eancia Sergipe de Not\u00edcias<\/p>\n","protected":false},"excerpt":{"rendered":"<p>Em aten\u00e7\u00e3o \u00e0s reivindica\u00e7\u00f5es das diversas categorias profissionais de Sergipe, o governador F\u00e1bio Mitidieri recebeu nesta quinta-feira, 9, representantes do Sindicato dos Trabalhadores na Ind\u00fastria da Purifica\u00e7\u00e3o e Distribui\u00e7\u00e3o de \u00c1gua e em Servi\u00e7os de Esgotos do Estado de Sergipe (Sindisan). O encontro teve o prop\u00f3sito de buscar concilia\u00e7\u00f5es frente \u00e0 iminente concess\u00e3o parcial dos [&hellip;]<\/p>\n","protected":false},"author":6557,"featured_media":0,"comment_status":"closed","ping_status":"closed","sticky":false,"template":"","format":"standard","meta":{"footnotes":""},"categories":[15,38,1],"tags":[208,7306,37862,5393],"class_list":{"0":"post-139854","1":"post","2":"type-post","3":"status-publish","4":"format-standard","6":"category-destaques","7":"category-municipios","8":"category-sem-categoria","9":"tag-deso","10":"tag-fabio-mitidieri","11":"tag-governador-fabio-mitidieri","12":"tag-sindisan"},"_links":{"self":[{"href":"https:\/\/senoticias.com.br\/se\/wp-json\/wp\/v2\/posts\/139854"}],"collection":[{"href":"https:\/\/senoticias.com.br\/se\/wp-json\/wp\/v2\/posts"}],"about":[{"href":"https:\/\/senoticias.com.br\/se\/wp-json\/wp\/v2\/types\/post"}],"author":[{"embeddable":true,"href":"https:\/\/senoticias.com.br\/se\/wp-json\/wp\/v2\/users\/6557"}],"replies":[{"embeddable":true,"href":"https:\/\/senoticias.com.br\/se\/wp-json\/wp\/v2\/comments?post=139854"}],"version-history":[{"count":0,"href":"https:\/\/senoticias.com.br\/se\/wp-json\/wp\/v2\/posts\/139854\/revisions"}],"wp:attachment":[{"href":"https:\/\/senoticias.com.br\/se\/wp-json\/wp\/v2\/media?parent=139854"}],"wp:term":[{"taxonomy":"category","embeddable":true,"href":"https:\/\/senoticias.com.br\/se\/wp-json\/wp\/v2\/categories?post=139854"},{"taxonomy":"post_tag","embeddable":true,"href":"https:\/\/senoticias.com.br\/se\/wp-json\/wp\/v2\/tags?post=139854"}],"curies":[{"name":"wp","href":"https:\/\/api.w.org\/{rel}","templated":true}]}}