{"id":139844,"date":"2023-11-09T06:04:38","date_gmt":"2023-11-09T09:04:38","guid":{"rendered":"https:\/\/senoticias.com.br\/se\/?p=139844"},"modified":"2023-11-09T06:04:44","modified_gmt":"2023-11-09T09:04:44","slug":"delegada-renata-aboim-e-eleita-presidente-da-associacao-dos-delegados-de-policia-civil-de-sergipe","status":"publish","type":"post","link":"https:\/\/senoticias.com.br\/se\/delegada-renata-aboim-e-eleita-presidente-da-associacao-dos-delegados-de-policia-civil-de-sergipe\/","title":{"rendered":"Delegada Renata Aboim \u00e9 eleita presidente da Associa\u00e7\u00e3o dos Delegados de Pol\u00edcia Civil de Sergipe"},"content":{"rendered":"\n<p>Nesta quarta-feira, 08 de novembro, os membros da <strong>Associa\u00e7\u00e3o dos Delegados de Pol\u00edcia Civil de Sergipe (Adepol\/SE)<\/strong> foram \u00e0s urnas para elegerem a pr\u00f3xima diretoria. A chapa \u00fanica, denominada &#8216;<strong>Um Salto para o Futuro&#8217;, foi eleita com um total de 117 votos <\/strong>e administrar\u00e1 a associa\u00e7\u00e3o pelos pr\u00f3ximos tr\u00eas anos (2024-2026). Houve 54 absten\u00e7\u00f5es e nenhum voto branco ou nulo.<\/p>\n\n\n\n<figure class=\"wp-block-image size-large\"><img loading=\"lazy\" decoding=\"async\" width=\"474\" height=\"560\" src=\"https:\/\/senoticias.com.br\/se\/wp-content\/uploads\/2023\/11\/delegada-renata-aboim-SE-Noticias.jpg\" alt=\"\" class=\"wp-image-139845\" srcset=\"https:\/\/senoticias.com.br\/se\/wp-content\/uploads\/2023\/11\/delegada-renata-aboim-SE-Noticias.jpg 474w, https:\/\/senoticias.com.br\/se\/wp-content\/uploads\/2023\/11\/delegada-renata-aboim-SE-Noticias-254x300.jpg 254w\" sizes=\"(max-width: 474px) 100vw, 474px\" \/><figcaption>A Delegada Renata Aboim ser\u00e1 a segunda mulher a assumir a posi\u00e7\u00e3o de presidente &#8211; Foto: ascom\/Adepol<\/figcaption><\/figure>\n\n\n\n<p>Em sua primeira declara\u00e7\u00e3o como presidente eleita, a Delegada Renata Aboim expressou sua gratid\u00e3o pela confian\u00e7a depositada pelos membros da Associa\u00e7\u00e3o. &#8220;Estamos cientes da responsabilidade que carregamos como representantes desta chapa e estamos comprometidos em trabalhar incansavelmente em prol dos interesses e direitos de todos os nossos membros&#8221;, afirmou.<\/p>\n\n\n\n<figure class=\"wp-block-image size-large\"><img loading=\"lazy\" decoding=\"async\" width=\"576\" height=\"384\" src=\"https:\/\/senoticias.com.br\/se\/wp-content\/uploads\/2023\/11\/Nova-diretoria-da-Adepol-SE-Noticias.jpeg\" alt=\"\" class=\"wp-image-139846\" srcset=\"https:\/\/senoticias.com.br\/se\/wp-content\/uploads\/2023\/11\/Nova-diretoria-da-Adepol-SE-Noticias.jpeg 576w, https:\/\/senoticias.com.br\/se\/wp-content\/uploads\/2023\/11\/Nova-diretoria-da-Adepol-SE-Noticias-300x200.jpeg 300w, https:\/\/senoticias.com.br\/se\/wp-content\/uploads\/2023\/11\/Nova-diretoria-da-Adepol-SE-Noticias-90x60.jpeg 90w, https:\/\/senoticias.com.br\/se\/wp-content\/uploads\/2023\/11\/Nova-diretoria-da-Adepol-SE-Noticias-180x120.jpeg 180w, https:\/\/senoticias.com.br\/se\/wp-content\/uploads\/2023\/11\/Nova-diretoria-da-Adepol-SE-Noticias-95x64.jpeg 95w\" sizes=\"(max-width: 576px) 100vw, 576px\" \/><figcaption>Nova diretoria da Adepol\/SE &#8211; Foto: ascom\/divulga\u00e7\u00e3o<\/figcaption><\/figure>\n\n\n\n<p>A futura gest\u00e3o da Associa\u00e7\u00e3o promete abordar quest\u00f5es fundamentais que afetam a categoria, incluindo melhorias nas condi\u00e7\u00f5es de trabalho, negocia\u00e7\u00f5es salariais justas e a defesa dos direitos dos trabalhadores.<\/p>\n\n\n\n<p><strong>Processo eleitoral<\/strong><\/p>\n\n\n\n<p>O processo eleitoral foi marcado por uma participa\u00e7\u00e3o ativa dos membros da entidade, demonstrando seu compromisso com a democracia. A comiss\u00e3o eleitoral expressou sua gratid\u00e3o a todos os que participaram, destacando a import\u00e2ncia de uma base envolvida e ativa.<\/p>\n\n\n\n<p>A presidente da Comiss\u00e3o Eleitoral, Delegada Josefa Val\u00e9ria, refor\u00e7ou que a elei\u00e7\u00e3o da nova diretoria da Adepol para o tri\u00eanio 2024\/2026 transcorreu de forma tranquila durante todo dia. \u201cApesar de termos apenas uma chapa concorrendo, foi muito grande o n\u00famero de delegados associados que compareceram para exercer o direito ao voto. O clima foi de esperan\u00e7a e confian\u00e7a na compet\u00eancia e capacidade da presidente eleita, Dra Renata Aboim, na luta pelos pleitos da categoria. Renata j\u00e1 tem um nome consolidado na Pol\u00edcia Civil, \u00e9 refer\u00eancia no enfrentamento \u00e0 viol\u00eancia dom\u00e9stica e sexual contra a mulher e n\u00e3o tenho d\u00favida de que ter\u00e1 \u00eaxito no desempenho como presidente da Associa\u00e7\u00e3o dos Delegados de Pol\u00edcia de Sergipe\u201d, diz.<\/p>\n\n\n\n<p><strong>Confira os nomes da nova diretoria:<\/strong><\/p>\n\n\n\n<p>Presidente<br>Renata Abreu Aboim<\/p>\n\n\n\n<p>1\u00ba Vice-presidente<br>Carlos Ant\u00f4nio Pereira de Oliveira J\u00fanior<\/p>\n\n\n\n<p>Vice-presidente Secret\u00e1rio-Geral<br>Cl\u00e1udio Feitosa<\/p>\n\n\n\n<p>Vice-presidente Administrativo e Financeiro<br>Jos\u00e9 Gilberto Guimar\u00e3es Neto<\/p>\n\n\n\n<p>Vice-presidente de Comunica\u00e7\u00e3o<br>Gabriel Ribeiro Nogueira J\u00fanior<\/p>\n\n\n\n<p>Vice-presidente Jur\u00eddico<br>Thereza Simony Nunes Silva<\/p>\n\n\n\n<p>Vice-presidente Social<br>Everton dos Santos<\/p>\n\n\n\n<p>Vice-presidente de Rela\u00e7\u00f5es Institucionais<br>K\u00e1ssio Keliton Viana Santos<\/p>\n\n\n\n<p>Vice-presidente de Temas do Interior<br>Albene J\u00fanior Pereira da Silva<\/p>\n\n\n\n<p>Vice-presidente de Estrat\u00e9gias Legislativas<br>Valter Simas Moraes Sarmento<\/p>\n\n\n\n<p><strong><em>Acompanhe tamb\u00e9m o SE Not\u00edcias no\u00a0<a rel=\"noreferrer noopener\" href=\"https:\/\/twitter.com\/Senoticias\" target=\"_blank\">Twitter<\/a>,\u00a0<a rel=\"noreferrer noopener\" href=\"https:\/\/www.facebook.com\/senoticias1\" target=\"_blank\">Facebook<\/a>\u00a0e no\u00a0<a rel=\"noreferrer noopener\" href=\"https:\/\/www.instagram.com\/senoticias\/\" target=\"_blank\">Instagram<\/a><\/em><\/strong><\/p>\n\n\n\n<p>Fonte: ascom<\/p>\n","protected":false},"excerpt":{"rendered":"<p>Nesta quarta-feira, 08 de novembro, os membros da Associa\u00e7\u00e3o dos Delegados de Pol\u00edcia Civil de Sergipe (Adepol\/SE) foram \u00e0s urnas para elegerem a pr\u00f3xima diretoria. A chapa \u00fanica, denominada &#8216;Um Salto para o Futuro&#8217;, foi eleita com um total de 117 votos e administrar\u00e1 a associa\u00e7\u00e3o pelos pr\u00f3ximos tr\u00eas anos (2024-2026). Houve 54 absten\u00e7\u00f5es e [&hellip;]<\/p>\n","protected":false},"author":6557,"featured_media":0,"comment_status":"closed","ping_status":"closed","sticky":false,"template":"","format":"standard","meta":{"footnotes":""},"categories":[15,7],"tags":[10714,12237,40463,40465,40464],"class_list":{"0":"post-139844","1":"post","2":"type-post","3":"status-publish","4":"format-standard","6":"category-destaques","7":"category-policia","8":"tag-associacao-dos-delegados-de-policia-civil","9":"tag-delegada-renata-aboim","10":"tag-delegados-de-policia-civil","11":"tag-nova-diretoria-da-adepol","12":"tag-um-salto-para-o-futuro"},"_links":{"self":[{"href":"https:\/\/senoticias.com.br\/se\/wp-json\/wp\/v2\/posts\/139844"}],"collection":[{"href":"https:\/\/senoticias.com.br\/se\/wp-json\/wp\/v2\/posts"}],"about":[{"href":"https:\/\/senoticias.com.br\/se\/wp-json\/wp\/v2\/types\/post"}],"author":[{"embeddable":true,"href":"https:\/\/senoticias.com.br\/se\/wp-json\/wp\/v2\/users\/6557"}],"replies":[{"embeddable":true,"href":"https:\/\/senoticias.com.br\/se\/wp-json\/wp\/v2\/comments?post=139844"}],"version-history":[{"count":0,"href":"https:\/\/senoticias.com.br\/se\/wp-json\/wp\/v2\/posts\/139844\/revisions"}],"wp:attachment":[{"href":"https:\/\/senoticias.com.br\/se\/wp-json\/wp\/v2\/media?parent=139844"}],"wp:term":[{"taxonomy":"category","embeddable":true,"href":"https:\/\/senoticias.com.br\/se\/wp-json\/wp\/v2\/categories?post=139844"},{"taxonomy":"post_tag","embeddable":true,"href":"https:\/\/senoticias.com.br\/se\/wp-json\/wp\/v2\/tags?post=139844"}],"curies":[{"name":"wp","href":"https:\/\/api.w.org\/{rel}","templated":true}]}}