{"id":139760,"date":"2023-11-02T17:55:39","date_gmt":"2023-11-02T20:55:39","guid":{"rendered":"https:\/\/senoticias.com.br\/se\/?p=139760"},"modified":"2023-11-02T17:55:46","modified_gmt":"2023-11-02T20:55:46","slug":"marcos-andrade-e-eleito-novamente-presidente-da-fecomercio","status":"publish","type":"post","link":"https:\/\/senoticias.com.br\/se\/marcos-andrade-e-eleito-novamente-presidente-da-fecomercio\/","title":{"rendered":"Marcos Andrade \u00e9 eleito novamente presidente da Fecom\u00e9rcio"},"content":{"rendered":"\n<p>Depois do cumprimento de uma decis\u00e3o judicial, anulando a elei\u00e7\u00e3o do empres\u00e1rio Jos\u00e9 Marcos de Andrade, para a presid\u00eancia do Sistema Fecom\u00e9rcio-Sesc-Senac de Sergipe, foi realizada a elei\u00e7\u00e3o suplementar para preenchimento da vac\u00e2ncia do cargo. Marcos Andrade venceu novamente o processo eleitoral, voltando \u00e0 presid\u00eancia da Federa\u00e7\u00e3o do Com\u00e9rcio de Bens, Servi\u00e7os e Turismo do Estado de Sergipe. A elei\u00e7\u00e3o aconteceu na quarta-feira (01) e sacramentou por unanimidade dos votantes a volta de Andrade \u00e0 presid\u00eancia da entidade.<\/p>\n\n\n\n<figure class=\"wp-block-image size-large\"><img loading=\"lazy\" decoding=\"async\" width=\"599\" height=\"450\" src=\"https:\/\/senoticias.com.br\/se\/wp-content\/uploads\/2023\/11\/Marcos-Andrade-SE-Noticias.jpeg\" alt=\"\" class=\"wp-image-139761\" srcset=\"https:\/\/senoticias.com.br\/se\/wp-content\/uploads\/2023\/11\/Marcos-Andrade-SE-Noticias.jpeg 599w, https:\/\/senoticias.com.br\/se\/wp-content\/uploads\/2023\/11\/Marcos-Andrade-SE-Noticias-300x225.jpeg 300w, https:\/\/senoticias.com.br\/se\/wp-content\/uploads\/2023\/11\/Marcos-Andrade-SE-Noticias-45x35.jpeg 45w\" sizes=\"(max-width: 599px) 100vw, 599px\" \/><figcaption>Marcos Andrade, volta ao comando da Fecom\u00e9rcio &#8211; Foto: ascom\/divulga\u00e7\u00e3o<\/figcaption><\/figure>\n\n\n\n<p>Marcos Andrade, volta ao comando do sistema em companhia do seu vice-presidente, Alex Garcez, e exatamente com a mesma diretoria que comp\u00f4s sua forma\u00e7\u00e3o na elei\u00e7\u00e3o de 2022, sem altera\u00e7\u00f5es. O representante do Minist\u00e9rio P\u00fablico do Trabalho, procurador Emerson Albuquerque Resende, proferiu o resultado ap\u00f3s a abertura da urna eleitoral. O presidente eleito novamente comentou o resultado e falou sobre o processo eleitoral realizado.<\/p>\n\n\n\n<p>\u201cHouve a contesta\u00e7\u00e3o judicial da elei\u00e7\u00e3o do ano passado, onde uma minoria quis desfazer a escolha da maioria dos conselheiros da Fecom\u00e9rcio. Entretanto, mais uma vez, recebi os votos dos meus pares e volto \u00e0 presid\u00eancia da federa\u00e7\u00e3o. Estou animado para continuar os projetos e obras que havia desenvolvido nesse per\u00edodo em que estive \u00e0 frente da presid\u00eancia e agrade\u00e7o muito a Fernando Carvalho, que presidiu interinamente a Fecom\u00e9rcio. Os trabalhos n\u00e3o pararam e agora temos mais \u00e2nimo para seguir em frente com as a\u00e7\u00f5es para ampliar a atua\u00e7\u00e3o do sistema Fecom\u00e9rcio-Sesc-Senac em nosso estado. Volto feliz, contando com a confian\u00e7a dos conselheiros que mais uma vez, estiveram perfilados do nosso lado, para seguir os trabalhos\u201d, disse Andrade.<\/p>\n\n\n\n<p>O presidente est\u00e1 com uma nova programa\u00e7\u00e3o de a\u00e7\u00f5es e projetos, para somar-se aos 35 que est\u00e3o em desenvolvimento, sendo 19 obras estruturantes para ampliar a capilaridade de capacidade de atendimento ao p\u00fablico comerci\u00e1rio e sociedade sergipana. Al\u00e9m disso, Andrade projetou novas a\u00e7\u00f5es de defesa dos interesses empresariais, com foco no est\u00edmulo ao desenvolvimento econ\u00f4mico de Sergipe.<\/p>\n\n\n\n<p><strong><em>Acompanhe tamb\u00e9m o SE Not\u00edcias no\u00a0<a rel=\"noreferrer noopener\" href=\"https:\/\/twitter.com\/Senoticias\" target=\"_blank\">Twitter<\/a>,\u00a0<a rel=\"noreferrer noopener\" href=\"https:\/\/www.facebook.com\/senoticias1\" target=\"_blank\">Facebook<\/a>\u00a0e no\u00a0<a rel=\"noreferrer noopener\" href=\"https:\/\/www.instagram.com\/senoticias\/\" target=\"_blank\">Instagram<\/a><\/em><\/strong><\/p>\n\n\n\n<p>Mat\u00e9ria extra\u00edda do site da Fecom\u00e9rcio\/SE.<\/p>\n\n\n\n<p><\/p>\n\n\n\n<p><\/p>\n","protected":false},"excerpt":{"rendered":"<p>Depois do cumprimento de uma decis\u00e3o judicial, anulando a elei\u00e7\u00e3o do empres\u00e1rio Jos\u00e9 Marcos de Andrade, para a presid\u00eancia do Sistema Fecom\u00e9rcio-Sesc-Senac de Sergipe, foi realizada a elei\u00e7\u00e3o suplementar para preenchimento da vac\u00e2ncia do cargo. Marcos Andrade venceu novamente o processo eleitoral, voltando \u00e0 presid\u00eancia da Federa\u00e7\u00e3o do Com\u00e9rcio de Bens, Servi\u00e7os e Turismo do [&hellip;]<\/p>\n","protected":false},"author":6557,"featured_media":0,"comment_status":"closed","ping_status":"closed","sticky":false,"template":"","format":"standard","meta":{"footnotes":""},"categories":[15,6],"tags":[2844,40396,40395,7275,40397],"class_list":{"0":"post-139760","1":"post","2":"type-post","3":"status-publish","4":"format-standard","6":"category-destaques","7":"category-politica","8":"tag-fecomercio","9":"tag-jose-marcos-de-andrade","10":"tag-marcos-andrade","11":"tag-ministerio-publico-do-trabalho","12":"tag-presidente-da-fecomercio"},"_links":{"self":[{"href":"https:\/\/senoticias.com.br\/se\/wp-json\/wp\/v2\/posts\/139760"}],"collection":[{"href":"https:\/\/senoticias.com.br\/se\/wp-json\/wp\/v2\/posts"}],"about":[{"href":"https:\/\/senoticias.com.br\/se\/wp-json\/wp\/v2\/types\/post"}],"author":[{"embeddable":true,"href":"https:\/\/senoticias.com.br\/se\/wp-json\/wp\/v2\/users\/6557"}],"replies":[{"embeddable":true,"href":"https:\/\/senoticias.com.br\/se\/wp-json\/wp\/v2\/comments?post=139760"}],"version-history":[{"count":0,"href":"https:\/\/senoticias.com.br\/se\/wp-json\/wp\/v2\/posts\/139760\/revisions"}],"wp:attachment":[{"href":"https:\/\/senoticias.com.br\/se\/wp-json\/wp\/v2\/media?parent=139760"}],"wp:term":[{"taxonomy":"category","embeddable":true,"href":"https:\/\/senoticias.com.br\/se\/wp-json\/wp\/v2\/categories?post=139760"},{"taxonomy":"post_tag","embeddable":true,"href":"https:\/\/senoticias.com.br\/se\/wp-json\/wp\/v2\/tags?post=139760"}],"curies":[{"name":"wp","href":"https:\/\/api.w.org\/{rel}","templated":true}]}}