{"id":139758,"date":"2023-11-02T16:16:28","date_gmt":"2023-11-02T19:16:28","guid":{"rendered":"https:\/\/senoticias.com.br\/se\/?p=139758"},"modified":"2023-11-02T16:29:28","modified_gmt":"2023-11-02T19:29:28","slug":"reconhecimento-facial-e-reforcado-com-27-cameras-para-evitar-entrada-de-foragidos-da-justica-no-pre-caju-2023","status":"publish","type":"post","link":"https:\/\/senoticias.com.br\/se\/reconhecimento-facial-e-reforcado-com-27-cameras-para-evitar-entrada-de-foragidos-da-justica-no-pre-caju-2023\/","title":{"rendered":"Reconhecimento facial \u00e9 refor\u00e7ado com 27 c\u00e2meras para evitar entrada de foragidos da Justi\u00e7a no Pr\u00e9-Caju 2023"},"content":{"rendered":"\n<p><\/p>\n\n\n\n<p>Para garantir que o Pr\u00e9-Caju 2023 transcorra com tranquilidade e seguran\u00e7a para sergipanos e turistas, a tecnologia de reconhecimento facial foi refor\u00e7ada para esta edi\u00e7\u00e3o da tradicional pr\u00e9via carnavalesca, que acontece entre esta sexta-feira, 3, e o pr\u00f3ximo domingo, 5.<strong> S\u00e3o 27 c\u00e2meras que estar\u00e3o conectadas aos bancos de dados da seguran\u00e7a p\u00fablica, para identificar em tempo real a presen\u00e7a de foragidos da Justi\u00e7a<\/strong>.<\/p>\n\n\n\n<p>Para a viabiliza\u00e7\u00e3o do refor\u00e7o na tecnologia de reconhecimento facial no Pr\u00e9-Caju 2023, a Secretaria da Seguran\u00e7a P\u00fablica (SSP), a Secretaria da Justi\u00e7a e da Seguran\u00e7a P\u00fablica (Sejuc), Pol\u00edcia Civil, Pol\u00edcia Militar e Guarda Municipal de Aracaju atuam conjuntamente.<\/p>\n\n\n\n<figure class=\"wp-block-image size-large\"><img loading=\"lazy\" decoding=\"async\" width=\"595\" height=\"366\" src=\"https:\/\/senoticias.com.br\/se\/wp-content\/uploads\/2023\/11\/Cameras-de-videomonitoramento-SE-Noticias.jpeg\" alt=\"\" class=\"wp-image-139759\" srcset=\"https:\/\/senoticias.com.br\/se\/wp-content\/uploads\/2023\/11\/Cameras-de-videomonitoramento-SE-Noticias.jpeg 595w, https:\/\/senoticias.com.br\/se\/wp-content\/uploads\/2023\/11\/Cameras-de-videomonitoramento-SE-Noticias-300x185.jpeg 300w\" sizes=\"(max-width: 595px) 100vw, 595px\" \/><figcaption>Tecnologia tem acesso aos bancos de dados da Sejuc e da SSP para identificar pessoas com mandados de pris\u00e3o e medidas cautelares n\u00e3o cumpridas &#8211; Foto: SSP\/SE<\/figcaption><\/figure>\n\n\n\n<p>Nalile Castro, coordenadora operacional das delegacias da capital, cita que o uso do software esteve presente na edi\u00e7\u00e3o passada do Pr\u00e9-Caju, mas passou por melhorias para a festa deste ano. \u201cA ferramenta do reconhecimento facial, j\u00e1 utilizada no Pr\u00e9 Caju do ano passado, vai ser usada novamente. Com aprimoramentos, temos uma integra\u00e7\u00e3o com a Guarda Municipal, Pol\u00edcia Militar, Pol\u00edcia Civil e Secretaria de Justi\u00e7a\u201d, citou.<\/p>\n\n\n\n<p>A delegada ainda explica como a ferramenta auxilia no trabalho de seguran\u00e7a do evento. \u201cO reconhecimento facial facilitar\u00e1 a captura de foragidos, de pessoas com mandado em rela\u00e7\u00e3o a qualquer tipo de crime. E tamb\u00e9m \u00e9 uma ferramenta auxiliar no que diz respeito aos furtos e roubos de celulares que no \u00e2mbito dos crimes contra o patrim\u00f4nio\u201d, complementa.<\/p>\n\n\n\n<p>Conforme o tenente-coronel Gilberto Melo, o reconhecimento facial no Pr\u00e9-Caju 2023 abrange tanto o circuito, quanto as \u00e1reas adjacentes \u00e0 pr\u00e9via carnavalesca. \u201cA seguran\u00e7a p\u00fablica, dentro do sistema de monitoramento do evento, contratou uma empresa que estar\u00e1 instalando as c\u00e2meras com reconhecimento facial\u201d, especificou.<\/p>\n\n\n\n<p>O tenente-coronel Gilberto Melo refor\u00e7ou que o objetivo da implementa\u00e7\u00e3o e amplia\u00e7\u00e3o do reconhecimento facial no Pr\u00e9-Caju 2023 tem como objetivo garantir que n\u00e3o haja a presen\u00e7a de pessoas que est\u00e3o foragidas da Justi\u00e7a. \u201cAs pessoas que n\u00e3o poderiam estar nesse espa\u00e7o ser\u00e3o identificadas e ser\u00e3o adotadas as medidas cab\u00edveis\u201d, pontuou.<\/p>\n\n\n\n<p>Fernando Mendon\u00e7a, comandante-geral da Guarda Municipal de Aracaju, trouxe mais novidades sobre investimentos tecnol\u00f3gicos no Pr\u00e9-Caju deste ano. \u201cEstaremos com um ve\u00edculo que \u00e9 dotado da tecnologia de reconhecimento facial com c\u00e2mera de 360 graus, que verifica faces. Tamb\u00e9m com outra c\u00e2mera de identifica\u00e7\u00e3o de placas, ou seja, os ve\u00edculos que forem constatados a\u00ed ou pessoas que t\u00eam algum tipo de restri\u00e7\u00e3o, prontamente j\u00e1 ser\u00e3o abordadas. A vantagem do ve\u00edculo \u00e9 que ele vai estar circulando no entorno do evento\u201d, falou.<\/p>\n\n\n\n<p>O representanteda Guarda tamb\u00e9m revela que as c\u00e2meras s\u00e3o frutos de investimento da prefeitura de Aracaju. \u201cToda essa tecnologia \u00e9 um investimento da Prefeitura. \u00c9 bom frisar que isso faz parte tamb\u00e9m de uma parceria com o governo do estado, atrav\u00e9s da SSP, a qual est\u00e1 fornecendo o banco de dados. Caso haja um flagrante, a Guarda Municipal vai agir e vai encaminhar para o setor respons\u00e1vel&#8221;, conclui.<\/p>\n\n\n\n<p><strong><em>Acompanhe tamb\u00e9m o SE Not\u00edcias no\u00a0<a rel=\"noreferrer noopener\" href=\"https:\/\/twitter.com\/Senoticias\" target=\"_blank\">Twitter<\/a>,\u00a0<a rel=\"noreferrer noopener\" href=\"https:\/\/www.facebook.com\/senoticias1\" target=\"_blank\">Facebook<\/a>\u00a0e no\u00a0<a rel=\"noreferrer noopener\" href=\"https:\/\/www.instagram.com\/senoticias\/\" target=\"_blank\">Instagram<\/a><\/em><\/strong><\/p>\n\n\n\n<p>Fonte: SSP\/SE<\/p>\n","protected":false},"excerpt":{"rendered":"<p>Para garantir que o Pr\u00e9-Caju 2023 transcorra com tranquilidade e seguran\u00e7a para sergipanos e turistas, a tecnologia de reconhecimento facial foi refor\u00e7ada para esta edi\u00e7\u00e3o da tradicional pr\u00e9via carnavalesca, que acontece entre esta sexta-feira, 3, e o pr\u00f3ximo domingo, 5. S\u00e3o 27 c\u00e2meras que estar\u00e3o conectadas aos bancos de dados da seguran\u00e7a p\u00fablica, para identificar [&hellip;]<\/p>\n","protected":false},"author":6557,"featured_media":0,"comment_status":"closed","ping_status":"closed","sticky":false,"template":"","format":"standard","meta":{"footnotes":""},"categories":[15,7,1],"tags":[38200,38976,40393],"class_list":{"0":"post-139758","1":"post","2":"type-post","3":"status-publish","4":"format-standard","6":"category-destaques","7":"category-policia","8":"category-sem-categoria","9":"tag-foragidos-da-justica","10":"tag-pre-caju-2023","11":"tag-reconhecimento-facial"},"_links":{"self":[{"href":"https:\/\/senoticias.com.br\/se\/wp-json\/wp\/v2\/posts\/139758"}],"collection":[{"href":"https:\/\/senoticias.com.br\/se\/wp-json\/wp\/v2\/posts"}],"about":[{"href":"https:\/\/senoticias.com.br\/se\/wp-json\/wp\/v2\/types\/post"}],"author":[{"embeddable":true,"href":"https:\/\/senoticias.com.br\/se\/wp-json\/wp\/v2\/users\/6557"}],"replies":[{"embeddable":true,"href":"https:\/\/senoticias.com.br\/se\/wp-json\/wp\/v2\/comments?post=139758"}],"version-history":[{"count":0,"href":"https:\/\/senoticias.com.br\/se\/wp-json\/wp\/v2\/posts\/139758\/revisions"}],"wp:attachment":[{"href":"https:\/\/senoticias.com.br\/se\/wp-json\/wp\/v2\/media?parent=139758"}],"wp:term":[{"taxonomy":"category","embeddable":true,"href":"https:\/\/senoticias.com.br\/se\/wp-json\/wp\/v2\/categories?post=139758"},{"taxonomy":"post_tag","embeddable":true,"href":"https:\/\/senoticias.com.br\/se\/wp-json\/wp\/v2\/tags?post=139758"}],"curies":[{"name":"wp","href":"https:\/\/api.w.org\/{rel}","templated":true}]}}