{"id":139709,"date":"2023-10-31T05:59:29","date_gmt":"2023-10-31T08:59:29","guid":{"rendered":"https:\/\/senoticias.com.br\/se\/?p=139709"},"modified":"2023-10-31T06:02:44","modified_gmt":"2023-10-31T09:02:44","slug":"supremo-tribunal-federal-mantem-prisao-de-ex-agente-da-prf-acusado-da-morte-de-genivaldo","status":"publish","type":"post","link":"https:\/\/senoticias.com.br\/se\/supremo-tribunal-federal-mantem-prisao-de-ex-agente-da-prf-acusado-da-morte-de-genivaldo\/","title":{"rendered":"Supremo Tribunal Federal mant\u00e9m pris\u00e3o de ex-agente da PRF acusado da morte de Genivaldo"},"content":{"rendered":"\n<figure class=\"wp-block-image size-large\"><img loading=\"lazy\" decoding=\"async\" width=\"560\" height=\"269\" src=\"https:\/\/senoticias.com.br\/se\/wp-content\/uploads\/2022\/05\/Morte-de-Genivaldo-SE-Noticias.jpg\" alt=\"\" class=\"wp-image-132820\" srcset=\"https:\/\/senoticias.com.br\/se\/wp-content\/uploads\/2022\/05\/Morte-de-Genivaldo-SE-Noticias.jpg 560w, https:\/\/senoticias.com.br\/se\/wp-content\/uploads\/2022\/05\/Morte-de-Genivaldo-SE-Noticias-300x144.jpg 300w\" sizes=\"(max-width: 560px) 100vw, 560px\" \/><figcaption>STF mant\u00e9m pris\u00e3o de ex-agente da PRF acusado da morte de Genivaldo \u2014 Foto: Arquivo pessoal<\/figcaption><\/figure>\n\n\n\n<p>A Segunda Turma do Supremo Tribunal Federal (STF) confirmou nesta segunda-feira (30) a decis\u00e3o que manteve a pris\u00e3o de Kleber Nascimento Freitas, um dos tr\u00eas ex-agentes da Pol\u00edcia Rodovi\u00e1ria Federal (PRF) acusados de participa\u00e7\u00e3o na morte de Genivaldo de Jesus Santos, em maio de 2022.<\/p>\n\n\n\n<p>O colegiado validou uma decis\u00e3o individual do ministro Edson Fachin, relator do caso, que rejeitou pedido de soltura feito pela defesa do acusado.<\/p>\n\n\n\n<p>A defesa do ex-policial recorreu ao Supremo para derrubar decis\u00e3o anterior do Superior Tribunal de Justi\u00e7a (STJ) que manteve a pris\u00e3o. Entre os argumentos apresentados, os advogados afirmaram que Freitas passa por &#8220;graves transtornos mentais&#8221; e n\u00e3o h\u00e1 condi\u00e7\u00f5es adequadas para tratamento na pris\u00e3o.<\/p>\n\n\n\n<p>Por unanimidade, os ministros acompanharam o relator e entenderam que n\u00e3o h\u00e1 ilegalidade na manuten\u00e7\u00e3o da pris\u00e3o do ex-policial. Sobre a situa\u00e7\u00e3o de sa\u00fade, Fachin disse que n\u00e3o cabe ao Supremo avaliar a quest\u00e3o.<\/p>\n\n\n\n<p>No ano passado, o caso veio \u00e0 tona ap\u00f3s imagens veiculadas na internet mostrarem a a\u00e7\u00e3o policial que prendeu Genivaldo no porta-malas de uma viatura ap\u00f3s ele ser parado pelos agentes por trafegar de moto sem capacete em uma rodovia de Sergipe.<\/p>\n\n\n\n<p>Durante a abordagem, um policial rodovi\u00e1rio jogou bombas de g\u00e1s dentro do carro e manteve a tampa do porta-malas abaixada, impedindo Genivaldo de sair e respirar.<\/p>\n\n\n\n<p>Pela conduta, os policiais foram demitidos da PRF e v\u00e3o ser levados a j\u00fari popular pela morte de Genivaldo. A data do julgamento ainda n\u00e3o foi marcada.<\/p>\n\n\n\n<p><strong><em>Acompanhe tamb\u00e9m o SE Not\u00edcias no\u00a0<a rel=\"noreferrer noopener\" href=\"https:\/\/twitter.com\/Senoticias\" target=\"_blank\">Twitter<\/a>,\u00a0<a rel=\"noreferrer noopener\" href=\"https:\/\/www.facebook.com\/senoticias1\" target=\"_blank\">Facebook<\/a>\u00a0e no\u00a0<a rel=\"noreferrer noopener\" href=\"https:\/\/www.instagram.com\/senoticias\/\" target=\"_blank\">Instagram<\/a><\/em><\/strong><\/p>\n\n\n\n<p>Fonte: Ag\u00eancia Brasil<\/p>\n","protected":false},"excerpt":{"rendered":"<p>A Segunda Turma do Supremo Tribunal Federal (STF) confirmou nesta segunda-feira (30) a decis\u00e3o que manteve a pris\u00e3o de Kleber Nascimento Freitas, um dos tr\u00eas ex-agentes da Pol\u00edcia Rodovi\u00e1ria Federal (PRF) acusados de participa\u00e7\u00e3o na morte de Genivaldo de Jesus Santos, em maio de 2022. O colegiado validou uma decis\u00e3o individual do ministro Edson Fachin, [&hellip;]<\/p>\n","protected":false},"author":6557,"featured_media":0,"comment_status":"closed","ping_status":"closed","sticky":false,"template":"","format":"standard","meta":{"footnotes":""},"categories":[15,2961,1],"tags":[40367,37872,836,5451],"class_list":{"0":"post-139709","1":"post","2":"type-post","3":"status-publish","4":"format-standard","6":"category-destaques","7":"category-nacional","8":"category-sem-categoria","9":"tag-bombas-de-gas-dentro","10":"tag-caso-genivaldo","11":"tag-stf","12":"tag-umbauba"},"_links":{"self":[{"href":"https:\/\/senoticias.com.br\/se\/wp-json\/wp\/v2\/posts\/139709"}],"collection":[{"href":"https:\/\/senoticias.com.br\/se\/wp-json\/wp\/v2\/posts"}],"about":[{"href":"https:\/\/senoticias.com.br\/se\/wp-json\/wp\/v2\/types\/post"}],"author":[{"embeddable":true,"href":"https:\/\/senoticias.com.br\/se\/wp-json\/wp\/v2\/users\/6557"}],"replies":[{"embeddable":true,"href":"https:\/\/senoticias.com.br\/se\/wp-json\/wp\/v2\/comments?post=139709"}],"version-history":[{"count":0,"href":"https:\/\/senoticias.com.br\/se\/wp-json\/wp\/v2\/posts\/139709\/revisions"}],"wp:attachment":[{"href":"https:\/\/senoticias.com.br\/se\/wp-json\/wp\/v2\/media?parent=139709"}],"wp:term":[{"taxonomy":"category","embeddable":true,"href":"https:\/\/senoticias.com.br\/se\/wp-json\/wp\/v2\/categories?post=139709"},{"taxonomy":"post_tag","embeddable":true,"href":"https:\/\/senoticias.com.br\/se\/wp-json\/wp\/v2\/tags?post=139709"}],"curies":[{"name":"wp","href":"https:\/\/api.w.org\/{rel}","templated":true}]}}