{"id":139678,"date":"2023-08-07T11:36:14","date_gmt":"2023-08-07T14:36:14","guid":{"rendered":"https:\/\/senoticias.com.br\/se\/?p=139678"},"modified":"2023-10-30T11:45:45","modified_gmt":"2023-10-30T14:45:45","slug":"deso-firma-parcerias-para-expandir-o-programa-tarifa-social","status":"publish","type":"post","link":"https:\/\/senoticias.com.br\/se\/deso-firma-parcerias-para-expandir-o-programa-tarifa-social\/","title":{"rendered":"Deso firma parcerias para expandir o programa Tarifa Social"},"content":{"rendered":"\n<p><strong><em>Publieditorial<\/em><\/strong><br><br>A Companhia de Saneamento de Sergipe (Deso), atrav\u00e9s da Diretoria Comercial Financeira, est\u00e1 promovendo uma s\u00e9rie de a\u00e7\u00f5es em prol da divulga\u00e7\u00e3o do Programa Tarifa Social, uma das atividades mais importantes da empresa, destinado a pessoas de baixa renda. O programa acontece por meio do cadastro do im\u00f3vel na categoria residencial social, compat\u00edvel com o desconto nas tarifas de \u00e1gua e esgoto, de acordo com o consumo, limitado a 20m\u00b3, por um prazo de 24 meses com possibilidade de renova\u00e7\u00e3o.<\/p>\n\n\n\n<figure class=\"wp-block-image size-large\"><img loading=\"lazy\" decoding=\"async\" width=\"594\" height=\"307\" src=\"https:\/\/senoticias.com.br\/se\/wp-content\/uploads\/2023\/10\/Tarifa-Social-SE-Noticias.jpeg\" alt=\"\" class=\"wp-image-139679\" srcset=\"https:\/\/senoticias.com.br\/se\/wp-content\/uploads\/2023\/10\/Tarifa-Social-SE-Noticias.jpeg 594w, https:\/\/senoticias.com.br\/se\/wp-content\/uploads\/2023\/10\/Tarifa-Social-SE-Noticias-300x155.jpeg 300w\" sizes=\"(max-width: 594px) 100vw, 594px\" \/><figcaption>Deso firma parcerias para expandir o programa Tarifa Social &#8211; Foto: ascom\/Deso<\/figcaption><\/figure>\n\n\n\n<p>\u201cA empresa tem intensificado as a\u00e7\u00f5es de divulga\u00e7\u00e3o da Tarifa Social, haja vista a import\u00e2ncia desse programa, tanto para a Companhia quanto para as fam\u00edlias que est\u00e3o em vulnerabilidade social\u201d, comentou Aline Lima, coordenadora do atendimento social. \u201cA Deso, enquanto institui\u00e7\u00e3o p\u00fablica, preza pela garantia de acesso \u00e0 \u00e1gua pot\u00e1vel e a Tarifa Social \u00e9 fundamental para isso, especialmente para as fam\u00edlias que vivem em situa\u00e7\u00e3o de vulnerabilidade\u201d, completou.<\/p>\n\n\n\n<p>Ao longo do \u00faltimo semestre, o departamento firmou parcerias e desenvolveu projetos que possibilitam maior acesso da popula\u00e7\u00e3o ao programa, que oferece descontos consider\u00e1veis na conta de \u00e1gua para aqueles que se encaixam nos requisitos solicitados.<\/p>\n\n\n\n<p><strong>Parcerias<\/strong><\/p>\n\n\n\n<p>Em 2023, al\u00e9m de Unidades B\u00e1sicas de Sa\u00fade (UBS), a Companhia fechou tamb\u00e9m uma parceria com alguns Centros de Refer\u00eancia de Assist\u00eancia Social (CRAS) e esteve durante quatro dias na \u201cComunidade Quilombola\u201d de Pontal da Barra, na Barra dos Coqueiros, realizando visitas para otimizar o cadastro de poss\u00edveis benefici\u00e1rios.<\/p>\n\n\n\n<p>Para divulgar o projeto em escolas p\u00fablicas do Estado, o departamento j\u00e1 desenvolveu tamb\u00e9m diversas a\u00e7\u00f5es utilizando apresenta\u00e7\u00f5es teatrais, com participa\u00e7\u00f5es de artistas sergipanos, como uma forma l\u00fadica, descontra\u00edda e din\u00e2mica de informar os alunos sobre o programa, al\u00e9m do uso racional da \u00e1gua e dos canais alternativos de atendimento da Deso, fazendo uma adapta\u00e7\u00e3o da famosa pe\u00e7a Romeu e Julieta, denominada \u201cRomeu e Julieta querem \u00e1gua pra casar.\u201d<\/p>\n\n\n\n<p>A Companhia possui planos de expandir ainda mais a divulga\u00e7\u00e3o do Tarifa Social, e, al\u00e9m de continuar marcando presen\u00e7a em eventos relevantes para a popula\u00e7\u00e3o do Estado (como o \u2018Sergipe \u00e9 aqui), tamb\u00e9m pretende firmar parcerias com outras institui\u00e7\u00f5es.<\/p>\n\n\n\n<p>Em que condi\u00e7\u00f5es o cliente poder\u00e1 solicitar a tarifa social?<\/p>\n\n\n\n<p>Estar inscrito no Cadastro \u00danico para Programas Sociais do Governo Federal (Cad\u00fanico) e com cadastro atualizado;<\/p>\n\n\n\n<p>Ter renda da fam\u00edlia residente no im\u00f3vel de at\u00e9 1\/4 sal\u00e1rio-m\u00ednimo por pessoa;<\/p>\n\n\n\n<p>Ser consumidor monof\u00e1sico de energia el\u00e9trica com m\u00e9dia mensal de consumo de at\u00e9 120kwh\/m\u00eas;<\/p>\n\n\n\n<p>Estar devidamente cadastrado como propriet\u00e1rio ou usu\u00e1rio do im\u00f3vel em que pleiteia o benef\u00edcio;<\/p>\n\n\n\n<p>Estar com im\u00f3vel cadastrado na categoria residencial;<\/p>\n\n\n\n<p>Estar cadastrado em apenas uma matr\u00edcula na Deso;<\/p>\n\n\n\n<p>N\u00e3o possuir d\u00e9bitos pendentes;<\/p>\n\n\n\n<p>Preencher question\u00e1rio socioecon\u00f4mico, disponibilizado pela Deso.<\/p>\n\n\n\n<p><br><strong><em>Acompanhe tamb\u00e9m o SE Not\u00edcias no\u00a0<a rel=\"noreferrer noopener\" href=\"https:\/\/twitter.com\/Senoticias\" target=\"_blank\">Twitter<\/a>,\u00a0<a rel=\"noreferrer noopener\" href=\"https:\/\/www.facebook.com\/senoticias1\" target=\"_blank\">Facebook<\/a>\u00a0e no\u00a0<a rel=\"noreferrer noopener\" href=\"https:\/\/www.instagram.com\/senoticias\/\" target=\"_blank\">Instagram<\/a><\/em><\/strong><\/p>\n\n\n\n<p>Por ascom\/Deso<\/p>\n","protected":false},"excerpt":{"rendered":"<p>Publieditorial A Companhia de Saneamento de Sergipe (Deso), atrav\u00e9s da Diretoria Comercial Financeira, est\u00e1 promovendo uma s\u00e9rie de a\u00e7\u00f5es em prol da divulga\u00e7\u00e3o do Programa Tarifa Social, uma das atividades mais importantes da empresa, destinado a pessoas de baixa renda. O programa acontece por meio do cadastro do im\u00f3vel na categoria residencial social, compat\u00edvel com [&hellip;]<\/p>\n","protected":false},"author":6557,"featured_media":0,"comment_status":"closed","ping_status":"closed","sticky":false,"template":"","format":"standard","meta":{"footnotes":""},"categories":[1],"tags":[208,35475],"class_list":{"0":"post-139678","1":"post","2":"type-post","3":"status-publish","4":"format-standard","6":"category-sem-categoria","7":"tag-deso","8":"tag-tarifa-social"},"_links":{"self":[{"href":"https:\/\/senoticias.com.br\/se\/wp-json\/wp\/v2\/posts\/139678"}],"collection":[{"href":"https:\/\/senoticias.com.br\/se\/wp-json\/wp\/v2\/posts"}],"about":[{"href":"https:\/\/senoticias.com.br\/se\/wp-json\/wp\/v2\/types\/post"}],"author":[{"embeddable":true,"href":"https:\/\/senoticias.com.br\/se\/wp-json\/wp\/v2\/users\/6557"}],"replies":[{"embeddable":true,"href":"https:\/\/senoticias.com.br\/se\/wp-json\/wp\/v2\/comments?post=139678"}],"version-history":[{"count":0,"href":"https:\/\/senoticias.com.br\/se\/wp-json\/wp\/v2\/posts\/139678\/revisions"}],"wp:attachment":[{"href":"https:\/\/senoticias.com.br\/se\/wp-json\/wp\/v2\/media?parent=139678"}],"wp:term":[{"taxonomy":"category","embeddable":true,"href":"https:\/\/senoticias.com.br\/se\/wp-json\/wp\/v2\/categories?post=139678"},{"taxonomy":"post_tag","embeddable":true,"href":"https:\/\/senoticias.com.br\/se\/wp-json\/wp\/v2\/tags?post=139678"}],"curies":[{"name":"wp","href":"https:\/\/api.w.org\/{rel}","templated":true}]}}