{"id":139656,"date":"2023-10-28T16:57:19","date_gmt":"2023-10-28T19:57:19","guid":{"rendered":"https:\/\/senoticias.com.br\/se\/?p=139656"},"modified":"2023-10-28T17:06:27","modified_gmt":"2023-10-28T20:06:27","slug":"policia-apresenta-planejamento-operacional-estrategico-de-seguranca-publica-para-o-pre-caju-2023","status":"publish","type":"post","link":"https:\/\/senoticias.com.br\/se\/policia-apresenta-planejamento-operacional-estrategico-de-seguranca-publica-para-o-pre-caju-2023\/","title":{"rendered":"Pol\u00edcia apresenta planejamento operacional estrat\u00e9gico de seguran\u00e7a p\u00fablica para o Pr\u00e9-Caju 2023"},"content":{"rendered":"\n<p>Durante o evento de lan\u00e7amento do Pr\u00e9-Caju 2023, a Secretaria da Seguran\u00e7a P\u00fablica (SSP) apresentou o planejamento operacional estrat\u00e9gico de atua\u00e7\u00e3o durante a tradicional pr\u00e9via carnavalesca de Sergipe. O Pr\u00e9-Caju 2023 acontece entre a sexta-feira, 3, e o domingo, 5, na Orla de Atalaia, em Aracaju.<\/p>\n\n\n\n<p>Para a seguran\u00e7a p\u00fablica do Pr\u00e9-Caju, a Pol\u00edcia Militar adotou um planejamento operacional que contempla cerca de 3 mil militares, conforme explicou o comandante, coronel Alexsandro Ribeiro. &#8220;Nosso plano operacional j\u00e1 foi finalizado e est\u00e1 bem definido, sendo resultado das informa\u00e7\u00f5es obtidas atrav\u00e9s das v\u00e1rias reuni\u00f5es com os representantes dos \u00f3rg\u00e3os de planejamento&#8221;, ressaltou.<\/p>\n\n\n\n<figure class=\"wp-block-image size-large\"><img loading=\"lazy\" decoding=\"async\" width=\"588\" height=\"392\" src=\"https:\/\/senoticias.com.br\/se\/wp-content\/uploads\/2023\/10\/Planejamento-da-Policia-precaju-2023-se-noticias.jpg\" alt=\"\" class=\"wp-image-139657\" srcset=\"https:\/\/senoticias.com.br\/se\/wp-content\/uploads\/2023\/10\/Planejamento-da-Policia-precaju-2023-se-noticias.jpg 588w, https:\/\/senoticias.com.br\/se\/wp-content\/uploads\/2023\/10\/Planejamento-da-Policia-precaju-2023-se-noticias-300x200.jpg 300w, https:\/\/senoticias.com.br\/se\/wp-content\/uploads\/2023\/10\/Planejamento-da-Policia-precaju-2023-se-noticias-90x60.jpg 90w, https:\/\/senoticias.com.br\/se\/wp-content\/uploads\/2023\/10\/Planejamento-da-Policia-precaju-2023-se-noticias-180x120.jpg 180w, https:\/\/senoticias.com.br\/se\/wp-content\/uploads\/2023\/10\/Planejamento-da-Policia-precaju-2023-se-noticias-95x64.jpg 95w\" sizes=\"(max-width: 588px) 100vw, 588px\" \/><figcaption>Equipes do Corpo de Bombeiros e das pol\u00edcias Civil e Militar estar\u00e3o atuando para garantir a tranquilidade da festa e a seguran\u00e7a de sergipanos e turistas &#8211; Foto: SSP\/SE<\/figcaption><\/figure>\n\n\n\n<p>&#8220;N\u00f3s temos uma log\u00edstica preparada para atender \u00e0s demandas de seguran\u00e7a p\u00fablica. O objetivo \u00e9 garantir tranquilidade a todos foli\u00f5es e todos aqueles que venham curtir o Pr\u00e9-Caju. Teremos policiamento ostensivo, no circuito e na praia&#8221;, detalhou o comandante da Pol\u00edcia Militar, coronel Alexsandro Ribeiro.<\/p>\n\n\n\n<p>Tamb\u00e9m para garantir que o Pr\u00e9-Caju transcorra com seguran\u00e7a e tranquilidade, o Corpo de Bombeiros ter\u00e1 um efetivo de 175 bombeiros, assim como salientou o comandante, coronel F\u00e1bio Cardoso. O efetivo conta com equipes de busca e salvamento, de preven\u00e7\u00e3o operacional e de atendimento pr\u00e9-hospitalar.<\/p>\n\n\n\n<p>&#8220;O Corpo de Bombeiros j\u00e1 vem trabalhando antes do evento, orientando a rede hoteleira, donos de bares. Ent\u00e3o a gente j\u00e1 vem antes do evento trabalhando para poder ter essas estruturas de acordo com a norma, a fim de garantir a seguran\u00e7a para todos&#8221;, descreveu o comandante do Corpo de Bombeiros.<\/p>\n\n\n\n<p>A atua\u00e7\u00e3o do Corpo de Bombeiros acontece tanto na avenida, como na faixa de areia, fazendo a preven\u00e7\u00e3o. &#8220;O Corpo de Bombeiros vai estar aqui cuidando e protegendo, mas orientamos que as pessoas curtam dentro dos limites e n\u00e3o cometam excessos para n\u00e3o precisar do atendimento do Corpo de Bombeiros&#8221;, complementou o coronel F\u00e1bio Cardoso.<\/p>\n\n\n\n<p>Ainda no planejamento de seguran\u00e7a p\u00fablica para o Pr\u00e9-Caju, a Pol\u00edcia Civil estar\u00e1 atuando com a Delegacia de Turismo (Detur), conforme explicou a coordenadora operacional das delegacias da capital, Nalile Castro. &#8220;Teremos equipes compostas por delegados, agentes e escriv\u00e3es para confeccionar qualquer eventual procedimento, boletins de ocorr\u00eancia, autos de pris\u00e3o e de apreens\u00e3o&#8221;, revelou.<\/p>\n\n\n\n<p>&#8220;Qualquer tipo de demanda decorrente de fatos cometidos contra grupos vulner\u00e1veis tamb\u00e9m pode ser registrado na Detur. Ent\u00e3o se uma mulher precisar de protetiva, ela vai \u00e0 delegacia e a ocorr\u00eancia ser\u00e1 processada e enviada do plant\u00e3o mesmo para a Justi\u00e7a&#8221;, complementou Nalile Castro.<\/p>\n\n\n\n<p>Ainda no planejamento operacional, a seguran\u00e7a p\u00fablica do evento contar\u00e1 com equipamentos de reconhecimento facial, conforme relembrou Nalile Castro. &#8220;Aprimoramos a parceria com a integra\u00e7\u00e3o com a Guarda Municipal, a Sejuc e a Pol\u00edcia Militar. Tamb\u00e9m teremos o Alerta Celular para auxiliar as pol\u00edcias em eventuais ocorr\u00eancias de roubo ou furto de celular&#8221;, reiterou.<\/p>\n\n\n\n<p>Fabiano Oliveira, idealizador do Pr\u00e9-Caju, reconheceu que o planejamento da seguran\u00e7a p\u00fablica garante o sucesso do tradicional evento pr\u00e9-carnavalesco de Sergipe. &#8220;O Pr\u00e9-Caju \u00e9 realizado com esse apoio log\u00edstico de fundamental import\u00e2ncia. O modelo implementado pela SSP \u00e9 refer\u00eancia para todos os carnavais fora de \u00e9poca do Brasil&#8221;, concluiu.<br><br><strong><em>Acompanhe tamb\u00e9m o SE Not\u00edcias no\u00a0<a rel=\"noreferrer noopener\" href=\"https:\/\/twitter.com\/Senoticias\" target=\"_blank\">Twitter<\/a>,\u00a0<a rel=\"noreferrer noopener\" href=\"https:\/\/www.facebook.com\/senoticias1\" target=\"_blank\">Facebook<\/a>\u00a0e no\u00a0<a rel=\"noreferrer noopener\" href=\"https:\/\/www.instagram.com\/senoticias\/\" target=\"_blank\">Instagram<\/a><\/em><\/strong><\/p>\n\n\n\n<p>Fonte: SSP\/SE<\/p>\n","protected":false},"excerpt":{"rendered":"<p>Durante o evento de lan\u00e7amento do Pr\u00e9-Caju 2023, a Secretaria da Seguran\u00e7a P\u00fablica (SSP) apresentou o planejamento operacional estrat\u00e9gico de atua\u00e7\u00e3o durante a tradicional pr\u00e9via carnavalesca de Sergipe. O Pr\u00e9-Caju 2023 acontece entre a sexta-feira, 3, e o domingo, 5, na Orla de Atalaia, em Aracaju. Para a seguran\u00e7a p\u00fablica do Pr\u00e9-Caju, a Pol\u00edcia Militar [&hellip;]<\/p>\n","protected":false},"author":6557,"featured_media":0,"comment_status":"closed","ping_status":"closed","sticky":false,"template":"","format":"standard","meta":{"footnotes":""},"categories":[15,7],"tags":[539,40348,78,86,38976],"class_list":{"0":"post-139656","1":"post","2":"type-post","3":"status-publish","4":"format-standard","6":"category-destaques","7":"category-policia","8":"tag-corpo-de-bombeiros","9":"tag-planejamento-operacional","10":"tag-policia-civil","11":"tag-policia-militar","12":"tag-pre-caju-2023"},"_links":{"self":[{"href":"https:\/\/senoticias.com.br\/se\/wp-json\/wp\/v2\/posts\/139656"}],"collection":[{"href":"https:\/\/senoticias.com.br\/se\/wp-json\/wp\/v2\/posts"}],"about":[{"href":"https:\/\/senoticias.com.br\/se\/wp-json\/wp\/v2\/types\/post"}],"author":[{"embeddable":true,"href":"https:\/\/senoticias.com.br\/se\/wp-json\/wp\/v2\/users\/6557"}],"replies":[{"embeddable":true,"href":"https:\/\/senoticias.com.br\/se\/wp-json\/wp\/v2\/comments?post=139656"}],"version-history":[{"count":0,"href":"https:\/\/senoticias.com.br\/se\/wp-json\/wp\/v2\/posts\/139656\/revisions"}],"wp:attachment":[{"href":"https:\/\/senoticias.com.br\/se\/wp-json\/wp\/v2\/media?parent=139656"}],"wp:term":[{"taxonomy":"category","embeddable":true,"href":"https:\/\/senoticias.com.br\/se\/wp-json\/wp\/v2\/categories?post=139656"},{"taxonomy":"post_tag","embeddable":true,"href":"https:\/\/senoticias.com.br\/se\/wp-json\/wp\/v2\/tags?post=139656"}],"curies":[{"name":"wp","href":"https:\/\/api.w.org\/{rel}","templated":true}]}}