{"id":139654,"date":"2023-10-28T16:39:11","date_gmt":"2023-10-28T19:39:11","guid":{"rendered":"https:\/\/senoticias.com.br\/se\/?p=139654"},"modified":"2023-10-28T16:40:26","modified_gmt":"2023-10-28T19:40:26","slug":"rogerio-carvalho-defende-em-plenaria-do-pt-que-partido-tenha-candidatura-propria-em-aracaju-e-apoia-a-decisao-partidaria-de-ser-oposicao-ao-governo-do-estado","status":"publish","type":"post","link":"https:\/\/senoticias.com.br\/se\/rogerio-carvalho-defende-em-plenaria-do-pt-que-partido-tenha-candidatura-propria-em-aracaju-e-apoia-a-decisao-partidaria-de-ser-oposicao-ao-governo-do-estado\/","title":{"rendered":"Senador defende que partido tenha candidatura pr\u00f3pria em Aracaju e apoia a decis\u00e3o partid\u00e1ria de ser oposi\u00e7\u00e3o ao Governo do Estado"},"content":{"rendered":"\n<p>O senador Rog\u00e9rio Carvalho (PT\/SE) defendeu, neste s\u00e1bado, 28, que o Partido dos Trabalhadores tenha candidatura pr\u00f3pria na disputa eleitoral pela Prefeitura de Aracaju nas elei\u00e7\u00f5es de 2024. A afirma\u00e7\u00e3o foi feita durante a plen\u00e1ria do diret\u00f3rio da sigla realizada na capital sergipana, que reuniu os principais nomes na sede do partido.<\/p>\n\n\n\n<figure class=\"wp-block-image size-large\"><img loading=\"lazy\" decoding=\"async\" width=\"591\" height=\"443\" src=\"https:\/\/senoticias.com.br\/se\/wp-content\/uploads\/2023\/10\/Rogerio-Carvalho-SE-Noticias.jpg\" alt=\"\" class=\"wp-image-139655\" srcset=\"https:\/\/senoticias.com.br\/se\/wp-content\/uploads\/2023\/10\/Rogerio-Carvalho-SE-Noticias.jpg 591w, https:\/\/senoticias.com.br\/se\/wp-content\/uploads\/2023\/10\/Rogerio-Carvalho-SE-Noticias-300x225.jpg 300w, https:\/\/senoticias.com.br\/se\/wp-content\/uploads\/2023\/10\/Rogerio-Carvalho-SE-Noticias-45x35.jpg 45w\" sizes=\"(max-width: 591px) 100vw, 591px\" \/><figcaption>Rog\u00e9rio defendeu que o partido tenha chapa de vereadores e vereadoras com candidaturas pr\u00f3prias em todos os munic\u00edpios de Sergipe &#8211; Foto: Jana\u00edna Santos<\/figcaption><\/figure>\n\n\n\n<p>Durante o encontro, Carvalho foi enf\u00e1tico ao refor\u00e7ar que erra quem aposta na divis\u00e3o do PT. \u201cO PT n\u00e3o est\u00e1 dividido, o que existe s\u00e3o diverg\u00eancias pontuais que ser\u00e3o superadas no debate pol\u00edtico, \u00e0 medida que eventos como esta plen\u00e1ria de hoje forem acontecendo e incorporando os anseios da nossa milit\u00e2ncia\u201d, afirmou.<\/p>\n\n\n\n<p>Ele refor\u00e7ou que o nome que representar\u00e1 o partido na disputa eleitoral em Aracaju ainda n\u00e3o foi definido, por\u00e9m assegurou que o PT seguir\u00e1 firme na oposi\u00e7\u00e3o ao atual Governo do Estado, mantendo a \u201campla defesa dos trabalhadores e trabalhadoras, e de todos aqueles que t\u00eam sido desprezados pela gest\u00e3o atual\u201d.<\/p>\n\n\n\n<p>\u201cEste partido \u00e9 oposi\u00e7\u00e3o ao governo de F\u00e1bio Michidieri. Alguns dizem que n\u00f3s somos muito conservadores, anti-privatistas e ideol\u00f3gicos. N\u00e3o, essa n\u00e3o \u00e9 a quest\u00e3o. A quest\u00e3o \u00e9 que a funda\u00e7\u00e3o hospitalar e a educa\u00e7\u00e3o devem servir ao interesse p\u00fablico e \u00e0 sociedade, n\u00e3o para atender interesses econ\u00f4micos de quem controla essas \u00e1reas\u201d, acrescentou.<\/p>\n\n\n\n<p>Ainda de acordo com o senador, o momento atual \u00e9 de enfrentamento \u00e0s mazelas que t\u00eam ocorrido em Sergipe, e alertou a todos os presentes que \u00e9 preciso manter a coragem para continuar denunciando tudo o que vem acontecendo. \u201cQuem critica \u00e9 punido e perseguido, porque eles tentam calar a voz da milit\u00e2ncia e do contraponto dos setores organizados da sociedade civil. Mas n\u00f3s n\u00e3o podemos nos calar diante dessas atrocidades em Sergipe, pois o sil\u00eancio \u00e9 concord\u00e2ncia, a alian\u00e7a \u00e9 concord\u00e2ncia\u201d, disse.<\/p>\n\n\n\n<p>\u201cPortanto, somos oposi\u00e7\u00e3o, pois a juventude negra e pobre continua sendo massacrada, e a periferia de Sergipe, onde a maioria dos negros e pobres reside, est\u00e1 abandonada, sem perspectivas. Quando fazemos pesquisas, as pessoas est\u00e3o sem horizonte, esperan\u00e7a ou vontade de continuar lutando. Precisamos de um partido que possa ser um suporte para essas pessoas. Devemos representar algo porque temos nossa luta, e \u00e9 a luta de voc\u00eas\u201d, completou.<\/p>\n\n\n\n<p>\u201cNossa luta ser\u00e1 em unidade e concord\u00e2ncia com o povo\u201d<br>Carvalho tamb\u00e9m pontuou sobre a necessidade de manter a unidade em favor do povo, ressaltando que todos devem contribuir com o bem coletivo e com a mudan\u00e7a na realidade de vida dos sergipanos e sergipanas. \u201cNingu\u00e9m \u00e9 exclu\u00eddo, e aqueles que sabem mais contribuem com aqueles que sabem menos, porque, muitas vezes, aqueles que parecem saber menos s\u00e3o os mais experientes e orientam aqueles com mais teoria. Dessa forma, constru\u00edmos um processo civilizat\u00f3rio de amadurecimento da humanidade\u201d, disse.<\/p>\n\n\n\n<p>\u201cEnt\u00e3o, devemos retomar as causas que nos motivam e nossa s\u00edntese civilizat\u00f3ria, que \u00e9 a defesa da vida, inclus\u00e3o por meio de direitos e renda, defesa da democracia, liberdades individuais, multilateralismo, autodetermina\u00e7\u00e3o dos povos e cultura da paz e n\u00e3o viol\u00eancia\u201d, concluiu.<\/p>\n\n\n\n<p><strong><em>Acompanhe tamb\u00e9m o SE Not\u00edcias no\u00a0<a rel=\"noreferrer noopener\" href=\"https:\/\/twitter.com\/Senoticias\" target=\"_blank\">Twitter<\/a>,\u00a0<a rel=\"noreferrer noopener\" href=\"https:\/\/www.facebook.com\/senoticias1\" target=\"_blank\">Facebook<\/a>\u00a0e no\u00a0<a rel=\"noreferrer noopener\" href=\"https:\/\/www.instagram.com\/senoticias\/\" target=\"_blank\">Instagram<\/a><\/em><\/strong><\/p>\n\n\n\n<p><em>Da Assessoria de Comunica\u00e7\u00e3o<\/em><\/p>\n","protected":false},"excerpt":{"rendered":"<p>O senador Rog\u00e9rio Carvalho (PT\/SE) defendeu, neste s\u00e1bado, 28, que o Partido dos Trabalhadores tenha candidatura pr\u00f3pria na disputa eleitoral pela Prefeitura de Aracaju nas elei\u00e7\u00f5es de 2024. A afirma\u00e7\u00e3o foi feita durante a plen\u00e1ria do diret\u00f3rio da sigla realizada na capital sergipana, que reuniu os principais nomes na sede do partido. Durante o encontro, [&hellip;]<\/p>\n","protected":false},"author":6557,"featured_media":0,"comment_status":"closed","ping_status":"closed","sticky":false,"template":"","format":"standard","meta":{"footnotes":""},"categories":[15,6],"tags":[40346,40347,40345,4677,3461,12855],"class_list":{"0":"post-139654","1":"post","2":"type-post","3":"status-publish","4":"format-standard","6":"category-destaques","7":"category-politica","8":"tag-candidatura-propria-em-aracaju","9":"tag-oposicao-ao-governo-do-estado","10":"tag-plenaria-do-pt","11":"tag-pt","12":"tag-rogerio-carvalho","13":"tag-senador-rogerio-carvalho"},"_links":{"self":[{"href":"https:\/\/senoticias.com.br\/se\/wp-json\/wp\/v2\/posts\/139654"}],"collection":[{"href":"https:\/\/senoticias.com.br\/se\/wp-json\/wp\/v2\/posts"}],"about":[{"href":"https:\/\/senoticias.com.br\/se\/wp-json\/wp\/v2\/types\/post"}],"author":[{"embeddable":true,"href":"https:\/\/senoticias.com.br\/se\/wp-json\/wp\/v2\/users\/6557"}],"replies":[{"embeddable":true,"href":"https:\/\/senoticias.com.br\/se\/wp-json\/wp\/v2\/comments?post=139654"}],"version-history":[{"count":0,"href":"https:\/\/senoticias.com.br\/se\/wp-json\/wp\/v2\/posts\/139654\/revisions"}],"wp:attachment":[{"href":"https:\/\/senoticias.com.br\/se\/wp-json\/wp\/v2\/media?parent=139654"}],"wp:term":[{"taxonomy":"category","embeddable":true,"href":"https:\/\/senoticias.com.br\/se\/wp-json\/wp\/v2\/categories?post=139654"},{"taxonomy":"post_tag","embeddable":true,"href":"https:\/\/senoticias.com.br\/se\/wp-json\/wp\/v2\/tags?post=139654"}],"curies":[{"name":"wp","href":"https:\/\/api.w.org\/{rel}","templated":true}]}}