{"id":139626,"date":"2023-10-26T09:59:03","date_gmt":"2023-10-26T12:59:03","guid":{"rendered":"https:\/\/senoticias.com.br\/se\/?p=139626"},"modified":"2023-10-26T14:51:08","modified_gmt":"2023-10-26T17:51:08","slug":"pre-caju-2023-acontece-de-3-a-5-de-novembro-na-orla-da-atalaia","status":"publish","type":"post","link":"https:\/\/senoticias.com.br\/se\/pre-caju-2023-acontece-de-3-a-5-de-novembro-na-orla-da-atalaia\/","title":{"rendered":"Pr\u00e9-Caju 2023 acontece de 3 a 5 de novembro na Orla da Atalaia"},"content":{"rendered":"\n<p>Aracaju est\u00e1 em contagem regressiva para o Pr\u00e9-Caju 2023. A Avenida Santos Dumont (Orla de Atalaia), local onde acontece o desfile de blocos e trios el\u00e9tricos da maior pr\u00e9via carnavalesca do Brasil j\u00e1 est\u00e1 com a cara da folia, que este ano completa 25 anos e ser\u00e1 realizada nos dias 28 e 29 de outubro e de 3 a 5 de novembro. Nesta semana, ser\u00e1 entregue a estrutura do Camarote Aju, que contar\u00e1 com diversos servi\u00e7os e onde ocorrer\u00e3o shows musicais.<\/p>\n\n\n\n<p>Durante os dias de festas, grandes atra\u00e7\u00f5es do ax\u00e9 music, sertanejo e m\u00fasica eletr\u00f4nica v\u00e3o garantir a alegria de turistas e sergipanos, que curtir\u00e3o a festa na pipoca, em blocos e no Camarote Aju. Confira a programa\u00e7\u00e3o do Pr\u00e9-Caju 2023:<\/p>\n\n\n\n<figure class=\"wp-block-image size-large\"><img loading=\"lazy\" decoding=\"async\" width=\"599\" height=\"375\" src=\"https:\/\/senoticias.com.br\/se\/wp-content\/uploads\/2023\/10\/WhatsApp-Image-2023-10-26-at-09.52.13-e1698324789768.jpeg\" alt=\"\" class=\"wp-image-139627\"\/><figcaption> Bell Marques ser\u00e1 uma das atra\u00e7\u00f5es\u2014 Foto: F\u00e1bio Cunha\/Ascom<\/figcaption><\/figure>\n\n\n\n<p><strong>PROGRAMA\u00c7\u00c3O PR\u00c9-CAJU 2023<\/strong><\/p>\n\n\n\n<p><strong>S\u00e1bado (28\/10)<\/strong><\/p>\n\n\n\n<p>Feijoada do Pr\u00e9-Caju<\/p>\n\n\n\n<p>12h \u2013 Filhos da Bahia, Cheiro de Amor, Nona, Cajurioca e DJs<br>BLOCOS<\/p>\n\n\n\n<p><strong>Domingo (29\/10)<\/strong><\/p>\n\n\n\n<p>Pr\u00e9-Caju Kids Indoor<br>15h \u2013 Cheiro Kids, Palha\u00e7o Soneca, Mundo Bita, MC Divertida e Thiago Sol<\/p>\n\n\n\n<p><strong>S\u00e1bado (04\/11)<\/strong><\/p>\n\n\n\n<p>14h \u2013 \u00d4 Baiuno (Saulo)<br>15h \u2013 Vumbora (Bell Marques)<br>16h \u2013 Village (Ivete Sangalo)<br>17h \u2013 Vem com o Gigante (L\u00e9o Santana)<br>18h \u2013 Cajuranas (Chicabana)<br>19h \u2013 Liene Show e Luanzinho (Trio da FM Sergipe) pipoca<\/p>\n\n\n\n<p><strong>Domingo (05\/11)<\/strong><\/p>\n\n\n\n<p>14h \u2013 Vumbora (Bell Marques)<br>15h \u2013 Largadinho (Cl\u00e1udia Leitte)<br>16h \u2013 Daquele Jeito (Xandy Harmonia)<br>17h \u2013 Caranguejo El\u00e9trico (Luiz Caldas)<br>18h \u2013 Frissura (Tomate)<br>19h \u2013 Pipoca (Cid Natureza)<\/p>\n\n\n\n<p><strong>CAMAROTE AJU<\/strong><\/p>\n\n\n\n<p><strong>Sexta-feira (03\/11) \u2013<\/strong> a partir das 19 horas<\/p>\n\n\n\n<p>20h \u2013 Priscila Caroline<br>21h \u2013 Pedro Perdiz<br>22h \u2013 Durval Lelis<br>00h \u2013 Pedro Sampaio<br>02h \u2013 Timbalada<\/p>\n\n\n\n<p><strong>S\u00e1bado (04\/11) \u2013 a partir das 17 horas<\/strong><\/p>\n\n\n\n<p>18h \u2013 Maysa Reis<br>20h \u2013 Alexandre Peixe<br>22h \u2013 \u00c9 o Tchan<br>00h \u2013 Mateus Fernandes<br>02h \u2013 Parangol\u00e9<\/p>\n\n\n\n<p><strong>Domingo (05\/11) \u2013 a partir das 17 horas<\/strong><\/p>\n\n\n\n<p>18h \u2013 Quinto Round<br>20h \u2013 Rafa &amp; Pipo Marques<br>22h \u2013 DJ Dennis<br>23h \u2013 Matheus e Kauan<\/p>\n\n\n\n<p><strong><em>Acompanhe tamb\u00e9m o SE Not\u00edcias no\u00a0<a rel=\"noreferrer noopener\" href=\"https:\/\/twitter.com\/Senoticias\" target=\"_blank\">Twitter<\/a>,\u00a0<a rel=\"noreferrer noopener\" href=\"https:\/\/www.facebook.com\/senoticias1\" target=\"_blank\">Facebook<\/a>\u00a0e no\u00a0<a rel=\"noreferrer noopener\" href=\"https:\/\/www.instagram.com\/senoticias\/\" target=\"_blank\">Instagram<\/a><\/em><\/strong><\/p>\n\n\n\n<p><a href=\"Fonte: Assessoria de Imprensa\">Fonte: G1 SE<\/a><\/p>\n","protected":false},"excerpt":{"rendered":"<p>Aracaju est\u00e1 em contagem regressiva para o Pr\u00e9-Caju 2023. A Avenida Santos Dumont (Orla de Atalaia), local onde acontece o desfile de blocos e trios el\u00e9tricos da maior pr\u00e9via carnavalesca do Brasil j\u00e1 est\u00e1 com a cara da folia, que este ano completa 25 anos e ser\u00e1 realizada nos dias 28 e 29 de outubro [&hellip;]<\/p>\n","protected":false},"author":6557,"featured_media":0,"comment_status":"closed","ping_status":"closed","sticky":false,"template":"","format":"standard","meta":{"footnotes":""},"categories":[15,21],"tags":[11289,40336,4312,37474,38976],"class_list":{"0":"post-139626","1":"post","2":"type-post","3":"status-publish","4":"format-standard","6":"category-destaques","7":"category-entretenimento","8":"tag-bell-marques","9":"tag-carnaval-fora-de-epoca","10":"tag-orla-de-atalaia","11":"tag-pre-caju-2","12":"tag-pre-caju-2023"},"_links":{"self":[{"href":"https:\/\/senoticias.com.br\/se\/wp-json\/wp\/v2\/posts\/139626"}],"collection":[{"href":"https:\/\/senoticias.com.br\/se\/wp-json\/wp\/v2\/posts"}],"about":[{"href":"https:\/\/senoticias.com.br\/se\/wp-json\/wp\/v2\/types\/post"}],"author":[{"embeddable":true,"href":"https:\/\/senoticias.com.br\/se\/wp-json\/wp\/v2\/users\/6557"}],"replies":[{"embeddable":true,"href":"https:\/\/senoticias.com.br\/se\/wp-json\/wp\/v2\/comments?post=139626"}],"version-history":[{"count":0,"href":"https:\/\/senoticias.com.br\/se\/wp-json\/wp\/v2\/posts\/139626\/revisions"}],"wp:attachment":[{"href":"https:\/\/senoticias.com.br\/se\/wp-json\/wp\/v2\/media?parent=139626"}],"wp:term":[{"taxonomy":"category","embeddable":true,"href":"https:\/\/senoticias.com.br\/se\/wp-json\/wp\/v2\/categories?post=139626"},{"taxonomy":"post_tag","embeddable":true,"href":"https:\/\/senoticias.com.br\/se\/wp-json\/wp\/v2\/tags?post=139626"}],"curies":[{"name":"wp","href":"https:\/\/api.w.org\/{rel}","templated":true}]}}