{"id":139624,"date":"2023-10-26T09:38:49","date_gmt":"2023-10-26T12:38:49","guid":{"rendered":"https:\/\/senoticias.com.br\/se\/?p=139624"},"modified":"2023-10-26T09:39:01","modified_gmt":"2023-10-26T12:39:01","slug":"nova-carteira-de-identidade-chega-em-novembro-e-obrigatorio-trocar","status":"publish","type":"post","link":"https:\/\/senoticias.com.br\/se\/nova-carteira-de-identidade-chega-em-novembro-e-obrigatorio-trocar\/","title":{"rendered":"Nova carteira de identidade chega em novembro: \u00e9 obrigat\u00f3rio trocar?"},"content":{"rendered":"\n<p>A expedi\u00e7\u00e3o da nova Carteira de Identidade Nacional (CIN) est\u00e1 pr\u00f3xima da data e deve acontecer em Minas sem prorroga\u00e7\u00e3o, como afirma a Pol\u00edcia Civil de Minas Gerais (PCMG). Segundo o decreto 11.429\/2023, a nova identidade deve ser implementada at\u00e9 o dia 6 de novembro em todos os estados brasileiros. A PCMG informa que a expedi\u00e7\u00e3o j\u00e1 se encontra em fase de implementa\u00e7\u00e3o no estado mineiro.<\/p>\n\n\n\n<figure class=\"wp-block-image size-large\"><img loading=\"lazy\" decoding=\"async\" width=\"599\" height=\"359\" src=\"https:\/\/senoticias.com.br\/se\/wp-content\/uploads\/2023\/10\/WhatsApp-Image-2023-10-26-at-08.35.19-1-e1698323867144.jpeg\" alt=\"\" class=\"wp-image-139625\"\/><figcaption>Nova carteira de identidade come\u00e7ar\u00e1 a ser emitida em Minas a partir de 6 de novembro &#8211; IGP-RS\/Divulga\u00e7\u00e3o<\/figcaption><\/figure>\n\n\n\n<p>\u201cTemos plenas condi\u00e7\u00f5es de efetuar o atendimento \u00e0 popula\u00e7\u00e3o com a nova expedi\u00e7\u00e3o da CIN, de maneira ampla. Para conclus\u00e3o do processo e in\u00edcio das emiss\u00f5es das novas carteiras, \u00e9 necess\u00e1rio adequa\u00e7\u00f5es de sistemas, que envolvem \u00f3rg\u00e3os federais. A PCMG trabalha firmemente para solucionar tais pend\u00eancias sist\u00eamicas junto aos envolvidos\u201d, afirmam.<\/p>\n\n\n\n<p>De acordo com o Minist\u00e9rio da Gest\u00e3o e da Inova\u00e7\u00e3o em Servi\u00e7os P\u00fablicos (MGI), a CIN est\u00e1 apta a ser emitida em 12 estados brasileiros: Acre, Alagoas, Amazonas, Goi\u00e1s, Mato Grosso, Minas Gerais, Pernambuco, Piau\u00ed, Paran\u00e1, Rio de Janeiro, Rio Grande do Sul e Santa Catarina.<\/p>\n\n\n\n<p><strong>Quais s\u00e3o as mudan\u00e7as?<\/strong><\/p>\n\n\n\n<p>O MGI anunciou que a nova carteira de identidade ter\u00e1 mudan\u00e7as no layout, para tornar o documento mais inclusivo e representativo. O novo documento vai ser impresso sem o campo referente ao sexo e constar\u00e1 apenas NOME (o qual a pessoa declara no ato da emiss\u00e3o), n\u00e3o havendo mais a distin\u00e7\u00e3o entre nome social e nome do registro civil.<\/p>\n\n\n\n<p>O Registro Geral (RG) ser\u00e1 retirado do novo documento, ficando o Cadastro de Pessoas F\u00edsicas (CPF) como identifica\u00e7\u00e3o \u00fanica. \u201cCom a nova identidade, a probabilidade de fraudes \u00e9 menor, visto que antes era poss\u00edvel que a mesma pessoa tivesse um n\u00famero de RG por estado, al\u00e9m do CPF\u201d, aponta o MGI.<\/p>\n\n\n\n<p>A nova carteira apresenta ainda um QR Code, que permite verificar sua autenticidade do documento, bem como saber se foi furtado ou extraviado, por meio de qualquer smartphone. Conta ainda com um c\u00f3digo de padr\u00e3o internacional chamado MRZ, o mesmo utilizado em passaportes, o que o torna ainda um documento de viagem.<\/p>\n\n\n\n<p><strong>\u00c9 obrigado trocar?<\/strong><\/p>\n\n\n\n<p>Sim, mas sem pressa, porque os documentos de identidade antigos ser\u00e3o v\u00e1lidos at\u00e9 28 de fevereiro de 2032. Ent\u00e3o a popula\u00e7\u00e3o ter\u00e1 tempo at\u00e9 ser obrigado a se adequar ao novo modelo.<\/p>\n\n\n\n<p><strong>Prazo de validade<\/strong><\/p>\n\n\n\n<p>O prazo de validade do novo documento varia conforme a idade da pessoa:<\/p>\n\n\n\n<p>0 a 12 anos \u2013 validade de 5 anos.<br>12 a 60 anos \u2013 validade de 10 anos.<br>Acima de 60 anos \u2013 validade indeterminada.<\/p>\n\n\n\n<p><strong>Como emitir a nova carteira de identidade?<\/strong><\/p>\n\n\n\n<p>Para solicitar a emiss\u00e3o da carteira de identidade, \u00e9 necess\u00e1rio realizar o agendamento por meio do site do Governo de Minas ou por aplicativo de celular, ou tablet. Posteriormente, o requerente deve se dirigir aos Postos de Identifica\u00e7\u00e3o da Pol\u00edcia Civil portando os documentos necess\u00e1rios. No mesmo site \u00e9 poss\u00edvel acessar os endere\u00e7os e hor\u00e1rios de funcionamento de todos os postos do estado.<\/p>\n\n\n\n<p>A Pol\u00edcia Civil disponibiliza a carteira de identidade nos formatos f\u00edsico e digital. A partir do documento impresso (f\u00edsico), \u00e9 poss\u00edvel gerar a vers\u00e3o digital via aplicativo RG Digital MG (RG Minas Gerais), dispon\u00edvel nos sistemas Android e IOS. O app tamb\u00e9m possibilita a valida\u00e7\u00e3o do documento atrav\u00e9s do QR Code existente na carteira de identidade f\u00edsica.<\/p>\n\n\n\n<p><strong>Quais documentos levar?<\/strong><\/p>\n\n\n\n<p>Certid\u00e3o de nascimento e casamento, sendo original ou c\u00f3pia autenticada em cart\u00f3rio de notas, leg\u00edvel, sem rasgos, emendas ou rasuras que comprometam a originalidade do documento. N\u00e3o \u00e9 mais necess\u00e1rio levar fotos 3&#215;4, j\u00e1 que a fotografia ser\u00e1 tirada no momento do atendimento.<\/p>\n\n\n\n<p><strong>Quanto vai custar?<\/strong><\/p>\n\n\n\n<p>A primeira emiss\u00e3o da carteira de identidade no estado \u00e9 gratuita.<\/p>\n\n\n\n<p><strong>A isen\u00e7\u00e3o da taxa acontece nos seguintes casos:<\/strong><\/p>\n\n\n\n<p>Furto e roubo, mediante apresenta\u00e7\u00e3o do Boletim de Ocorr\u00eancia, dentro do prazo m\u00e1ximo de 60 dias da data do fato.<\/p>\n\n\n\n<p>Cidad\u00e3o hipossuficiente, desde que apresente a folha resumo emitida pelo Centro de Refer\u00eancia de Assist\u00eancia Social (Cras) ou o comprovante de inscri\u00e7\u00e3o no Cad\u00danico, obtido pela internet, sendo em ambos os casos observada a faixa de renda, e ainda pode ser apresentado comprovante de qualquer benef\u00edcio social em nome do requerente.<\/p>\n\n\n\n<p><strong>Quanto tempo demora para ficar pronta?<\/strong><\/p>\n\n\n\n<p>O prazo para emiss\u00e3o e entrega do documento \u00e9 de at\u00e9 sete dias \u00fateis. Elas ser\u00e3o entregues pelos Correios no endere\u00e7o informado pelo cidad\u00e3o no momento do atendimento no Posto de Identifica\u00e7\u00e3o.<\/p>\n\n\n\n<p>Para as demais vias da carteira de identidade \u00e9 cobrado o valor de R$ 100,74. O requerente dever\u00e1 recolher a taxa de seguran\u00e7a p\u00fablica por meio do Documento de Arrecada\u00e7\u00e3o Estadual (DAE).<\/p>\n\n\n\n<p><strong><em>Acompanhe tamb\u00e9m o SE Not\u00edcias no&nbsp;<a rel=\"noreferrer noopener\" href=\"https:\/\/twitter.com\/Senoticias\" target=\"_blank\">Twitter<\/a>,&nbsp;<a rel=\"noreferrer noopener\" href=\"https:\/\/www.facebook.com\/senoticias1\" target=\"_blank\">Facebook<\/a>&nbsp;e no&nbsp;<a rel=\"noreferrer noopener\" href=\"https:\/\/www.instagram.com\/senoticias\/\" target=\"_blank\">Instagram<\/a><\/em><\/strong><\/p>\n\n\n\n<p>Fonte: Ag\u00eancia Brasil<\/p>\n","protected":false},"excerpt":{"rendered":"<p>A expedi\u00e7\u00e3o da nova Carteira de Identidade Nacional (CIN) est\u00e1 pr\u00f3xima da data e deve acontecer em Minas sem prorroga\u00e7\u00e3o, como afirma a Pol\u00edcia Civil de Minas Gerais (PCMG). Segundo o decreto 11.429\/2023, a nova identidade deve ser implementada at\u00e9 o dia 6 de novembro em todos os estados brasileiros. A PCMG informa que a [&hellip;]<\/p>\n","protected":false},"author":6557,"featured_media":0,"comment_status":"closed","ping_status":"closed","sticky":false,"template":"","format":"standard","meta":{"footnotes":""},"categories":[15,2961],"tags":[40335,15455],"class_list":{"0":"post-139624","1":"post","2":"type-post","3":"status-publish","4":"format-standard","6":"category-destaques","7":"category-nacional","8":"tag-cin","9":"tag-nova-carteira-de-identidade"},"_links":{"self":[{"href":"https:\/\/senoticias.com.br\/se\/wp-json\/wp\/v2\/posts\/139624"}],"collection":[{"href":"https:\/\/senoticias.com.br\/se\/wp-json\/wp\/v2\/posts"}],"about":[{"href":"https:\/\/senoticias.com.br\/se\/wp-json\/wp\/v2\/types\/post"}],"author":[{"embeddable":true,"href":"https:\/\/senoticias.com.br\/se\/wp-json\/wp\/v2\/users\/6557"}],"replies":[{"embeddable":true,"href":"https:\/\/senoticias.com.br\/se\/wp-json\/wp\/v2\/comments?post=139624"}],"version-history":[{"count":0,"href":"https:\/\/senoticias.com.br\/se\/wp-json\/wp\/v2\/posts\/139624\/revisions"}],"wp:attachment":[{"href":"https:\/\/senoticias.com.br\/se\/wp-json\/wp\/v2\/media?parent=139624"}],"wp:term":[{"taxonomy":"category","embeddable":true,"href":"https:\/\/senoticias.com.br\/se\/wp-json\/wp\/v2\/categories?post=139624"},{"taxonomy":"post_tag","embeddable":true,"href":"https:\/\/senoticias.com.br\/se\/wp-json\/wp\/v2\/tags?post=139624"}],"curies":[{"name":"wp","href":"https:\/\/api.w.org\/{rel}","templated":true}]}}